{"id":1160090,"date":"2026-09-01T00:17:28","date_gmt":"2026-09-01T00:17:28","guid":{"rendered":"https:\/\/www.europesays.com\/fr\/1160090\/"},"modified":"2026-09-01T00:17:28","modified_gmt":"2026-09-01T00:17:28","slug":"jai-ete-maman-extremement-jeune-jenifer-se-confie-avec-tendresse-sur-ses-trois-garcons-aux-ages-tres-differents","status":"publish","type":"post","link":"https:\/\/www.europesays.com\/fr\/1160090\/","title":{"rendered":"\u00ab\u00a0J\u2019ai \u00e9t\u00e9 maman extr\u00eamement jeune\u00a0\u00bb : Jenifer se confie avec tendresse sur ses trois gar\u00e7ons aux \u00e2ges tr\u00e8s diff\u00e9rents"},"content":{"rendered":"<p class=\"ap-StoryElement ap-StoryElement--mb ap-StoryText\">\u00ab\u00a0J&rsquo;ai \u00e9t\u00e9 maman extr\u00eamement jeune. C&rsquo;\u00e9tait un choix tr\u00e8s r\u00e9fl\u00e9chi malgr\u00e9 tout. J&rsquo;ai eu l&rsquo;appel de la famille. Je l&rsquo;ai eu tr\u00e8s t\u00f4t. Ma priorit\u00e9 a tout de suite \u00e9t\u00e9 ailleurs\u00a0\u00bb, a-t-elle r\u00e9v\u00e9l\u00e9 \u00e0 son interlocutrice et amie Isabelle Ithurburu. Apr\u00e8s sa s\u00e9paration avec Maxime Nucci en 2008, Jenifer retrouve l&rsquo;amour dans les bras de l&rsquo;acteur Thierry Neuvic, avec qui elle accueille un deuxi\u00e8me fils, Joseph, en 2014. Leur histoire ne durera pas et, en 2019, la chanteuse \u00e9pouse Ambroise Fieschi, avec qui elle aura un troisi\u00e8me gar\u00e7on, Juvanni, en 2021. \u00ab\u00a0Mes enfants, c&rsquo;est mon tout. C&rsquo;est mon m\u00e2t\u00a0\u00bb, a-t-elle d\u00e9clar\u00e9 avec tendresse. Cette grande diff\u00e9rence d&rsquo;\u00e2ge entre ses trois gar\u00e7ons, Jenifer le voit comme un avantage, notamment en tant que parent. \u00ab\u00a0Il est cuit. C&rsquo;est-\u00e0-dire que je connais tous les rouages. Et le dernier, n&rsquo;en parlons pas !\u00a0\u00bb, plaisante-t-elle en parlant de son fils Joseph.<\/p>\n<p><a href=\"https:\/\/www.parismatch.be\/culture\/musique\/2026\/06\/09\/jenifer-annonce-le-theme-de-son-prochain-album-ses-fans-ne-cachent-pas-leur-deception-je-ne-comprends-pas-ce-choix-YAAXI3ELGVAKDFDOMIKTYKNMSI\/\" target=\"_self\" class=\"ap-StoryInterstitialLink ap-StoryElement ap-StoryElement--mb\" rel=\"nofollow noopener\">Jenifer annonce le th\u00e8me de son prochain album, ses fans ne cachent pas leur d\u00e9ception : \u00ab\u00a0Je ne comprends pas ce choix\u00a0\u00bb<\/a><\/p>\n<p class=\"ap-StoryElement ap-StoryElement--mb ap-StoryText\">Comme toutes les mamans, la chanteuse de 43 ans a un quotidien bien rempli, mais elle fait son possible pour rester une \u00ab\u00a0maman pr\u00e9sente\u00a0\u00bb et veiller sur chacun de ses fils. \u00ab\u00a0Je voudrais qu&rsquo;ils ne connaissent jamais le chagrin, qu&rsquo;ils soient heureux\u00a0\u00bb, a-t-elle confi\u00e9 dans le portrait diffus\u00e9 sur TF1. Elle le sait pourtant, certaines \u00e9preuves sont \u00ab\u00a0incontournables\u00a0\u00bb et les \u00ab\u00a0forgeront\u00a0\u00bb. Mais quoi qu&rsquo;il arrive, leur maman ne sera jamais bien loin. \u00ab\u00a0Je serai toujours l\u00e0.\u00a0\u00bb Des confidences qui ont touch\u00e9 son amie Isabelle Ithurburu.<\/p>\n<p>Jenifer et Isabelle Ithurburu, des amies proches unies par la famille<\/p>\n<p class=\"ap-StoryElement ap-StoryElement--mb ap-StoryText\">La complicit\u00e9 entre Jenifer et Isabelle Ithurburu est \u00e9vidente, et pour cause, les deux femmes se connaissent tr\u00e8s bien. Depuis plus de dix ans, la journaliste de 43 ans partage la vie de Maxime Nucci, l&rsquo;ex-compagnon de Jenifer et le p\u00e8re de son fils a\u00een\u00e9. La pr\u00e9sentatrice de \u00ab\u00a050&rsquo;Inside\u00a0\u00bb est ainsi devenue la belle-m\u00e8re d&rsquo;Aaron, avant d&rsquo;accueillir avec son papa une petite fille, Mia, n\u00e9e en 2018. Depuis, Maxime Nucci, d\u00e9sormais connu dans le milieu artistique sous le nom de Yodelice, et Jenifer ont eu l&rsquo;occasion de retravailler ensemble et entretiennent de bonnes relations.<\/p>\n<p><a href=\"https:\/\/www.parismatch.be\/actualites\/people\/2025\/04\/19\/jenifer-se-confie-sur-sa-vie-de-maman-mes-enfants-ne-manquent-jamais-damour-JCWEBR577RHLVP53ZAC7KZKDWU\/\" target=\"_self\" class=\"ap-StoryInterstitialLink ap-StoryElement ap-StoryElement--mb\" rel=\"nofollow noopener\">Jenifer se confie sur sa vie de maman : \u00ab\u00a0Mes enfants ne manquent jamais d&rsquo;amour\u00a0\u00bb<\/a><\/p>\n<p class=\"ap-StoryElement ap-StoryElement--mb ap-StoryText\">Comme <a href=\"https:\/\/www.parismatch.be\/actualites\/people\/2019\/05\/09\/jenifer-jadore-recevoir-des-bricolages-faits-main-de-mes-fils-RVYGLNBDCNGPNHURARQOH7TESI\/\" target=\"_self\" rel=\"nofollow noopener\">Jenifer<\/a> le confiait en 2024 \u00e0 nos confr\u00e8res du Parisien, cette famille recompos\u00e9e fonctionne \u00e0 merveille. \u00ab\u00a0Il est venu \u00e0 mon dernier concert au Cabaret sauvage, \u00e0 Paris, avec son \u00e9pouse et mes ex-beaux-parents. On s&rsquo;entend tous tr\u00e8s bien.\u00a0\u00bb Les repas de famille doivent \u00eatre anim\u00e9s !<\/p>\n","protected":false},"excerpt":{"rendered":"\u00ab\u00a0J&rsquo;ai \u00e9t\u00e9 maman extr\u00eamement jeune. C&rsquo;\u00e9tait un choix tr\u00e8s r\u00e9fl\u00e9chi malgr\u00e9 tout. J&rsquo;ai eu l&rsquo;appel de la famille.&hellip;\n","protected":false},"author":2,"featured_media":1160091,"comment_status":"","ping_status":"","sticky":false,"template":"","format":"standard","meta":{"footnotes":"","_share_on_mastodon":"0"},"categories":[1355],"tags":[58,1719,59,1742,1011,27,3284,3913,7629,1361,873,5095],"class_list":["post-1160090","post","type-post","status-publish","format-standard","has-post-thumbnail","category-musique","tag-divertissement","tag-enfants","tag-entertainment","tag-fils","tag-fr","tag-france","tag-jenifer","tag-jeune","tag-maman","tag-music","tag-musique","tag-star-academy"],"share_on_mastodon":{"url":"https:\/\/pubeurope.com\/@fr\/117192913688057586","error":""},"_links":{"self":[{"href":"https:\/\/www.europesays.com\/fr\/wp-json\/wp\/v2\/posts\/1160090","targetHints":{"allow":["GET"]}}],"collection":[{"href":"https:\/\/www.europesays.com\/fr\/wp-json\/wp\/v2\/posts"}],"about":[{"href":"https:\/\/www.europesays.com\/fr\/wp-json\/wp\/v2\/types\/post"}],"author":[{"embeddable":true,"href":"https:\/\/www.europesays.com\/fr\/wp-json\/wp\/v2\/users\/2"}],"replies":[{"embeddable":true,"href":"https:\/\/www.europesays.com\/fr\/wp-json\/wp\/v2\/comments?post=1160090"}],"version-history":[{"count":0,"href":"https:\/\/www.europesays.com\/fr\/wp-json\/wp\/v2\/posts\/1160090\/revisions"}],"wp:featuredmedia":[{"embeddable":true,"href":"https:\/\/www.europesays.com\/fr\/wp-json\/wp\/v2\/media\/1160091"}],"wp:attachment":[{"href":"https:\/\/www.europesays.com\/fr\/wp-json\/wp\/v2\/media?parent=1160090"}],"wp:term":[{"taxonomy":"category","embeddable":true,"href":"https:\/\/www.europesays.com\/fr\/wp-json\/wp\/v2\/categories?post=1160090"},{"taxonomy":"post_tag","embeddable":true,"href":"https:\/\/www.europesays.com\/fr\/wp-json\/wp\/v2\/tags?post=1160090"}],"curies":[{"name":"wp","href":"https:\/\/api.w.org\/{rel}","templated":true}]}}