{"id":1160127,"date":"2026-09-01T00:40:36","date_gmt":"2026-09-01T00:40:36","guid":{"rendered":"https:\/\/www.europesays.com\/fr\/1160127\/"},"modified":"2026-09-01T00:40:36","modified_gmt":"2026-09-01T00:40:36","slug":"une-voiture-prend-feu-sur-la48-en-direction-de-grenoble-dimportants-ralentissements-sur-lautoroute","status":"publish","type":"post","link":"https:\/\/www.europesays.com\/fr\/1160127\/","title":{"rendered":"Une voiture prend feu sur l&rsquo;A48 en direction de Grenoble, d&rsquo;importants ralentissements sur l&rsquo;autoroute"},"content":{"rendered":"<p>                    Par<br \/>\n        <strong><br \/>\n            <a href=\"https:\/\/actu.fr\/auteur\/lisa-rodrigues\" title=\"Consulter tous les articles de Lisa Rodrigues\" rel=\"nofollow noopener\" target=\"_blank\">Lisa Rodrigues<\/a><br \/>\n                    <\/strong><\/p>\n<p>        Publi\u00e9 le<\/p>\n<p>            31 ao\u00fbt 2026 \u00e0 9h24        <\/p>\n<p>D\u2019importantes difficult\u00e9s de circulation sont constat\u00e9es sur l\u2019A48 en direction de <a href=\"https:\/\/actu.fr\/auvergne-rhone-alpes\/grenoble_38185\" rel=\"nofollow noopener\" target=\"_blank\">Grenoble<\/a>, lundi 31 ao\u00fbt au matin. Une voiture a pris feu <strong>au niveau de la commune de Saint-\u00c9gr\u00e8ve<\/strong>, un peu apr\u00e8s le p\u00e9age de Voreppe.<\/p>\n<p>Forts ralentissements sur le secteur<\/p>\n<p class=\" wall-content\">Le sinistre n\u2019est que mat\u00e9riel, <strong>aucun bless\u00e9 n\u2019est \u00e0 d\u00e9plorer<\/strong>. \u00c0 9h10, l\u2019incendie \u00e9tait ma\u00eetris\u00e9 et l\u2019intervention \u00e9tait termin\u00e9e, mais la voie de droite reste neutralis\u00e9e, selon Autoroute Info.<\/p>\n<p class=\" wall-content\">Il faut encore compter un ralentissement de 3 km environ, et une vingtaine de minutes pour traverser le secteur jusqu\u2019\u00e0 l\u2019entr\u00e9e de l\u2019agglom\u00e9ration grenobloise.\u00a0<\/p>\n<p class=\" wall-content\">Personnalisez votre actualit\u00e9 en ajoutant vos villes et m\u00e9dias en favori avec <a href=\"https:\/\/moncompte.actu.fr\" title=\"D\u00e9couvez Mon Actu\" rel=\"nofollow noopener\" data-trk=\"{&quot;cta&quot;:{&quot;action&quot;:&quot;https:\\\/\\\/moncompte.actu.fr&quot;,&quot;category&quot;:&quot;mon compte&quot;,&quot;from&quot;:&quot;article footer&quot;,&quot;name&quot;:&quot;Mon actu&quot;,&quot;type&quot;:&quot;cta&quot;}}\" target=\"_blank\">Mon Actu<\/a>.<\/p>\n","protected":false},"excerpt":{"rendered":"Par Lisa Rodrigues Publi\u00e9 le 31 ao\u00fbt 2026 \u00e0 9h24 D\u2019importantes difficult\u00e9s de circulation sont constat\u00e9es sur l\u2019A48&hellip;\n","protected":false},"author":2,"featured_media":1160128,"comment_status":"","ping_status":"","sticky":false,"template":"","format":"standard","meta":{"footnotes":"","_share_on_mastodon":"0"},"categories":[9566],"tags":[1111,11,103721,2430,3542,1777,674,118,1011,27,2731,1310,12,25],"class_list":["post-1160127","post","type-post","status-publish","format-standard","has-post-thumbnail","category-grenoble","tag-actu","tag-actualites","tag-autoroute-48-a48","tag-auvergne-rhone-alpes","tag-circulation","tag-eu","tag-europe","tag-faits-divers","tag-fr","tag-france","tag-grenoble","tag-incendie","tag-news","tag-republique-francaise"],"share_on_mastodon":{"url":"https:\/\/pubeurope.com\/@fr\/117193003956567452","error":""},"_links":{"self":[{"href":"https:\/\/www.europesays.com\/fr\/wp-json\/wp\/v2\/posts\/1160127","targetHints":{"allow":["GET"]}}],"collection":[{"href":"https:\/\/www.europesays.com\/fr\/wp-json\/wp\/v2\/posts"}],"about":[{"href":"https:\/\/www.europesays.com\/fr\/wp-json\/wp\/v2\/types\/post"}],"author":[{"embeddable":true,"href":"https:\/\/www.europesays.com\/fr\/wp-json\/wp\/v2\/users\/2"}],"replies":[{"embeddable":true,"href":"https:\/\/www.europesays.com\/fr\/wp-json\/wp\/v2\/comments?post=1160127"}],"version-history":[{"count":0,"href":"https:\/\/www.europesays.com\/fr\/wp-json\/wp\/v2\/posts\/1160127\/revisions"}],"wp:featuredmedia":[{"embeddable":true,"href":"https:\/\/www.europesays.com\/fr\/wp-json\/wp\/v2\/media\/1160128"}],"wp:attachment":[{"href":"https:\/\/www.europesays.com\/fr\/wp-json\/wp\/v2\/media?parent=1160127"}],"wp:term":[{"taxonomy":"category","embeddable":true,"href":"https:\/\/www.europesays.com\/fr\/wp-json\/wp\/v2\/categories?post=1160127"},{"taxonomy":"post_tag","embeddable":true,"href":"https:\/\/www.europesays.com\/fr\/wp-json\/wp\/v2\/tags?post=1160127"}],"curies":[{"name":"wp","href":"https:\/\/api.w.org\/{rel}","templated":true}]}}