{"id":1160142,"date":"2026-09-01T00:51:28","date_gmt":"2026-09-01T00:51:28","guid":{"rendered":"https:\/\/www.europesays.com\/fr\/1160142\/"},"modified":"2026-09-01T00:51:28","modified_gmt":"2026-09-01T00:51:28","slug":"angele-annonce-un-concert-a-bordeaux-en-2027","status":"publish","type":"post","link":"https:\/\/www.europesays.com\/fr\/1160142\/","title":{"rendered":"Ang\u00e8le annonce un concert \u00e0 Bordeaux en 2027"},"content":{"rendered":"<p>Ang\u00e8le retrouvera le public bordelais \u00e0 l\u2019automne prochain. <strong>La chanteuse belge sera en concert \u00e0 l\u2019Ark\u00e9a Arena de Floirac le samedi 23 octobre 2027 \u00e0 20 heures<\/strong>, dans le cadre de sa nouvelle tourn\u00e9e internationale. Pour les fans qui souhaitent anticiper, la vente g\u00e9n\u00e9rale des billets est annonc\u00e9e le mercredi 2 septembre 2026 \u00e0 10 heures, avec une limite de huit places par acheteur.<\/p>\n<p><img fetchpriority=\"high\" decoding=\"async\" width=\"1440\" height=\"1800\" src=\"https:\/\/www.bougerabordeaux.com\/wp-content\/uploads\/2026\/08\/angele-interview-1.webp\" alt=\"\" class=\"wp-image-106056\"  \/>Ang\u00e8le retrouvera la m\u00e9tropole bordelaise le 23 octobre 2027 pour une nouvelle soir\u00e9e pop sur la sc\u00e8ne de l\u2019Ark\u00e9a Arena <\/p>\n<p>Bordeaux sur la carte d\u2019une grande tourn\u00e9e internationale<\/p>\n<p class=\"wp-block-paragraph\">Le retour d\u2019Ang\u00e8le sur sc\u00e8ne prendra la forme d\u2019un long voyage. La tourn\u00e9e doit d\u00e9buter au printemps 2027 et traverser la France, la Belgique, plusieurs capitales europ\u00e9ennes ainsi que l\u2019Am\u00e9rique du Nord. Bordeaux accueillera l\u2019une des dates fran\u00e7aises les plus tardives, en plein c\u0153ur de l\u2019automne, dans une salle o\u00f9 l\u2019artiste s\u2019\u00e9tait d\u00e9j\u00e0 produite lors du Nonante-Cinq Tour. Son passage de 2022 avait confirm\u00e9 l\u2019attachement du public girondin \u00e0 une artiste alors port\u00e9e par le succ\u00e8s de Bruxelles je t\u2019aime.<\/p>\n<p class=\"wp-block-paragraph\"><strong>Le concert bordelais est fix\u00e9 au samedi 23 octobre 2027<\/strong>, un cr\u00e9neau qui devrait attirer un public venu de toute la Nouvelle-Aquitaine. Le spectacle est annonc\u00e9 \u00e0 20 heures. Les horaires d\u2019ouverture des portes seront pr\u00e9cis\u00e9s par la salle \u00e0 l\u2019approche de la date, comme les \u00e9ventuelles informations concernant une premi\u00e8re partie ou la dur\u00e9e exacte de la soir\u00e9e.<\/p>\n<p>Une nouvelle \u00e8re autour de l\u2019album Instinct<\/p>\n<p class=\"wp-block-paragraph\">Cette tourn\u00e9e accompagnera un nouveau chapitre dans la carri\u00e8re d\u2019Ang\u00e8le. Son troisi\u00e8me album, intitul\u00e9 Instinct, doit para\u00eetre le 16 octobre 2026. Apr\u00e8s Brol et Nonante-Cinq, la musicienne poursuit une trajectoire devenue internationale, port\u00e9e par pr\u00e8s de quatre milliards d\u2019\u00e9coutes, des tourn\u00e9es compl\u00e8tes et des collaborations avec Dua Lipa, Phoenix ou Kavinsky.<\/p>\n<p class=\"wp-block-paragraph\"><strong>Le futur spectacle devrait donc m\u00ealer les nouveaux morceaux aux titres qui ont install\u00e9 son succ\u00e8s<\/strong>. Rien n\u2019a encore \u00e9t\u00e9 d\u00e9voil\u00e9 sur la sc\u00e9nographie ou la liste des chansons. L\u2019annonce de la tourn\u00e9e promet n\u00e9anmoins une production pens\u00e9e pour les grandes salles, avec un passage bordelais plus d\u2019un an apr\u00e8s la sortie du disque, suffisamment tard pour que le public se soit appropri\u00e9 ce nouveau r\u00e9pertoire.<\/p>\n<p><img loading=\"lazy\" decoding=\"async\" width=\"1280\" height=\"1918\" src=\"https:\/\/www.europesays.com\/fr\/wp-content\/uploads\/2026\/09\/P2NAngele_2.jpg\" alt=\"\" class=\"wp-image-106058\"  \/>La tourn\u00e9e internationale accompagnera Instinct, le troisi\u00e8me album d\u2019Ang\u00e8le, attendu avant une s\u00e9rie de concerts entre l\u2019Europe et l\u2019Am\u00e9rique du Nord <\/p>\n<p>La billetterie ouvre d\u00e8s le 2 septembre<\/p>\n<p class=\"wp-block-paragraph\">Les spectateurs devront se d\u00e9cider bien avant 2027. <strong>La mise en vente g\u00e9n\u00e9rale est pr\u00e9vue mercredi 2 septembre 2026 \u00e0 10 heures<\/strong>. La commande sera limit\u00e9e \u00e0 huit billets par acheteur. Les tarifs et les cat\u00e9gories de placement pourront varier selon la visibilit\u00e9 et la proximit\u00e9 avec la sc\u00e8ne ; il faudra v\u00e9rifier ces \u00e9l\u00e9ments directement au moment de la r\u00e9servation.<\/p>\n<p class=\"wp-block-paragraph\">Pour \u00e9viter les mauvaises surprises, la salle d\u00e9taille <a href=\"https:\/\/www.arkeaarena.com\/comment-reserver\" target=\"_blank\" rel=\"noopener nofollow\">les modalit\u00e9s de r\u00e9servation et de r\u00e9ception des billets de l\u2019Ark\u00e9a Arena<\/a>. Lors d\u2019une ouverture tr\u00e8s attendue, cr\u00e9er son compte avant 10 heures et v\u00e9rifier son adresse \u00e9lectronique peut faire gagner quelques minutes. Il reste \u00e9galement pr\u00e9f\u00e9rable de passer par les canaux de vente officiels plut\u00f4t que par des plateformes de revente non garanties.<\/p>\n<p><img loading=\"lazy\" decoding=\"async\" width=\"1500\" height=\"869\" src=\"https:\/\/www.bougerabordeaux.com\/wp-content\/uploads\/2026\/08\/Portrait-Angele-3-1.webp\" alt=\"\" class=\"wp-image-106059\"  \/>L\u2019Ark\u00e9a Arena peut accueillir les grandes productions musicales et sera desservie par plusieurs solutions de transport le soir du concert <\/p>\n<p>Pr\u00e9parer son trajet jusqu\u2019\u00e0 Floirac<\/p>\n<p class=\"wp-block-paragraph\">L\u2019Ark\u00e9a Arena se situe avenue Jean-Alfons\u00e9a \u00e0 Floirac, sur la rive droite de la Garonne. Les soirs de forte affluence, la circulation et les parkings se remplissent rapidement. <strong>Les transports collectifs restent souvent la solution la plus simple depuis le centre de Bordeaux<\/strong>, notamment gr\u00e2ce aux correspondances avec le tramway et aux dessertes renforc\u00e9es autour des spectacles.<\/p>\n<p class=\"wp-block-paragraph\">La page officielle consacr\u00e9e aux <a href=\"https:\/\/www.arkeaarena.com\/acces-transports\" target=\"_blank\" rel=\"noopener nofollow\">acc\u00e8s en transports en commun, \u00e0 v\u00e9lo et en voiture vers l\u2019Ark\u00e9a Arena<\/a> permettra de pr\u00e9parer l\u2019itin\u00e9raire au plus pr\u00e8s du concert. <strong>La date est encore lointaine, mais la course aux billets commence cette semaine<\/strong> : pour le public bordelais d\u2019Ang\u00e8le, le 23 octobre 2027 se pr\u00e9pare d\u00e8s maintenant.<\/p>\n<p class=\"wp-block-paragraph\">\u00c0 lire aussi : <a href=\"https:\/\/www.bougerabordeaux.com\/actu\/news\/chateau-fort-ha-tours-cinq-siecles-pouvoir-bordeaux\/\" rel=\"nofollow noopener\" target=\"_blank\">Ch\u00e2teau du H\u00e2 : les deux tours qui racontent cinq si\u00e8cles de pouvoir \u00e0 Bordeaux<\/a><\/p>\n","protected":false},"excerpt":{"rendered":"Ang\u00e8le retrouvera le public bordelais \u00e0 l\u2019automne prochain. La chanteuse belge sera en concert \u00e0 l\u2019Ark\u00e9a Arena de&hellip;\n","protected":false},"author":2,"featured_media":1160143,"comment_status":"","ping_status":"","sticky":false,"template":"","format":"standard","meta":{"footnotes":"","_share_on_mastodon":"0"},"categories":[2817],"tags":[1111,11,1997,1777,674,1011,27,12,2219,25],"class_list":["post-1160142","post","type-post","status-publish","format-standard","has-post-thumbnail","category-bordeaux","tag-actu","tag-actualites","tag-bordeaux","tag-eu","tag-europe","tag-fr","tag-france","tag-news","tag-nouvelle-aquitaine","tag-republique-francaise"],"share_on_mastodon":{"url":"https:\/\/pubeurope.com\/@fr\/117193050243453732","error":""},"_links":{"self":[{"href":"https:\/\/www.europesays.com\/fr\/wp-json\/wp\/v2\/posts\/1160142","targetHints":{"allow":["GET"]}}],"collection":[{"href":"https:\/\/www.europesays.com\/fr\/wp-json\/wp\/v2\/posts"}],"about":[{"href":"https:\/\/www.europesays.com\/fr\/wp-json\/wp\/v2\/types\/post"}],"author":[{"embeddable":true,"href":"https:\/\/www.europesays.com\/fr\/wp-json\/wp\/v2\/users\/2"}],"replies":[{"embeddable":true,"href":"https:\/\/www.europesays.com\/fr\/wp-json\/wp\/v2\/comments?post=1160142"}],"version-history":[{"count":0,"href":"https:\/\/www.europesays.com\/fr\/wp-json\/wp\/v2\/posts\/1160142\/revisions"}],"wp:featuredmedia":[{"embeddable":true,"href":"https:\/\/www.europesays.com\/fr\/wp-json\/wp\/v2\/media\/1160143"}],"wp:attachment":[{"href":"https:\/\/www.europesays.com\/fr\/wp-json\/wp\/v2\/media?parent=1160142"}],"wp:term":[{"taxonomy":"category","embeddable":true,"href":"https:\/\/www.europesays.com\/fr\/wp-json\/wp\/v2\/categories?post=1160142"},{"taxonomy":"post_tag","embeddable":true,"href":"https:\/\/www.europesays.com\/fr\/wp-json\/wp\/v2\/tags?post=1160142"}],"curies":[{"name":"wp","href":"https:\/\/api.w.org\/{rel}","templated":true}]}}