{"id":1160144,"date":"2026-09-01T00:52:20","date_gmt":"2026-09-01T00:52:20","guid":{"rendered":"https:\/\/www.europesays.com\/fr\/1160144\/"},"modified":"2026-09-01T00:52:20","modified_gmt":"2026-09-01T00:52:20","slug":"girondins-de-bordeaux-la-fff-doit-enfin-siffler-la-fin-du-bal","status":"publish","type":"post","link":"https:\/\/www.europesays.com\/fr\/1160144\/","title":{"rendered":"Girondins de Bordeaux. La FFF doit (enfin) siffler la fin du bal !"},"content":{"rendered":"<p><img loading=\"lazy\" decoding=\"async\" width=\"696\" height=\"392\" class=\"lazyload entry-thumb\" src=\"https:\/\/www.europesays.com\/fr\/wp-content\/uploads\/2026\/06\/Girondins-Bordeaux-696x392.jpg\" alt=\"Girondins Bordeaux\" title=\"Girondins Bordeaux\"\/>Photo Philippe Le Brech<\/p>\n<p class=\"wp-block-paragraph\" style=\"font-size:20px\"><strong>Depuis plus de quinze jours, les Girondins de Bordeaux font du lobbying pour \u00eatre r\u00e9int\u00e9gr\u00e9 en National 1 ou National 2 sans que a FFF ne soit claire sur le sujet.<\/strong><\/p>\n<p class=\"wp-block-paragraph\">Possible futur pr\u00e9sident des Girondins de Bordeaux si le rachat du club est confirm\u00e9, Dominique Delport continue son lobbying \u00e0 tous les niveaux. Comme <a href=\"https:\/\/footamateur.ouest-france.fr\/et-si-les-girondins-etaient-integres-dans-le-groupe-h-de-national-2\/\" target=\"_blank\" rel=\"noreferrer noopener nofollow\">nous l\u2019avons r\u00e9v\u00e9l\u00e9 samedi matin<\/a>, l\u2019id\u00e9e d\u2019int\u00e9grer le club au scapulaire dans le groupe H de National 2 fait son chemin. Elle a surtout \u00e9t\u00e9 act\u00e9e par Sparta Capital et Park Bench qui maintiendraient leur offre d\u2019investissement. <strong>\u00ab\u00a0Nous pensons que cette sanction r\u00e9vis\u00e9e serait juste et proportionn\u00e9e<\/strong>, assure Delport. <strong>Elle sanctionnerait le manquement au r\u00e8glement et consacrerait l\u2019action importante de contr\u00f4le budg\u00e9taire et respect de l\u2019\u00e9quit\u00e9 sportive de la DNCG.\u00a0\u00bb<\/strong><\/p>\n<p class=\"wp-block-paragraph\">Ce n\u2019est pas certain que les membres de la commission f\u00e9d\u00e9rale de contr\u00f4le des clubs (CFCC) ou de la commission d\u2019appel DNCG soient de cet avis. Le comit\u00e9 ex\u00e9cutif de la FFF est tr\u00e8s partag\u00e9 sur le sujet. M\u00eame s\u2019il n\u2019a pas particip\u00e9 \u00e0 la consultation de la semaine derni\u00e8re, Jean-Michel Aulas pr\u00f4ne pour sauver le soldat Girondins. Mais il se pose le probl\u00e8me juridique d\u2019une telle d\u00e9cision. Le Comex a le pouvoir de renvoyer Bordeaux \u00e0 la DNCG dans <strong>\u00ab\u00a0l\u2019int\u00e9r\u00eat sup\u00e9rieur du football\u00a0\u00bb<\/strong>. En interne, le risque est d\u2019autoriser Bordeaux \u00e0 repartir en championnat national.<\/p>\n<p class=\"wp-block-paragraph\"><strong>\u00ab\u00a0\u00c7a peut laisser la porte ouverte aux autres clubs qui ont aussi \u00e9t\u00e9 sanctionn\u00e9s<\/strong>, assure un \u00e9lu de la FFF.<strong> Il y aurait une rupture d\u2019\u00e9quit\u00e9 par rapport \u00e0 eux. Et puis \u00e7a cr\u00e9erait un pr\u00e9c\u00e9dent hors norme !\u00a0\u00bb<\/strong> Selon lui, int\u00e9grer les Girondins de Bordeaux en National 1 ou en National 2, ce serait <strong>\u00ab\u00a0ouvrir la boite de Pandore\u00a0\u00bb<\/strong>. Au 87 boulevard de Grenelle, on r\u00e9fl\u00e9chit car le sujet n\u2019est pas simple. En cas de liquidation par le tribunal de commerce, la dette initiale est r\u00e9activ\u00e9e. Plusieurs cr\u00e9anciers pourraient ainsi attaquer la FFF pour r\u00e9cup\u00e9rer leur dette, ce qui repr\u00e9sente plusieurs dizaines millions d\u2019euros. Ils pourraient s\u2019appuyer sur la derni\u00e8re validation du plan de continuation avec les repreneurs. C\u2019est la raison pour laquelle l\u2019instance f\u00e9d\u00e9rale a fait appel \u00e0 un cabinet juridique ext\u00e9rieur afin d\u2019\u00e9valuer les risques.<\/p>\n<p><strong>Du c\u00f4t\u00e9 de la FFF, \u00ab\u00a0il n\u2019y a pas de sujet\u00a0\u00bb !<\/strong><\/p>\n<p class=\"wp-block-paragraph\">Mais de nombreux \u00e9lus se demandent o\u00f9 est pass\u00e9 Philippe Diallo. Le pr\u00e9sident de la FFF consulte sur le dossier\u2026 mais il ne prend pas de d\u00e9cision. Si du c\u00f4t\u00e9 de la FFF <strong>\u00ab\u00a0il n\u2019y a pas de sujet\u00a0\u00bb<\/strong>, un comit\u00e9 ex\u00e9cutif aurait pu siffler la fin du bal apr\u00e8s la conciliation du CNOSF. <strong>\u00ab Il a \u00e9t\u00e9 demand\u00e9 qu\u2019il n\u2019y ait aucun document administratif afin qu\u2019il ne puisse \u00eatre contest\u00e9\u00a0\u00bb <\/strong>confie une source f\u00e9d\u00e9rale. Donc pas de nouvelle annonce apr\u00e8s le communiqu\u00e9 <a href=\"https:\/\/www.fff.fr\/article\/17185-communique-de-la-fff.html\" target=\"_blank\" rel=\"noreferrer noopener nofollow\">pour acter la conciliation le 15 ao\u00fbt dernier<\/a>.<\/p>\n<p class=\"wp-block-paragraph\"><strong>\u00ab\u00a0Pourquoi faire une nouvelle communication\u00a0alors que tout est clair ? \u00bb<\/strong> s\u2019interroge un cadre de la FFF. Mais alors pourquoi continuer de discuter avec Dominique Delport, qui n\u2019a d\u2019ailleurs aucun r\u00f4le officiel ? Car cela peut laisser planer un doute. Et pourquoi la Ligue de Nouvelle Aquitaine continue de reporter les matchs des Girondins en R\u00e9gional 1 ? Comme si le club pouvait encore pr\u00e9tendre \u00e0 autre chose\u2026 ce qui n\u2019est assur\u00e9ment pas le cas. Il serait donc (enfin) le temps que Philippe Diallo et la FFF sifflent d\u00e9finitivement la fin du bal !<\/p>\n<p><a href=\"https:\/\/footamateur.ouest-france.fr\/author\/jerome\/\" class=\"url\" title=\"J\u00e9rome Bouchacourt\" rel=\"nofollow noopener\" target=\"_blank\"> <img decoding=\"async\" src=\"https:\/\/www.europesays.com\/fr\/wp-content\/uploads\/2025\/04\/moi.jpg\" class=\"lazyload photo\" width=\"250\" alt=\"J\u00e9rome Bouchacourt\"\/><\/a><\/p>\n<p>Petit Suisse originaire de Lausanne, au bord du Lac L\u00e9man, biberonn\u00e9 au Beaujolais depuis ses deux ans, J\u00e9r\u00f4me a migr\u00e9 dans la r\u00e9gion nantaise au d\u00e9but des ann\u00e9es 2000. Fan de football amateur, de ses rencontres, ses terrains bossel\u00e9s, ses buvettes conviviales, il est aussi un bon vivant qui adore la cuisine lyonnaise ! Fondateur de Footamateur.fr en mai 2014.<\/p>\n<p><a href=\"https:\/\/footamateur.ouest-france.fr\/author\/jerome\/\" class=\"url\" title=\"J\u00e9rome Bouchacourt\" rel=\"nofollow noopener\" target=\"_blank\"><img decoding=\"async\" src=\"https:\/\/www.europesays.com\/fr\/wp-content\/uploads\/2025\/04\/moi.jpg\" class=\"lazyload photo\" width=\"250\" alt=\"J\u00e9rome Bouchacourt\"\/><\/a>Les derniers articles par J\u00e9rome Bouchacourt (<a href=\"https:\/\/footamateur.ouest-france.fr\/author\/jerome\/\" rel=\"nofollow noopener\" target=\"_blank\">tout voir<\/a>)<\/p>\n","protected":false},"excerpt":{"rendered":"Photo Philippe Le Brech Depuis plus de quinze jours, les Girondins de Bordeaux font du lobbying pour \u00eatre&hellip;\n","protected":false},"author":2,"featured_media":1011393,"comment_status":"","ping_status":"","sticky":false,"template":"","format":"standard","meta":{"footnotes":"","_share_on_mastodon":"0"},"categories":[2817],"tags":[1111,11,1997,1777,674,1011,27,12,2219,25],"class_list":["post-1160144","post","type-post","status-publish","format-standard","has-post-thumbnail","category-bordeaux","tag-actu","tag-actualites","tag-bordeaux","tag-eu","tag-europe","tag-fr","tag-france","tag-news","tag-nouvelle-aquitaine","tag-republique-francaise"],"share_on_mastodon":{"url":"https:\/\/pubeurope.com\/@fr\/117193051309098526","error":""},"_links":{"self":[{"href":"https:\/\/www.europesays.com\/fr\/wp-json\/wp\/v2\/posts\/1160144","targetHints":{"allow":["GET"]}}],"collection":[{"href":"https:\/\/www.europesays.com\/fr\/wp-json\/wp\/v2\/posts"}],"about":[{"href":"https:\/\/www.europesays.com\/fr\/wp-json\/wp\/v2\/types\/post"}],"author":[{"embeddable":true,"href":"https:\/\/www.europesays.com\/fr\/wp-json\/wp\/v2\/users\/2"}],"replies":[{"embeddable":true,"href":"https:\/\/www.europesays.com\/fr\/wp-json\/wp\/v2\/comments?post=1160144"}],"version-history":[{"count":0,"href":"https:\/\/www.europesays.com\/fr\/wp-json\/wp\/v2\/posts\/1160144\/revisions"}],"wp:featuredmedia":[{"embeddable":true,"href":"https:\/\/www.europesays.com\/fr\/wp-json\/wp\/v2\/media\/1011393"}],"wp:attachment":[{"href":"https:\/\/www.europesays.com\/fr\/wp-json\/wp\/v2\/media?parent=1160144"}],"wp:term":[{"taxonomy":"category","embeddable":true,"href":"https:\/\/www.europesays.com\/fr\/wp-json\/wp\/v2\/categories?post=1160144"},{"taxonomy":"post_tag","embeddable":true,"href":"https:\/\/www.europesays.com\/fr\/wp-json\/wp\/v2\/tags?post=1160144"}],"curies":[{"name":"wp","href":"https:\/\/api.w.org\/{rel}","templated":true}]}}