{"id":1160145,"date":"2026-09-01T00:53:11","date_gmt":"2026-09-01T00:53:11","guid":{"rendered":"https:\/\/www.europesays.com\/fr\/1160145\/"},"modified":"2026-09-01T00:53:11","modified_gmt":"2026-09-01T00:53:11","slug":"deux-personnes-sauvees-des-flammes-par-les-pompiers-lors-dun-incendie-dans-un-appartement-a-toulouse-une-personne-hospitalisee-dans-un-etat-grave","status":"publish","type":"post","link":"https:\/\/www.europesays.com\/fr\/1160145\/","title":{"rendered":"Deux personnes sauv\u00e9es des flammes par les pompiers lors d&rsquo;un incendie dans un appartement \u00e0 Toulouse, une personne hospitalis\u00e9e dans un \u00e9tat grave"},"content":{"rendered":"<p>\n                                                                    l&rsquo;essentiel<br \/>\n                                                                Ce lundi, deux personnes ont \u00e9t\u00e9 sauv\u00e9es des flammes par les pompiers lors d&rsquo;un incendie d&rsquo;appartement \u00e0 Toulouse, au niveau de la route de Narbonne. Pas moins de 23 sapeurs-pompiers ont \u00e9t\u00e9 envoy\u00e9s sur place pour contenir le feu qui est, selon les premi\u00e8res informations, parti de la cuisine. Une personne a d\u00fb \u00eatre m\u00e9dicalis\u00e9e sur place par le SMUR.\n                            <\/p>\n<p>Est-on pass\u00e9 pr\u00e8s d&rsquo;un drame ce lundi, en d\u00e9but d&rsquo;apr\u00e8s-midi ? Les sapeurs-pompiers de la Haute-Garonne sont intervenus vers 14h30 pour un feu d&rsquo;appartement sur la commune de Toulouse, au niveau de la route de Narbonne, du c\u00f4t\u00e9 du campus de Rangueil. Gr\u00e2ce \u00e0 la rapidit\u00e9 des secours, deux personnes ont pu \u00eatre sauv\u00e9es des flammes.<\/p>\n<p>L&rsquo;action des \u00e9quipes a permis de contenir le sinistre \u00e0 la seule cuisine au moyen d&rsquo;une lance incendie, pr\u00e9servant ainsi le reste du logement.<\/p>\n<p>L&rsquo;intervention a toutefois mobilis\u00e9 23 sapeurs-pompiers venus de plusieurs centres de secours, ainsi que sept v\u00e9hicules pour \u00e9teindre les flammes. Selon le SDIS de la Haute-Garonne, sur les six victimes concern\u00e9es par cet incendie, deux personnes ont \u00e9t\u00e9 transport\u00e9es vers un centre hospitalier en urgence relative et une troisi\u00e8me en \u00ab\u00a0urgence absolue\u00a0\u00bb apr\u00e8s avoir \u00e9t\u00e9 m\u00e9dicalis\u00e9e par le SMUR. Les trois autres victimes ont \u00e9t\u00e9 laiss\u00e9es sur place apr\u00e8s leur bilan m\u00e9dical.<\/p>\n<p>D&rsquo;apr\u00e8s les secours, \u00ab\u00a0l&rsquo;engagement rapide des moyens adapt\u00e9s\u00a0\u00bb a permis d&rsquo;\u00e9viter la propagation du feu au reste de l&rsquo;immeuble. Les services de police \u00e9taient aussi pr\u00e9sents sur les lieux. Ils ont pris en charge le relogement des occupants concern\u00e9s par ce sinistre.<\/p>\n","protected":false},"excerpt":{"rendered":"l&rsquo;essentiel Ce lundi, deux personnes ont \u00e9t\u00e9 sauv\u00e9es des flammes par les pompiers lors d&rsquo;un incendie d&rsquo;appartement \u00e0&hellip;\n","protected":false},"author":2,"featured_media":1160146,"comment_status":"","ping_status":"","sticky":false,"template":"","format":"standard","meta":{"footnotes":"","_share_on_mastodon":"0"},"categories":[2816],"tags":[1111,11,1777,674,118,1011,27,2722,5383,12,2680,25,2312],"class_list":["post-1160145","post","type-post","status-publish","format-standard","has-post-thumbnail","category-toulouse","tag-actu","tag-actualites","tag-eu","tag-europe","tag-faits-divers","tag-fr","tag-france","tag-haute-garonne","tag-incendies","tag-news","tag-occitanie","tag-republique-francaise","tag-toulouse"],"share_on_mastodon":{"url":"https:\/\/pubeurope.com\/@fr\/117193054858940304","error":""},"_links":{"self":[{"href":"https:\/\/www.europesays.com\/fr\/wp-json\/wp\/v2\/posts\/1160145","targetHints":{"allow":["GET"]}}],"collection":[{"href":"https:\/\/www.europesays.com\/fr\/wp-json\/wp\/v2\/posts"}],"about":[{"href":"https:\/\/www.europesays.com\/fr\/wp-json\/wp\/v2\/types\/post"}],"author":[{"embeddable":true,"href":"https:\/\/www.europesays.com\/fr\/wp-json\/wp\/v2\/users\/2"}],"replies":[{"embeddable":true,"href":"https:\/\/www.europesays.com\/fr\/wp-json\/wp\/v2\/comments?post=1160145"}],"version-history":[{"count":0,"href":"https:\/\/www.europesays.com\/fr\/wp-json\/wp\/v2\/posts\/1160145\/revisions"}],"wp:featuredmedia":[{"embeddable":true,"href":"https:\/\/www.europesays.com\/fr\/wp-json\/wp\/v2\/media\/1160146"}],"wp:attachment":[{"href":"https:\/\/www.europesays.com\/fr\/wp-json\/wp\/v2\/media?parent=1160145"}],"wp:term":[{"taxonomy":"category","embeddable":true,"href":"https:\/\/www.europesays.com\/fr\/wp-json\/wp\/v2\/categories?post=1160145"},{"taxonomy":"post_tag","embeddable":true,"href":"https:\/\/www.europesays.com\/fr\/wp-json\/wp\/v2\/tags?post=1160145"}],"curies":[{"name":"wp","href":"https:\/\/api.w.org\/{rel}","templated":true}]}}