{"id":1160147,"date":"2026-09-01T00:54:15","date_gmt":"2026-09-01T00:54:15","guid":{"rendered":"https:\/\/www.europesays.com\/fr\/1160147\/"},"modified":"2026-09-01T00:54:15","modified_gmt":"2026-09-01T00:54:15","slug":"toulouse-quatre-policiers-encercles-par-une-cinquantaine-de-personnes-au-terme-dune-course-poursuite","status":"publish","type":"post","link":"https:\/\/www.europesays.com\/fr\/1160147\/","title":{"rendered":"Toulouse : Quatre policiers encercl\u00e9s par une cinquantaine de personnes au terme d&rsquo;une course-poursuite"},"content":{"rendered":"<p>Quatre policiers de la brigade sp\u00e9cialis\u00e9e de terrain (BST)<br \/>\nMirail ont \u00e9t\u00e9 pris \u00e0 partie par plusieurs dizaines de personnes,<br \/>\ndimanche soir, \u00e0 l&rsquo;issue d&rsquo;une course-poursuite qui s&rsquo;est achev\u00e9e<br \/>\ndans le camp de gens du voyage de La Moun\u00e8de, \u00e0 Toulouse<br \/>\n(Haute-Garonne). Le conducteur qu&rsquo;ils tentaient d&rsquo;interpeller avait<br \/>\nauparavant percut\u00e9 un scooter avant de poursuivre sa fuite, selon<br \/>\nune source proche de l&rsquo;affaire, confirmant une information de<br \/>\n<a href=\"https:\/\/www.ladepeche.fr\/2026\/08\/31\/refus-dobtemperer-a-toulouse-une-voiture-percute-un-scooter-puis-fonce-dans-un-camps-de-gens-du-voyage-les-policiers-pris-a-partie-13529408.php\" target=\"_blank\" rel=\"noopener nofollow\">La D\u00e9p\u00eache<\/a>.<\/p>\n<p>Tout a commenc\u00e9 vers 23 heures dans le quartier des Pradettes.<br \/>\nUne patrouille a rep\u00e9r\u00e9 une voiture circulant \u00e0 vive allure \u00e0 la<br \/>\nsortie d&rsquo;un point de vente de protoxyde d&rsquo;azote et a voulu proc\u00e9der<br \/>\n\u00e0 un contr\u00f4le. Le conducteur s&rsquo;est immobilis\u00e9 quelques instants,<br \/>\nmais il a brusquement acc\u00e9l\u00e9r\u00e9 alors que les fonctionnaires<br \/>\nvenaient de sortir de leur voiture.<\/p>\n<p>Un scooter percut\u00e9, une bouteille de protoxyde jet\u00e9e par la<br \/>\nfen\u00eatre<\/p>\n<p>Le v\u00e9hicule a ensuite heurt\u00e9 un scooter de 50 cm3, quelques<br \/>\ncentaines de m\u00e8tres plus loin, sans s&rsquo;arr\u00eater, avant de filer en<br \/>\ndirection de La Moun\u00e8de. Pendant sa fuite, l&rsquo;un des occupants a<br \/>\njet\u00e9 une bouteille de protoxyde d&rsquo;azote par la fen\u00eatre, pr\u00e9cise le<br \/>\nquotidien r\u00e9gional. La course-poursuite s&rsquo;est termin\u00e9e dans une<br \/>\nimpasse qui d\u00e9bouche sur le camp de la communaut\u00e9 des gens du<br \/>\nvoyage de La Moun\u00e8de, o\u00f9 les occupants ont saut\u00e9 du v\u00e9hicule encore<br \/>\nen mouvement pour s&rsquo;enfuir \u00e0 pied.<\/p>\n<p>Des menaces de mort et des tirs lacrymog\u00e8nes<\/p>\n<p>Deux policiers se sont lanc\u00e9s \u00e0 la poursuite du conducteur, mais<br \/>\nils ont \u00e9t\u00e9 stopp\u00e9s net par une trentaine de personnes hostiles.<br \/>\nLeurs deux coll\u00e8gues, rest\u00e9s aupr\u00e8s de la voiture abandonn\u00e9e, ont<br \/>\nde leur c\u00f4t\u00e9 fait face \u00e0 une vingtaine d&rsquo;individus. Une fois<br \/>\nregroup\u00e9s, les quatre fonctionnaires ont vu une cinquantaine de<br \/>\npersonnes converger vers eux, et ont essuy\u00e9 des menaces de mort. Le<br \/>\ntemps que les renforts arrivent, ils ont fait usage de gaz<br \/>\nlacrymog\u00e8ne pour se prot\u00e9ger.<\/p>\n<p>L&rsquo;arriv\u00e9e de plusieurs \u00e9quipages a permis de s\u00e9curiser les lieux<br \/>\net de r\u00e9cup\u00e9rer le v\u00e9hicule utilis\u00e9 pendant la fuite. Quelques<br \/>\nminutes plus tard, de retour \u00e0 l&rsquo;endroit du choc, le scooter et son<br \/>\npilote avaient disparu. Une enqu\u00eate a \u00e9t\u00e9 ouverte.<\/p>\n","protected":false},"excerpt":{"rendered":"Quatre policiers de la brigade sp\u00e9cialis\u00e9e de terrain (BST) Mirail ont \u00e9t\u00e9 pris \u00e0 partie par plusieurs dizaines&hellip;\n","protected":false},"author":2,"featured_media":1160148,"comment_status":"","ping_status":"","sticky":false,"template":"","format":"standard","meta":{"footnotes":"","_share_on_mastodon":"0"},"categories":[2816],"tags":[1111,11,1777,674,1011,27,12,2680,25,2312],"class_list":["post-1160147","post","type-post","status-publish","format-standard","has-post-thumbnail","category-toulouse","tag-actu","tag-actualites","tag-eu","tag-europe","tag-fr","tag-france","tag-news","tag-occitanie","tag-republique-francaise","tag-toulouse"],"share_on_mastodon":{"url":"https:\/\/pubeurope.com\/@fr\/117193058732885925","error":""},"_links":{"self":[{"href":"https:\/\/www.europesays.com\/fr\/wp-json\/wp\/v2\/posts\/1160147","targetHints":{"allow":["GET"]}}],"collection":[{"href":"https:\/\/www.europesays.com\/fr\/wp-json\/wp\/v2\/posts"}],"about":[{"href":"https:\/\/www.europesays.com\/fr\/wp-json\/wp\/v2\/types\/post"}],"author":[{"embeddable":true,"href":"https:\/\/www.europesays.com\/fr\/wp-json\/wp\/v2\/users\/2"}],"replies":[{"embeddable":true,"href":"https:\/\/www.europesays.com\/fr\/wp-json\/wp\/v2\/comments?post=1160147"}],"version-history":[{"count":0,"href":"https:\/\/www.europesays.com\/fr\/wp-json\/wp\/v2\/posts\/1160147\/revisions"}],"wp:featuredmedia":[{"embeddable":true,"href":"https:\/\/www.europesays.com\/fr\/wp-json\/wp\/v2\/media\/1160148"}],"wp:attachment":[{"href":"https:\/\/www.europesays.com\/fr\/wp-json\/wp\/v2\/media?parent=1160147"}],"wp:term":[{"taxonomy":"category","embeddable":true,"href":"https:\/\/www.europesays.com\/fr\/wp-json\/wp\/v2\/categories?post=1160147"},{"taxonomy":"post_tag","embeddable":true,"href":"https:\/\/www.europesays.com\/fr\/wp-json\/wp\/v2\/tags?post=1160147"}],"curies":[{"name":"wp","href":"https:\/\/api.w.org\/{rel}","templated":true}]}}