{"id":1160149,"date":"2026-09-01T00:56:17","date_gmt":"2026-09-01T00:56:17","guid":{"rendered":"https:\/\/www.europesays.com\/fr\/1160149\/"},"modified":"2026-09-01T00:56:17","modified_gmt":"2026-09-01T00:56:17","slug":"renato-sanches-renvoye-a-lille-le-psg-a-dit-oui","status":"publish","type":"post","link":"https:\/\/www.europesays.com\/fr\/1160149\/","title":{"rendered":"Renato Sanches renvoy\u00e9 \u00e0 Lille, le PSG a dit oui"},"content":{"rendered":"<p><b>Le PSG souhaite se lib\u00e9rer du salaire de Renato Sanches, \u00e0 qui il reste un an de contrat. Lille s\u2019est int\u00e9ress\u00e9 au Portugais pour un \u00e9ventuel retour dans le Nord, quatre ans apr\u00e8s son d\u00e9part.<\/b><\/p>\n<p>Sp\u00e9cialiste des gros coups en fin de <a href=\"https:\/\/www.foot01.com\/mercato\" title=\"Mercato\" rel=\"nofollow noopener\" target=\"_blank\">mercato<\/a>, Olivier L\u00e9tang a contact\u00e9 le Paris Saint-Germain pour une signature dont il a le secret. En fin de contrat avec le club de la capitale dans un an, Renato Sanches aurait pu faire son grand retour dans le Nord. Transf\u00e9r\u00e9 au PSG en provenance du <a href=\"https:\/\/www.foot01.com\/lille\" title=\"LOSC\" rel=\"nofollow noopener\" target=\"_blank\">LOSC<\/a> pour 15 millions d\u2019euros en ao\u00fbt 2024 \u00e0 la demande de Luis Campos et de Christophe Galtier, celui qui a \u00e9t\u00e9 pr\u00eat\u00e9 au Benfica Lisbonne, \u00e0 la Roma ou encore au Panathina\u00efkos, a fait l\u2019objet de discussions entre les deux clubs selon L\u2019Equipe. Le dossier n\u2019a finalement pas abouti.Le PSG pr\u00eat \u00e0 lib\u00e9rer Renato Sanches<\/p>\n<p>Ce n\u2019est pas la faute du Paris SG, tr\u00e8s peu gourmand pour se s\u00e9parer de son milieu de terrain portugais puisque le quotidien national explique que Paris est pr\u00eat \u00e0 le lib\u00e9rer pour \u00e9conomiser son imposant salaire. N\u00e9anmoins, \u00ab aucun accord financier n&rsquo;a pu \u00eatre trouv\u00e9 \u00bb selon le quotidien national, sans doute entre le LOSC et le joueur. Il faut dire que Renato Sanches touche un salaire confortable dans la capitale fran\u00e7aise, estim\u00e9 \u00e0 6,5 millions d\u2019euros par an. Des \u00e9moluments sur lesquels Olivier L\u00e9tang ne s\u2019est \u00e9videmment pas align\u00e9 et encore moins pour un joueur dont les fragilit\u00e9s physique en font un pari tr\u00e8s risqu\u00e9 en ce mercato estival.<\/p>\n","protected":false},"excerpt":{"rendered":"Le PSG souhaite se lib\u00e9rer du salaire de Renato Sanches, \u00e0 qui il reste un an de contrat.&hellip;\n","protected":false},"author":2,"featured_media":1160150,"comment_status":"","ping_status":"","sticky":false,"template":"","format":"standard","meta":{"footnotes":"","_share_on_mastodon":"0"},"categories":[2815],"tags":[1111,11,1777,674,1011,27,811,66,1307,2267,1434,12,93,25],"class_list":["post-1160149","post","type-post","status-publish","format-standard","has-post-thumbnail","category-lille","tag-actu","tag-actualites","tag-eu","tag-europe","tag-fr","tag-france","tag-hauts-de-france","tag-ligue-1","tag-lille","tag-losc","tag-mercato","tag-news","tag-psg","tag-republique-francaise"],"share_on_mastodon":{"url":"https:\/\/pubeurope.com\/@fr\/117193066877970331","error":""},"_links":{"self":[{"href":"https:\/\/www.europesays.com\/fr\/wp-json\/wp\/v2\/posts\/1160149","targetHints":{"allow":["GET"]}}],"collection":[{"href":"https:\/\/www.europesays.com\/fr\/wp-json\/wp\/v2\/posts"}],"about":[{"href":"https:\/\/www.europesays.com\/fr\/wp-json\/wp\/v2\/types\/post"}],"author":[{"embeddable":true,"href":"https:\/\/www.europesays.com\/fr\/wp-json\/wp\/v2\/users\/2"}],"replies":[{"embeddable":true,"href":"https:\/\/www.europesays.com\/fr\/wp-json\/wp\/v2\/comments?post=1160149"}],"version-history":[{"count":0,"href":"https:\/\/www.europesays.com\/fr\/wp-json\/wp\/v2\/posts\/1160149\/revisions"}],"wp:featuredmedia":[{"embeddable":true,"href":"https:\/\/www.europesays.com\/fr\/wp-json\/wp\/v2\/media\/1160150"}],"wp:attachment":[{"href":"https:\/\/www.europesays.com\/fr\/wp-json\/wp\/v2\/media?parent=1160149"}],"wp:term":[{"taxonomy":"category","embeddable":true,"href":"https:\/\/www.europesays.com\/fr\/wp-json\/wp\/v2\/categories?post=1160149"},{"taxonomy":"post_tag","embeddable":true,"href":"https:\/\/www.europesays.com\/fr\/wp-json\/wp\/v2\/tags?post=1160149"}],"curies":[{"name":"wp","href":"https:\/\/api.w.org\/{rel}","templated":true}]}}