{"id":1160151,"date":"2026-09-01T00:57:20","date_gmt":"2026-09-01T00:57:20","guid":{"rendered":"https:\/\/www.europesays.com\/fr\/1160151\/"},"modified":"2026-09-01T00:57:20","modified_gmt":"2026-09-01T00:57:20","slug":"a55-une-voiture-sur-le-toit-provoque-la-fermeture-dune-sortie-a-marseille","status":"publish","type":"post","link":"https:\/\/www.europesays.com\/fr\/1160151\/","title":{"rendered":"A55 : une voiture sur le toit provoque la fermeture d&rsquo;une sortie \u00e0 Marseille"},"content":{"rendered":"<p>Sur l\u2019autoroute A55 \u00e0 Marseille et en direction de Martigues, une sortie a \u00e9t\u00e9 ferm\u00e9e apr\u00e8s la passerelle de la Joliette. Et ce en raison d\u2019une voiture accident\u00e9e qui se retrouve sur le toit. La Direction interd\u00e9partementale des routes de M\u00e9diterran\u00e9e (Dirmed) \u00e9tait sur place. Depuis quelques minutes, le v\u00e9hicule a \u00e9t\u00e9 d\u00e9gag\u00e9 de la chauss\u00e9e par une d\u00e9panneuse.<\/p>\n","protected":false},"excerpt":{"rendered":"Sur l\u2019autoroute A55 \u00e0 Marseille et en direction de Martigues, une sortie a \u00e9t\u00e9 ferm\u00e9e apr\u00e8s la passerelle&hellip;\n","protected":false},"author":2,"featured_media":1160152,"comment_status":"","ping_status":"","sticky":false,"template":"","format":"standard","meta":{"footnotes":"","_share_on_mastodon":"0"},"categories":[2814],"tags":[5734,13345,1111,11,1777,674,13407,1011,27,884,12,882,7481,16,25,3356,31663,96,4752],"class_list":["post-1160151","post","type-post","status-publish","format-standard","has-post-thumbnail","category-marseille","tag-5734","tag-a55","tag-actu","tag-actualites","tag-eu","tag-europe","tag-fermeture","tag-fr","tag-france","tag-marseille","tag-news","tag-provence-alpes-cote-dazur","tag-provoque","tag-region","tag-republique-francaise","tag-sur","tag-toit","tag-une","tag-voiture"],"share_on_mastodon":{"url":"https:\/\/pubeurope.com\/@fr\/117193070815722627","error":""},"_links":{"self":[{"href":"https:\/\/www.europesays.com\/fr\/wp-json\/wp\/v2\/posts\/1160151","targetHints":{"allow":["GET"]}}],"collection":[{"href":"https:\/\/www.europesays.com\/fr\/wp-json\/wp\/v2\/posts"}],"about":[{"href":"https:\/\/www.europesays.com\/fr\/wp-json\/wp\/v2\/types\/post"}],"author":[{"embeddable":true,"href":"https:\/\/www.europesays.com\/fr\/wp-json\/wp\/v2\/users\/2"}],"replies":[{"embeddable":true,"href":"https:\/\/www.europesays.com\/fr\/wp-json\/wp\/v2\/comments?post=1160151"}],"version-history":[{"count":0,"href":"https:\/\/www.europesays.com\/fr\/wp-json\/wp\/v2\/posts\/1160151\/revisions"}],"wp:featuredmedia":[{"embeddable":true,"href":"https:\/\/www.europesays.com\/fr\/wp-json\/wp\/v2\/media\/1160152"}],"wp:attachment":[{"href":"https:\/\/www.europesays.com\/fr\/wp-json\/wp\/v2\/media?parent=1160151"}],"wp:term":[{"taxonomy":"category","embeddable":true,"href":"https:\/\/www.europesays.com\/fr\/wp-json\/wp\/v2\/categories?post=1160151"},{"taxonomy":"post_tag","embeddable":true,"href":"https:\/\/www.europesays.com\/fr\/wp-json\/wp\/v2\/tags?post=1160151"}],"curies":[{"name":"wp","href":"https:\/\/api.w.org\/{rel}","templated":true}]}}