{"id":1160153,"date":"2026-09-01T00:58:17","date_gmt":"2026-09-01T00:58:17","guid":{"rendered":"https:\/\/www.europesays.com\/fr\/1160153\/"},"modified":"2026-09-01T00:58:17","modified_gmt":"2026-09-01T00:58:17","slug":"appels-durgence-marseille-pompiers-delite-aux-pieds-des-calanques-appels-durgence","status":"publish","type":"post","link":"https:\/\/www.europesays.com\/fr\/1160153\/","title":{"rendered":"Appels d&rsquo;urgence &#8211; Marseille : pompiers d&rsquo;\u00e9lite aux pieds des calanques &#8211; Appels d&rsquo;urgence"},"content":{"rendered":"<p data-testid=\"video-page-description-panel\">Le bataillon des marins-pompiers de Marseille assure la s\u00e9curit\u00e9 d&rsquo;une ville turbulente de 860 000 habitants. R\u00e9partis dans 17 casernes, ces 2 400 soldats du feu affrontent plus de 350 interventions par jour : accidents de deux-roues, personnes en d\u00e9tresse, agressions en centre-ville et touristes en perdition dans les Calanques.<\/p>\n<p>Magazines, Enqu\u00eate54m<\/p>\n<p class=\"strong-4 flex h-5 w-fit items-center rounded-3px bg-tertiary text-primary py-0 px-1\">Sous-titres pour malentendants disponibles<\/p>\n<p>Publi\u00e9 le 1 sept. 2026 \u00e0 02:49<\/p>\n","protected":false},"excerpt":{"rendered":"Le bataillon des marins-pompiers de Marseille assure la s\u00e9curit\u00e9 d&rsquo;une ville turbulente de 860 000 habitants. R\u00e9partis dans&hellip;\n","protected":false},"author":2,"featured_media":1160154,"comment_status":"","ping_status":"","sticky":false,"template":"","format":"standard","meta":{"footnotes":"","_share_on_mastodon":"0"},"categories":[2814],"tags":[1111,11,23233,101103,101104,48029,48033,48022,48030,48034,48027,48026,1777,674,1011,27,884,12,882,362,101101,101102,78952,25,23235,48028,48031,48032,23234,48025],"class_list":["post-1160153","post","type-post","status-publish","format-standard","has-post-thumbnail","category-marseille","tag-actu","tag-actualites","tag-appels-durgence","tag-appels-durgence-replay","tag-appels-durgence-replay-tfx","tag-appels-durgence-streaming","tag-appels-durgence-streaming-gratuit","tag-appels-durgence-tfx","tag-appels-durgence-tfx-streaming","tag-appels-durgence-tfx-streaming-gratuit","tag-appels-durgence-tfx-video","tag-appels-durgence-video","tag-eu","tag-europe","tag-fr","tag-france","tag-marseille","tag-news","tag-provence-alpes-cote-dazur","tag-replay","tag-replay-appels-durgence","tag-replay-appels-durgence-tfx","tag-replay-tfx","tag-republique-francaise","tag-streaming-appels-durgence","tag-streaming-appels-durgence-tfx","tag-streaming-gratuit-appels-durgence","tag-streaming-gratuit-appels-durgence-tfx","tag-video-appels-durgence","tag-video-appels-durgence-tfx"],"share_on_mastodon":{"url":"","error":"Validation failed: Text character limit of 500 exceeded"},"_links":{"self":[{"href":"https:\/\/www.europesays.com\/fr\/wp-json\/wp\/v2\/posts\/1160153","targetHints":{"allow":["GET"]}}],"collection":[{"href":"https:\/\/www.europesays.com\/fr\/wp-json\/wp\/v2\/posts"}],"about":[{"href":"https:\/\/www.europesays.com\/fr\/wp-json\/wp\/v2\/types\/post"}],"author":[{"embeddable":true,"href":"https:\/\/www.europesays.com\/fr\/wp-json\/wp\/v2\/users\/2"}],"replies":[{"embeddable":true,"href":"https:\/\/www.europesays.com\/fr\/wp-json\/wp\/v2\/comments?post=1160153"}],"version-history":[{"count":0,"href":"https:\/\/www.europesays.com\/fr\/wp-json\/wp\/v2\/posts\/1160153\/revisions"}],"wp:featuredmedia":[{"embeddable":true,"href":"https:\/\/www.europesays.com\/fr\/wp-json\/wp\/v2\/media\/1160154"}],"wp:attachment":[{"href":"https:\/\/www.europesays.com\/fr\/wp-json\/wp\/v2\/media?parent=1160153"}],"wp:term":[{"taxonomy":"category","embeddable":true,"href":"https:\/\/www.europesays.com\/fr\/wp-json\/wp\/v2\/categories?post=1160153"},{"taxonomy":"post_tag","embeddable":true,"href":"https:\/\/www.europesays.com\/fr\/wp-json\/wp\/v2\/tags?post=1160153"}],"curies":[{"name":"wp","href":"https:\/\/api.w.org\/{rel}","templated":true}]}}