{"id":1160155,"date":"2026-09-01T00:59:24","date_gmt":"2026-09-01T00:59:24","guid":{"rendered":"https:\/\/www.europesays.com\/fr\/1160155\/"},"modified":"2026-09-01T00:59:24","modified_gmt":"2026-09-01T00:59:24","slug":"villeurbanne-du-client-au-gerant-presume-quatre-personnes-interpellees-sur-un-point-de-deal","status":"publish","type":"post","link":"https:\/\/www.europesays.com\/fr\/1160155\/","title":{"rendered":"Villeurbanne : du client au g\u00e9rant pr\u00e9sum\u00e9, quatre personnes interpell\u00e9es sur un point de deal"},"content":{"rendered":"<p itemprop=\"description\"><strong>Les policiers ont attendu le bon moment pour intervenir.<\/strong><\/p>\n<p class=\"gmail-isSelectedEnd\">Dimanche 30 ao\u00fbt, une op\u00e9ration de surveillance \u00e9tait men\u00e9e autour d\u2019un point de deal situ\u00e9 rue Poizat, dans le quartier de Grandcl\u00e9ment \u00e0 Villeurbanne.<\/p>\n<p class=\"gmail-isSelectedEnd\">Sur place, les forces de l\u2019ordre ont observ\u00e9 des all\u00e9es et venues et plusieurs transactions suspectes. Aux alentours de 20h, elles ont d\u00e9cid\u00e9 de passer \u00e0 l\u2019action.<\/p>\n<p>Du vendeur au g\u00e9rant pr\u00e9sum\u00e9 du point de deal<\/p>\n<p class=\"gmail-isSelectedEnd\">Quatre personnes ont alors \u00e9t\u00e9 interpell\u00e9es. Selon le Progr\u00e8s, les policiers auraient identifi\u00e9 parmi elles un acheteur, un revendeur pr\u00e9sum\u00e9, un homme soup\u00e7onn\u00e9 d\u2019assurer le ravitaillement ainsi que le g\u00e9rant pr\u00e9sum\u00e9 du point de deal.<\/p>\n<p class=\"gmail-isSelectedEnd\">De l\u2019argent et des produits stup\u00e9fiants ont \u00e9t\u00e9 retrouv\u00e9s en possession des diff\u00e9rents suspects. L\u2019acheteur a fait l\u2019objet d\u2019une amende forfaitaire d\u00e9lictuelle. Les trois autres hommes ont \u00e9t\u00e9 plac\u00e9s en garde \u00e0 vue.<\/p>\n<p class=\"gmail-isSelectedEnd\">Les investigations se sont poursuivies dans la soir\u00e9e avec deux perquisitions, men\u00e9es respectivement au domicile du g\u00e9rant pr\u00e9sum\u00e9 et \u00e0 celui du ravitailleur suppos\u00e9. Les policiers y ont saisi\u00a0un kilo de r\u00e9sine de cannabis et 1 800 euros en esp\u00e8ces.<\/p>\n<p>Une autre importante saisie quelques jours plus t\u00f4t<\/p>\n<p class=\"gmail-isSelectedEnd\">Cette op\u00e9ration intervient quelques jours seulement apr\u00e8s une autre saisie r\u00e9alis\u00e9e \u00e0 Villeurbanne. Mercredi 25 ao\u00fbt, une surveillance men\u00e9e rue du Tonkin avait conduit \u00e0 l\u2019interpellation de deux suspects pr\u00e8s d\u2019un box.<\/p>\n<p>\u00c0 l&rsquo;int\u00e9rieur, les policiers avaient d\u00e9couvert plusieurs types de stup\u00e9fiants en diff\u00e9rentes quantit\u00e9s, mais \u00e9galement un revolver, des munitions de calibre .357 Magnum et de l\u2019argent liquide.<\/p>\n","protected":false},"excerpt":{"rendered":"Les policiers ont attendu le bon moment pour intervenir. Dimanche 30 ao\u00fbt, une op\u00e9ration de surveillance \u00e9tait men\u00e9e&hellip;\n","protected":false},"author":2,"featured_media":1160156,"comment_status":"","ping_status":"","sticky":false,"template":"","format":"standard","meta":{"footnotes":"","_share_on_mastodon":"0"},"categories":[1889],"tags":[1111,11,2813,2190,2430,1109,251,1112,2811,1777,674,118,1011,27,1922,1110,1114,2428,2810,12,241,316,25,2812,517,800],"class_list":["post-1160155","post","type-post","status-publish","format-standard","has-post-thumbnail","category-lyon","tag-actu","tag-actualites","tag-article","tag-asvel","tag-auvergne-rhone-alpes","tag-breves","tag-culture","tag-depeches","tag-economique","tag-eu","tag-europe","tag-faits-divers","tag-fr","tag-france","tag-info","tag-informations","tag-infos","tag-lyon","tag-lyonmag","tag-news","tag-ol","tag-politique","tag-republique-francaise","tag-sociale","tag-sport","tag-transports"],"share_on_mastodon":{"url":"https:\/\/pubeurope.com\/@fr\/117193078541342523","error":""},"_links":{"self":[{"href":"https:\/\/www.europesays.com\/fr\/wp-json\/wp\/v2\/posts\/1160155","targetHints":{"allow":["GET"]}}],"collection":[{"href":"https:\/\/www.europesays.com\/fr\/wp-json\/wp\/v2\/posts"}],"about":[{"href":"https:\/\/www.europesays.com\/fr\/wp-json\/wp\/v2\/types\/post"}],"author":[{"embeddable":true,"href":"https:\/\/www.europesays.com\/fr\/wp-json\/wp\/v2\/users\/2"}],"replies":[{"embeddable":true,"href":"https:\/\/www.europesays.com\/fr\/wp-json\/wp\/v2\/comments?post=1160155"}],"version-history":[{"count":0,"href":"https:\/\/www.europesays.com\/fr\/wp-json\/wp\/v2\/posts\/1160155\/revisions"}],"wp:featuredmedia":[{"embeddable":true,"href":"https:\/\/www.europesays.com\/fr\/wp-json\/wp\/v2\/media\/1160156"}],"wp:attachment":[{"href":"https:\/\/www.europesays.com\/fr\/wp-json\/wp\/v2\/media?parent=1160155"}],"wp:term":[{"taxonomy":"category","embeddable":true,"href":"https:\/\/www.europesays.com\/fr\/wp-json\/wp\/v2\/categories?post=1160155"},{"taxonomy":"post_tag","embeddable":true,"href":"https:\/\/www.europesays.com\/fr\/wp-json\/wp\/v2\/tags?post=1160155"}],"curies":[{"name":"wp","href":"https:\/\/api.w.org\/{rel}","templated":true}]}}