{"id":1160159,"date":"2026-09-01T01:01:13","date_gmt":"2026-09-01T01:01:13","guid":{"rendered":"https:\/\/www.europesays.com\/fr\/1160159\/"},"modified":"2026-09-01T01:01:13","modified_gmt":"2026-09-01T01:01:13","slug":"agression-sexuelle-a-clamart-un-ex-entraineur-cycliste-condamne-a-cinq-ans-de-prison-dont-un-ferme","status":"publish","type":"post","link":"https:\/\/www.europesays.com\/fr\/1160159\/","title":{"rendered":"Agression sexuelle \u00e0 Clamart\u00a0: un ex-entra\u00eeneur cycliste condamn\u00e9 \u00e0 cinq ans de prison dont un ferme"},"content":{"rendered":"<p data-ofstats-scroll=\"read_depth_10\">Fellation sur un mineur de 13\u00a0ans en 2009, messages obsc\u00e8nes \u00e0 une dizaine d\u2019autres\u00a0: un ex-cadre du club de cyclisme de <a href=\"https:\/\/www.ouest-france.fr\/ile-de-france\/clamart-92140\/\" target=\"_self\" rel=\"nofollow noopener\">Clamart<\/a>\u00a0(<a href=\"https:\/\/www.ouest-france.fr\/ile-de-france\/hauts-de-seine\/\" target=\"_self\" rel=\"nofollow noopener\">Hauts-de-Seine<\/a>), qui reconna\u00eet les faits, a \u00e9t\u00e9 condamn\u00e9 lundi 31\u00a0ao\u00fbt 2026 \u00e0 cinq ans de prison dont un ferme par le tribunal correctionnel de Nanterre.<\/p>\n<p data-ofstats-scroll=\"read_depth_20\"><strong>\u00ab\u00a0De l\u2019aveu m\u00eame<\/strong>\u00a0(du pr\u00e9venu)<strong>, si ces faits n\u2019avaient pas \u00e9t\u00e9 r\u00e9v\u00e9l\u00e9s, il aurait probablement continu\u00e9\u00a0\u00bb<\/strong>, a soulign\u00e9 la procureure, qui avait requis deux ans de prison ferme, notant la <strong>\u00ab\u00a0dur\u00e9e et la r\u00e9p\u00e9tition des faits\u00a0\u00bb<\/strong>.<\/p>\n<p data-ofstats-scroll=\"read_depth_20\">William Bastit, 49\u00a0ans, qui \u00e9tait avant les faits vice-pr\u00e9sident de commission de la F\u00e9d\u00e9ration fran\u00e7aise de cyclisme et pr\u00e9sident du comit\u00e9 d\u00e9partemental du 92, a \u00e9galement \u00e9t\u00e9 condamn\u00e9 \u00e0 une interdiction d\u00e9finitive de toute activit\u00e9 avec des mineurs, avec injonction de soins.<\/p>\n<p data-ofstats-scroll=\"read_depth_30\">L\u2019enqu\u00eate visant celui que plusieurs parents d\u00e9crivent comme un <strong>\u00ab\u00a0pilier\u00a0\u00bb<\/strong> de la CSM Clamart Cyclisme 92, l\u2019un des plus importants clubs d\u2019\u00cele-de-France, d\u00e9bute avec le signalement en 2024 d\u2019un ancien membre, qui d\u00e9nonce une agression sexuelle.<\/p>\n<p data-ofstats-scroll=\"read_depth_40\">En octobre\u00a02009, William Bastit, qui lui avait trouv\u00e9 un stage et l\u2019h\u00e9bergeait pour une semaine alors que l\u2019adolescent \u00e9tait \u00e2g\u00e9 de 13\u00a0ans, lui montre un film pornographique, insiste pour le masturber, puis lui fait une fellation.<\/p>\n<p data-ofstats-scroll=\"read_depth_40\">Alors que sa famille est tr\u00e8s impliqu\u00e9e dans la vie du club de cyclisme, Yann\u00a0(pr\u00e9nom modifi\u00e9 \u00e0 sa demande) se sent <strong>\u00ab\u00a0prisonnier, sans possibilit\u00e9 de prendre de la distance\u00a0\u00bb<\/strong>, explique-t-il devant le tribunal correctionnel.<\/p>\n<p data-ofstats-scroll=\"read_depth_50\">D\u00e9sormais formateur sportif pour des mineurs, <strong>\u00ab\u00a0je me positionne en tant que professionnel\u00a0\u00bb mais \u00e9galement \u00ab\u00a0pour l\u2019enfant de 13\u00a0ans que j\u2019\u00e9tais\u00a0\u00bb<\/strong>, explique-t-il. Durant l\u2019audience, la pr\u00e9sidente a montr\u00e9 une photo de Yann un an apr\u00e8s les faits, en tenue de cycliste sur son v\u00e9lo, visage imberbe et traits fins.<\/p>\n<p data-ofstats-scroll=\"read_depth_50\"><strong>\u00ab\u00a0C\u2019est un pr\u00e9-ado, presque un enfant\u00a0\u00bb<\/strong>, a-t-elle soulign\u00e9.<\/p>\n<p>        Sentiment de trahison<\/p>\n<p data-ofstats-scroll=\"read_depth_60\">L\u2019\u00e9ducateur, qui a reconnu <strong>\u00ab\u00a0avoir \u00e9t\u00e9 p\u00e9dophile\u00a0\u00bb<\/strong> mais assure ne plus l\u2019\u00eatre depuis le d\u00e9but de l\u2019enqu\u00eate, dit avoir vu <strong>\u00ab\u00a0la col\u00e8re\u00a0\u00bb<\/strong> de Yann, mais nie avoir compris lui avoir fait du mal.<\/p>\n<p data-ofstats-scroll=\"read_depth_60\">La pr\u00e9sidente lui a rappel\u00e9 un message de l\u2019adolescent, envoy\u00e9 quelques ann\u00e9es apr\u00e8s les faits et alors que son fr\u00e8re rentrait au club, lui disant\u00a0: <strong>\u00ab\u00a0J\u2019esp\u00e8re que tu vas pas recommencer tes conneries\u00a0\u00bb<\/strong>.<\/p>\n<p data-ofstats-scroll=\"read_depth_70\">William Bastit lui r\u00e9pond\u00a0: <strong>\u00ab\u00a0Rassure-toi pour eux, je veux pas les faire souffrir comme toi\u00a0\u00bb<\/strong>.<\/p>\n<p data-ofstats-scroll=\"read_depth_70\">Pourtant, jusqu\u2019en 2024, il continue d\u2019envoyer des messages \u00e0 des adolescents leur parlant de leur sexualit\u00e9 et leur demandant des photos de leurs corps, de leurs sexes.<\/p>\n<p data-ofstats-scroll=\"read_depth_80\">Quatorze noms \u00e9taient retenus par les enqu\u00eateurs, mais certains n\u2019ont pas souhait\u00e9 porter plainte et les d\u00e9bats ont soulign\u00e9 que les faits \u00e9taient prescrits pour d\u2019autres.<\/p>\n<p data-ofstats-scroll=\"read_depth_80\"><strong>\u00ab\u00a0Il m\u2019avait offert mon premier portable, mes parents ne voulaient pas. J\u2019ai jamais pris de plaisir \u00e0 lui r\u00e9pondre, j\u2019\u00e9tais g\u00ean\u00e9\u00a0\u00bb<\/strong>, a t\u00e9moign\u00e9 l\u2019un de ces adolescents, tandis que les parents de plusieurs victimes ont partag\u00e9 leur sentiment de trahison.<\/p>\n<p data-ofstats-scroll=\"read_depth_90\"><strong>\u00ab\u00a0Je n\u2019ai jamais jou\u00e9 l\u2019amiti\u00e9 avec ces personnes, j\u2019avais le vice d\u2019envoyer ces messages, comme si j\u2019\u00e9tais deux personnes diff\u00e9rentes\u00a0\u00bb<\/strong>, a justifi\u00e9 le pr\u00e9venu.<\/p>\n<p data-ofstats-scroll=\"read_depth_100\"><strong>\u00ab\u00a0Les termes d\u2019amiti\u00e9 sont compl\u00e8tement d\u00e9plac\u00e9s\u00a0\u00bb<\/strong>, a reconnu son avocate Me Shahena Syan, qui a cependant soulign\u00e9 que son client <strong>\u00ab\u00a0reconna\u00eet les faits, c\u2019est une prise de conscience qu\u2019il a eue\u00a0\u00bb<\/strong>.<\/p>\n","protected":false},"excerpt":{"rendered":"Fellation sur un mineur de 13\u00a0ans en 2009, messages obsc\u00e8nes \u00e0 une dizaine d\u2019autres\u00a0: un ex-cadre du club&hellip;\n","protected":false},"author":2,"featured_media":1160160,"comment_status":"","ping_status":"","sticky":false,"template":"","format":"standard","meta":{"footnotes":"","_share_on_mastodon":"0"},"categories":[1592],"tags":[1111,74853,11,1267,39169,207,1777,674,1011,27,3314,662,303,10963,12,626,1974,25,96],"class_list":["post-1160159","post","type-post","status-publish","format-standard","has-post-thumbnail","category-ile-de-france","tag-actu","tag-actualite-en-continu","tag-actualites","tag-agression-sexuelle","tag-clamart","tag-cyclisme","tag-eu","tag-europe","tag-fr","tag-france","tag-hauts-de-seine","tag-ile-de-france","tag-justice","tag-nanterre","tag-news","tag-paris","tag-pedocriminalite","tag-republique-francaise","tag-une"],"share_on_mastodon":{"url":"https:\/\/pubeurope.com\/@fr\/117193086497826896","error":""},"_links":{"self":[{"href":"https:\/\/www.europesays.com\/fr\/wp-json\/wp\/v2\/posts\/1160159","targetHints":{"allow":["GET"]}}],"collection":[{"href":"https:\/\/www.europesays.com\/fr\/wp-json\/wp\/v2\/posts"}],"about":[{"href":"https:\/\/www.europesays.com\/fr\/wp-json\/wp\/v2\/types\/post"}],"author":[{"embeddable":true,"href":"https:\/\/www.europesays.com\/fr\/wp-json\/wp\/v2\/users\/2"}],"replies":[{"embeddable":true,"href":"https:\/\/www.europesays.com\/fr\/wp-json\/wp\/v2\/comments?post=1160159"}],"version-history":[{"count":0,"href":"https:\/\/www.europesays.com\/fr\/wp-json\/wp\/v2\/posts\/1160159\/revisions"}],"wp:featuredmedia":[{"embeddable":true,"href":"https:\/\/www.europesays.com\/fr\/wp-json\/wp\/v2\/media\/1160160"}],"wp:attachment":[{"href":"https:\/\/www.europesays.com\/fr\/wp-json\/wp\/v2\/media?parent=1160159"}],"wp:term":[{"taxonomy":"category","embeddable":true,"href":"https:\/\/www.europesays.com\/fr\/wp-json\/wp\/v2\/categories?post=1160159"},{"taxonomy":"post_tag","embeddable":true,"href":"https:\/\/www.europesays.com\/fr\/wp-json\/wp\/v2\/tags?post=1160159"}],"curies":[{"name":"wp","href":"https:\/\/api.w.org\/{rel}","templated":true}]}}