{"id":1160163,"date":"2026-09-01T01:03:40","date_gmt":"2026-09-01T01:03:40","guid":{"rendered":"https:\/\/www.europesays.com\/fr\/1160163\/"},"modified":"2026-09-01T01:03:40","modified_gmt":"2026-09-01T01:03:40","slug":"le-petit-frere-parisien-de-grand-frais-ouvre-une-nouvelle-adresse-dans-la-capitale","status":"publish","type":"post","link":"https:\/\/www.europesays.com\/fr\/1160163\/","title":{"rendered":"Le petit fr\u00e8re parisien de Grand Frais ouvre une nouvelle adresse dans la capitale\u00a0!"},"content":{"rendered":"<p>Depuis<strong> l\u2019ouverture de sa premi\u00e8re adresse il y a un peu plus de deux ans<\/strong>, <a href=\"https:\/\/www.lebonbon.fr\/paris\/news\/mon-marche-grand-frais-ouvre-nouveau-magasin-xxl-plein-coeur-paris\/\" rel=\"nofollow noopener\" target=\"_blank\"><strong>Mon-march\u00e9.fr <\/strong><\/a>a su <strong>conqu\u00e9rir le c\u0153ur de tous les Parisiens<\/strong>, gr\u00e2ce \u00e0 une <strong>offre unique et des prix attractifs<\/strong>. Preuve en est, l\u2019enseigne va <strong>ouvrir sa 8e adresse dans la capitale<\/strong>. Un nouveau local de <strong>410 m\u00b2<\/strong>, au sein duquel vous pourrez retrouver<strong> tous les produits qui font le succ\u00e8s de cette version urbaine de Grand Frais<\/strong>. Alors <strong>adresse, date,<\/strong> on vous dit tout sur cette ouverture \u00e0 ne pas manquer.<\/p>\n<p>&#13;<br \/>\n<br \/>Du frais, du frais et encore du frais&#13;<\/p>\n<p>Depuis quelques ann\u00e9es maintenant, c\u2019est <strong>devenu la r\u00e9f\u00e9rence course du pays<\/strong>. L\u2019enseigne<a href=\"https:\/\/www.lebonbon.fr\/paris\/news\/mon-marche-grand-frais-ouvre-nouveau-magasin-xxl-plein-coeur-paris\/\" rel=\"nofollow noopener\" target=\"_blank\"><strong> Grand Frais <\/strong><\/a>suscite un r\u00e9el engouement gr\u00e2ce \u00e0 la <strong>qualit\u00e9, la fra\u00eecheur, l\u2019originalit\u00e9 et les tarifs de ses produits<\/strong>. Et si, dans un premier temps,<strong> nombre de Parisiens \u00e9taient frustr\u00e9s<\/strong> de ne pas y avoir acc\u00e8s au quotidien, il n\u2019en est plus rien. En effet, <strong>apr\u00e8s pas moins de 7 adresses<\/strong>, Mon-march\u00e9.fr, son \u00e9quivalent urbain, s\u2019appr\u00eate \u00e0 <strong>d\u00e9voiler le petit dernier dans le 14e.<\/strong><\/p>\n<p>&#13;<\/p>\n<blockquote class=\"twitter-tweet\"><p>&#13;<\/p>\n<p lang=\"fr\" dir=\"ltr\"><a href=\"https:\/\/x.com\/hashtag\/LEFILCONSO?src=hash&amp;ref_src=twsrc%5Etfw\" rel=\"nofollow\">#LEFILCONSO<\/a> Le 8e magasin <a href=\"https:\/\/t.co\/e045gFNx16\" rel=\"nofollow\">https:\/\/t.co\/e045gFNx16<\/a> (le \u00ab\u00a0Grand Frais parisien\u00a0\u00bb) ouvrira le 16 septembre \u00e0 Paris-Losserand. 410 m2, 1 500 produits, 100 % alimentaire. <a href=\"https:\/\/t.co\/l5wfaqfPPt\" rel=\"nofollow\">pic.twitter.com\/l5wfaqfPPt<\/a><\/p>\n<p>&#13;<br \/>\n\u2014 Olivier Dauvers (@Dauvers70) <a href=\"https:\/\/x.com\/Dauvers70\/status\/2094306616694694377?ref_src=twsrc%5Etfw\" rel=\"nofollow\">August 31, 2026<\/a><\/p><\/blockquote>\n<p>&#13;<br \/>\n&#13;<\/p>\n<p>Au programme, une<strong> formule dor\u00e9navant traditionnelle pour l\u2019enseigne<\/strong>. Dans un <strong>ancien Franprix r\u00e9habilit\u00e9<\/strong>, vous pourrez retrouver<a href=\"https:\/\/www.lebonbon.fr\/paris\/les-tops-food-et-drink\/meilleures-epiceries-fines-paris\/\" rel=\"nofollow noopener\" target=\"_blank\"><strong> 410 m\u00b2 de produits frais<\/strong><\/a>. Pr\u00e8s de<strong> 200 fruits et l\u00e9gumes<\/strong> disponibles chaque jour \u2014 issus directement d\u2019un<strong> partenariat avec plus de 700 producteurs<\/strong> \u2014, des <strong>viandes et volailles 100% fran\u00e7aises<\/strong>, la quasi-totalit\u00e9 des<strong> AOP fromag\u00e8res et cr\u00e9mi\u00e8res fran\u00e7aises<\/strong>, des poissons venus directement de <strong>33 cri\u00e9es<\/strong>, ou encore une offre de traiteur, pour un total de<strong> pr\u00e8s de 1000 r\u00e9f\u00e9rences ultra-fra\u00eeches.<\/strong> Le tout, au prix le plus juste possible, bien \u00e9videmment.<\/p>\n<p>&#13;<br \/>\n<br \/>Un mod\u00e8le qui fonctionne&#13;<\/p>\n<p>Non-contentes de nous<strong> proposer des produits de qualit\u00e9 \u00e0 prix abordable,<\/strong> les enseignes Mon-march\u00e9.fr offrent \u00e9galement <strong>une grande flexibilit\u00e9 \u00e0 leurs consommateurs parisiens<\/strong>, qui peuvent venir faire leurs courses en direct, mais aussi <a href=\"https:\/\/www.lebonbon.fr\/paris\/societe\/supermarche-le-moins-cher-de-paris\/\" rel=\"nofollow noopener\" target=\"_blank\"><strong>b\u00e9n\u00e9ficier des options click and collect, ou de la livraison \u00e0 domicile<\/strong><\/a>. De quoi proposer une<strong> meilleure consommation au c\u0153ur des grandes villes<\/strong>, gr\u00e2ce \u00e0 des <strong>produits d\u2019exception<\/strong> choisis comme sur le march\u00e9. Alors pour profiter de ce nouveau spot o\u00f9 l\u2019on sent d\u00e9j\u00e0 <strong>que l\u2019on va adorer faire ses courses,<\/strong> rendez-vous le<strong> 16 septembre 2026 <\/strong>au <strong>53, rue Raymond Losserand\u00a0!<\/strong><\/p>\n<p>&#13;<\/p>\n<blockquote class=\"instagram-media\" data-instgrm-permalink=\"https:\/\/www.instagram.com\/p\/DbV8sjrjUiO\/?utm_source=ig_embed&amp;utm_campaign=loading\" data-instgrm-version=\"14\" style=\"background: #FFF; border: 0; border-radius: 3px; box-shadow: 0 0 1px 0 rgba(0,0,0,0.5),0 1px 10px 0 rgba(0,0,0,0.15); margin: 1px; max-width: 540px; min-width: 326px; padding: 0; width: calc(100% - 2px);\"><p>&#13;<br \/>\n&#13;\n<\/p><\/blockquote>\n<p>&#13;<br \/>\n<script async src=\"https:\/\/platform.twitter.com\/widgets.js\" charset=\"utf-8\"><\/script><script async src=\"\/\/www.instagram.com\/embed.js\"><\/script><\/p>\n","protected":false},"excerpt":{"rendered":"Depuis l\u2019ouverture de sa premi\u00e8re adresse il y a un peu plus de deux ans, Mon-march\u00e9.fr a su&hellip;\n","protected":false},"author":2,"featured_media":1160164,"comment_status":"","ping_status":"","sticky":false,"template":"","format":"standard","meta":{"footnotes":"","_share_on_mastodon":"0"},"categories":[1888],"tags":[1111,1928,11,1927,1777,674,1011,27,12,1926,626,1925,25],"class_list":["post-1160163","post","type-post","status-publish","format-standard","has-post-thumbnail","category-paris","tag-actu","tag-actu-paris","tag-actualites","tag-actualites-paris","tag-eu","tag-europe","tag-fr","tag-france","tag-news","tag-news-paris","tag-paris","tag-paris-news","tag-republique-francaise"],"share_on_mastodon":{"url":"https:\/\/pubeurope.com\/@fr\/117193094349412397","error":""},"_links":{"self":[{"href":"https:\/\/www.europesays.com\/fr\/wp-json\/wp\/v2\/posts\/1160163","targetHints":{"allow":["GET"]}}],"collection":[{"href":"https:\/\/www.europesays.com\/fr\/wp-json\/wp\/v2\/posts"}],"about":[{"href":"https:\/\/www.europesays.com\/fr\/wp-json\/wp\/v2\/types\/post"}],"author":[{"embeddable":true,"href":"https:\/\/www.europesays.com\/fr\/wp-json\/wp\/v2\/users\/2"}],"replies":[{"embeddable":true,"href":"https:\/\/www.europesays.com\/fr\/wp-json\/wp\/v2\/comments?post=1160163"}],"version-history":[{"count":0,"href":"https:\/\/www.europesays.com\/fr\/wp-json\/wp\/v2\/posts\/1160163\/revisions"}],"wp:featuredmedia":[{"embeddable":true,"href":"https:\/\/www.europesays.com\/fr\/wp-json\/wp\/v2\/media\/1160164"}],"wp:attachment":[{"href":"https:\/\/www.europesays.com\/fr\/wp-json\/wp\/v2\/media?parent=1160163"}],"wp:term":[{"taxonomy":"category","embeddable":true,"href":"https:\/\/www.europesays.com\/fr\/wp-json\/wp\/v2\/categories?post=1160163"},{"taxonomy":"post_tag","embeddable":true,"href":"https:\/\/www.europesays.com\/fr\/wp-json\/wp\/v2\/tags?post=1160163"}],"curies":[{"name":"wp","href":"https:\/\/api.w.org\/{rel}","templated":true}]}}