{"id":1160178,"date":"2026-09-01T01:13:22","date_gmt":"2026-09-01T01:13:22","guid":{"rendered":"https:\/\/www.europesays.com\/fr\/1160178\/"},"modified":"2026-09-01T01:13:22","modified_gmt":"2026-09-01T01:13:22","slug":"les-champions-deurope-recus-a-la-fff-federation-francaise-de-football-fff","status":"publish","type":"post","link":"https:\/\/www.europesays.com\/fr\/1160178\/","title":{"rendered":"Les champions d&rsquo;Europe re\u00e7us \u00e0 la FFF | F\u00e9d\u00e9ration Fran\u00e7aise de Football (FFF)"},"content":{"rendered":"<p>    <img data-twic-src=\"https:\/\/www.europesays.com\/fr\/wp-content\/uploads\/2026\/09\/3a3fd7444f2b8938486ed863fbbfd671.png\" data-credit=\"Philippe MAYEN \/ FFF\" title=\"Philippe MAYEN \/ FFF\" alt=\"FFF Diallo C\u00e9cifoot Villeroux\" class=\"block\"\/>   <\/p>\n<p style=\"font-weight: bold\">L&rsquo;\u00e9quipe de France C\u00e9cifoot, victorieuse du championnat d&rsquo;Europe 2026, a \u00e9t\u00e9 re\u00e7ue \u00e0 la FFF par le pr\u00e9sident Philippe Diallo, lundi 31 ao\u00fbt. <\/p>\n<p>Les Bleus du C\u00e9cifoot \u00e9taient de retour \u00e0 la FFF, lundi matin. <a href=\"https:\/\/www.fff.fr\/article\/13231-l-equipe-de-france-de-cecifoot-recue-a-la-fff.html\" target=\"_blank\" rel=\"noopener nofollow\">Deux ans<\/a> apr\u00e8s y \u00eatre entr\u00e9s la <a href=\"https:\/\/www.fff.fr\/article\/13149-une-premiere-en-or.html\" target=\"_blank\" rel=\"noopener nofollow\">m\u00e9daille d&rsquo;or des Jeux paralympiques de Paris 2024<\/a> autour du cou, c&rsquo;est en champions d&rsquo;Europe 2026 que Fr\u00e9d\u00e9ric Villeroux et ses co\u00e9quipiers ont \u00e0 nouveau franchi les portes du 87 boulevard de Grenelle \u00e0 Paris, \u00e0 l&rsquo;invitation de Philippe Diallo. Le pr\u00e9sident de la F\u00e9d\u00e9ration Fran\u00e7aise de Football avait ainsi tenu \u00e0 recevoir les tout r\u00e9cents <a href=\"https:\/\/www.fff.fr\/article\/17208-la-france-conserve-sa-couronne.html\" target=\"_blank\" rel=\"noopener nofollow\">vainqueurs de l&rsquo;Euro 2026 organis\u00e9 \u00e0 Strasbourg<\/a> (Bas-Rhin) pour \u00ab vous f\u00e9liciter pour votre titre et vous remercier pour ce que vous faites au-del\u00e0 du sport \u00bb, en pr\u00e9sence de Toussaint Akpweh et Charly Simo, respectivement entra\u00eeneur et team manager des Tricolores.\u00a0<\/p>\n<p><strong>\u00ab La continuit\u00e9 dans la performance \u00bb<\/strong><br \/>\u00ab Ce nouvel exploit, apr\u00e8s les Jeux paralympiques qui avaient enthousiasm\u00e9 la France enti\u00e8re et fait entrer votre \u00e9quipe dans le c\u0153ur de tous les Fran\u00e7ais, montre une permanence au plus haut niveau, une continuit\u00e9 dans la performance sportive, a soulign\u00e9 Philippe Diallo, au c\u00f4t\u00e9 de Ga\u00ebl Rivi\u00e8re, pr\u00e9sident de la <a href=\"https:\/\/www.handisport.org\/\" target=\"_blank\" rel=\"noopener nofollow\">F\u00e9d\u00e9ration Fran\u00e7aise Handisport (FFH)<\/a> et joueur de l&rsquo;\u00e9quipe de France C\u00e9cifoot (photo ci-dessous). Gagner, c&rsquo;est formidable, se maintenir au sommet est une performance encore plus difficile. Vous \u00eates champions d&rsquo;Europe pour la deuxi\u00e8me fois cons\u00e9cutive, la quatri\u00e8me au total. Cela vous inscrit comme une des grandes \u00e9quipes de C\u00e9cifoot de la plan\u00e8te. Vous avez \u00e0 nouveau enthousiasm\u00e9 le public et des millions de t\u00e9l\u00e9spectateurs et port\u00e9 haut les couleurs de la France \u00bb.\u00a0<\/p>\n<p><strong>\u00ab Des parent\u00e9s avec l&rsquo;\u00c9quipe de France \u00bb<\/strong><br \/>\u00ab On a la chance d&rsquo;avoir une \u00e9quipe aussi extraordinaire sur le terrain qu&rsquo;en dehors, qui vit bien, qui se conna\u00eet dans les bons et les mauvais moments et r\u00e9ussit toujours \u00e0 se remettre en question, \u00e0 travailler dans l&rsquo;unit\u00e9 et avec ambition, a point\u00e9 Ga\u00ebl Rivi\u00e8re. Cette \u00e9quipe de France C\u00e9cifoot a beaucoup de parent\u00e9s avec l&rsquo;\u00c9quipe de France dans la mani\u00e8re dont elle s&rsquo;envisage, dont elle agit, dont elle communique, avec beaucoup d&rsquo;humilit\u00e9 dans le discours, beaucoup de travail. L&rsquo;une et l&rsquo;autre savent que l&rsquo;ambition se fait par les actes et la d\u00e9monstration sur le terrain \u00bb.\u00a0<\/p>\n<p><img decoding=\"async\" title=\"Philippe MAYEN FFF\" src=\"https:\/\/www.europesays.com\/fr\/wp-content\/uploads\/2026\/09\/cfd7e1ee882f44a0225ff459ac1e558f.jpg\" alt=\"\"\/>Philippe Diallo et Ga\u00ebl Rivi\u00e8re, pr\u00e9sidents de la F\u00e9d\u00e9ration Fran\u00e7aise de Football et de la F\u00e9d\u00e9ration Fran\u00e7aise Handisport (photo Philippe MAYEN \/ FFF).<\/p>\n<p>Lors de cette r\u00e9ception \u00e0 laquelle ont assist\u00e9 Claude Delforge, pr\u00e9sident de la Ligue du Football Amateur (LFA), Pascal Tranquille, d\u00e9l\u00e9gu\u00e9 de la FFF aupr\u00e8s de l&rsquo;\u00e9quipe de France C\u00e9cifoot, Gr\u00e9gory Saint-Geni\u00e8s, directeur technique nationale de la FFH, Amel Bouzoura, directrice de l&rsquo;Engagement de la FFF, et Alexandre Boulleray, responsable sponsoring EDF (partenaire de la FFH et de la FFF), le pr\u00e9sident de la FFF a aussi mis en avant \u00ab l&rsquo;aventure humaine \u00bb que repr\u00e9sente la conqu\u00eate de ce nouveau troph\u00e9e : \u00ab Vous \u00eates aussi la marque du travail, de la d\u00e9termination, de l&rsquo;engagement, de la coh\u00e9sion, de l&rsquo;inclusion, des valeurs auxquelles nous sommes tr\u00e8s attach\u00e9s et que vous portez. \u00c0 travers vos exploits, vous donnez aussi du courage et \u00eates une source d&rsquo;inspiration pour beaucoup des milliers gens en situation de handicap. \u00bb<\/p>\n<p><strong>Un partenariat FFF-FFH de qualit\u00e9<\/strong><br \/>Philippe Diallo et Ga\u00ebl Rivi\u00e8re se sont r\u00e9jouis conjointement \u00e0 cette occasion de la qualit\u00e9 du <a href=\"https:\/\/www.fff.fr\/article\/15931-soutien-renouvele-aux-federations-en-charge-du-handicap.html\" target=\"_blank\" rel=\"noopener nofollow\">partenariat qui associe les deux f\u00e9d\u00e9rations<\/a> depuis des ann\u00e9es. \u00ab La FFF est tr\u00e8s heureuse d&rsquo;apporter sa contribution \u00e0 ces succ\u00e8s et de prolonger cet engagement dans le temps au c\u00f4t\u00e9 d&rsquo;une f\u00e9d\u00e9ration qui porte le handisport au quotidien et travaille souvent dans l&rsquo;ombre \u00bb, a indiqu\u00e9 le premier. \u00ab Merci \u00e0 la FFF et \u00e0 son pr\u00e9sident pour ce que nous avons r\u00e9ussi \u00e0 construire ensemble, dans un \u00e9tat d&rsquo;esprit de compl\u00e9mentarit\u00e9 pour faire encore mieux ce que nous faisons de bien. On peut aller encore plus loin dans nos synergies, dans nos rapprochements et dans le soutien que nous pouvons nous apporter mutuellement, la FFH dans sa connaissance et le d\u00e9ploiement du foot accessible \u00e0 tous, et la FFF dans son rayonnement et son pouvoir d&rsquo;action \u00bb, a conclu le second.<\/p>\n<p>   Les conseils de Bartolomucci aux R\u00e9fugi\u00e9s <\/p>\n<p class=\"light\">A l&rsquo;occasion de cette journ\u00e9e \u00e0 la F\u00e9d\u00e9ration, une rencontre entre Alessandro Bartolomucci, gardien de l\u2019\u00e9quipe de France C\u00e9cifoot (en haut \u00e0 gauche sur notre photo ci-dessous), et les joueurs et joueuses de l\u2019\u00e9quipe inclusive de la FFF* a \u00e9galement \u00e9t\u00e9 organis\u00e9e. Compos\u00e9e de sept personnes r\u00e9fugi\u00e9es et quatre salari\u00e9s FFF (quatre femmes et sept hommes) et entra\u00een\u00e9e par Ibrahima Fofana, cette s\u00e9lection (r\u00e9unie en collaboration avec l\u2019association Kabubu) pr\u00e9pare actuellement l&rsquo;\u00e9dition 2026 de l&rsquo;Unity Euro Cup 2026 pr\u00e9vue le jeudi 15 octobre \u00e0 Florence (Toscane), au centre technique de la F\u00e9d\u00e9ration Italienne de Football (FIGC).<br \/>\u00ab Soyez fiers de porter les couleurs de la France, leur a conseill\u00e9 le champion paralympique 2024 et champion d&rsquo;Europe 2026. Au-del\u00e0 du r\u00e9sultat, vous \u00eates des ambassadeurs du respect et de l\u2019inclusion. Je vous souhaite bon courage pour ce tournoi, l\u2019\u00e9quipe de France de C\u00e9cifoot est derri\u00e8re vous, et surtout profitez de chaque moment et des rencontres que vous allez faire ! \u00bb<br \/>Trois entra\u00eenements au stade des Fillettes \u00e0 Paris (10, 17 et 24 septembre), deux matches amicaux dans le cadre d&rsquo;un stage au CNF Clairefontaine (9 et 10 octobre) sont au programme de l&rsquo;\u00e9quipe inclusive de la FFF avant son d\u00e9part pour l&rsquo;Unity Euro Cup.\u00a0<\/p>\n<p><img decoding=\"async\" title=\"Archives FFF\" src=\"https:\/\/www.europesays.com\/fr\/wp-content\/uploads\/2026\/09\/04673c0138d1fb4fff6bc7a026b830ca.jpg\" alt=\"\"\/><br \/>(Photo FFF)<\/p>\n","protected":false},"excerpt":{"rendered":"L&rsquo;\u00e9quipe de France C\u00e9cifoot, victorieuse du championnat d&rsquo;Europe 2026, a \u00e9t\u00e9 re\u00e7ue \u00e0 la FFF par le pr\u00e9sident&hellip;\n","protected":false},"author":2,"featured_media":1160179,"comment_status":"","ping_status":"","sticky":false,"template":"","format":"standard","meta":{"footnotes":"","_share_on_mastodon":"0"},"categories":[1586],"tags":[11,1777,674,85,1011,27,12,25],"class_list":["post-1160178","post","type-post","status-publish","format-standard","has-post-thumbnail","category-europe","tag-actualites","tag-eu","tag-europe","tag-fff","tag-fr","tag-france","tag-news","tag-republique-francaise"],"share_on_mastodon":{"url":"https:\/\/pubeurope.com\/@fr\/117193134027466968","error":""},"_links":{"self":[{"href":"https:\/\/www.europesays.com\/fr\/wp-json\/wp\/v2\/posts\/1160178","targetHints":{"allow":["GET"]}}],"collection":[{"href":"https:\/\/www.europesays.com\/fr\/wp-json\/wp\/v2\/posts"}],"about":[{"href":"https:\/\/www.europesays.com\/fr\/wp-json\/wp\/v2\/types\/post"}],"author":[{"embeddable":true,"href":"https:\/\/www.europesays.com\/fr\/wp-json\/wp\/v2\/users\/2"}],"replies":[{"embeddable":true,"href":"https:\/\/www.europesays.com\/fr\/wp-json\/wp\/v2\/comments?post=1160178"}],"version-history":[{"count":0,"href":"https:\/\/www.europesays.com\/fr\/wp-json\/wp\/v2\/posts\/1160178\/revisions"}],"wp:featuredmedia":[{"embeddable":true,"href":"https:\/\/www.europesays.com\/fr\/wp-json\/wp\/v2\/media\/1160179"}],"wp:attachment":[{"href":"https:\/\/www.europesays.com\/fr\/wp-json\/wp\/v2\/media?parent=1160178"}],"wp:term":[{"taxonomy":"category","embeddable":true,"href":"https:\/\/www.europesays.com\/fr\/wp-json\/wp\/v2\/categories?post=1160178"},{"taxonomy":"post_tag","embeddable":true,"href":"https:\/\/www.europesays.com\/fr\/wp-json\/wp\/v2\/tags?post=1160178"}],"curies":[{"name":"wp","href":"https:\/\/api.w.org\/{rel}","templated":true}]}}