{"id":1160204,"date":"2026-09-01T01:35:32","date_gmt":"2026-09-01T01:35:32","guid":{"rendered":"https:\/\/www.europesays.com\/fr\/1160204\/"},"modified":"2026-09-01T01:35:32","modified_gmt":"2026-09-01T01:35:32","slug":"le-defenseur-de-logc-nice-melvin-bard-sur-le-depart-niels-nkounkou-en-approche-nice-matin","status":"publish","type":"post","link":"https:\/\/www.europesays.com\/fr\/1160204\/","title":{"rendered":"Le d\u00e9fenseur de l\u2019OGC Nice Melvin Bard sur le d\u00e9part, Niels Nkounkou en approche &#8211; Nice-Matin"},"content":{"rendered":"<ol>\n<li><a href=\"https:\/\/news.google.com\/rss\/articles\/CBMiygFBVV95cUxQTmRrbVZwOFN6blhIdFpyTFhsUkJ0bkFEaFU4Vi1Ub0t4emlqMzgyQ19uNEtiOFdmMFdScjYyU2doc05JR1NKWW9qVDNWTk41Y3JvODZ3NGQ4bUppTk1zMnFlcWwtdzFLUUpUc01zcWR4eVlVU1RDTUlVWmkyRDVEQm91Y2huNDN6ZWlMekllckwxckJqVG90MUczQ0ZxYjd1clZYNjFqdGp4ZzJNamRESXkzaXIwSldoRS1BU2ZNS3JsamxYT1BSOU1R?oc=5\" target=\"_blank\" rel=\"nofollow noopener\">Le d\u00e9fenseur de l\u2019OGC Nice Melvin Bard sur le d\u00e9part, Niels Nkounkou en approche<\/a>&nbsp;&nbsp;Nice-Matin<\/li>\n<li><a href=\"https:\/\/news.google.com\/rss\/articles\/CBMixwFBVV95cUxOVWgyY0c4eDJXNFRfYzBReEEzSS1DdWZXUXJTMUdBWlgwSy1CMFBwWlhOZERsd0kya0J3Ym9YTFo1MW1HX3ExaHpiWHA0N1VUdUtpVEpNVWZqSDhEejMtam9oQUppTXR5U195cll0S0VDLTRYWFhOdnVSLXNjMGtnX0NKcjMtZG9HSExDdUU4TGFJT3AySUtxY0pBRlBnbk54NFZTMDRkRnhvV1pOQTZVTVN0c184UmZVSHpqcjRadWNlVm1FVFRB?oc=5\" target=\"_blank\" rel=\"nofollow noopener\">Mercato : le lat\u00e9ral gauche de Francfort Niels Nkounkou proche d&rsquo;un pr\u00eat \u00e0 Nice<\/a>&nbsp;&nbsp;L&rsquo;\u00c9quipe<\/li>\n<li><a href=\"https:\/\/news.google.com\/rss\/articles\/CBMilgFBVV95cUxNcGh0Wl9zeENFUmFiMGd5MEhRVEVBOE5aQzlKcGZBR2dQMjRlLWZSZGlWSWM0WFJpQ0U1ZEQ5VUN1T2lsTUVpWm1TWTUteVVTaG5SYm1BY0ZBUjI1S1pSSXV6RVlteFF6YUVwTklMdjVIcm9lOHNIMVBnbGlwbmczZlhZQWN6SEJTdVJMMGZ3VF9IX2ZKTXc?oc=5\" target=\"_blank\" rel=\"nofollow noopener\">Coventry avance ses pions pour Melvin Bard<\/a>&nbsp;&nbsp;Foot Mercato<\/li>\n<li><a href=\"https:\/\/news.google.com\/rss\/articles\/CBMickFVX3lxTE9JUURNSW9vUDdmYUs3cTF6djVaWWNzSF9yYjJGUGttNnlvU1VwdmU5N3FvZ05TeXY4eGhlM2FpS3g3a0sxS05lX1dGa3FDX2VucGJuLU0wdEl2ZzR4VTd1WFRYUFl1RUgxU1dIaWxpM0Jqdw?oc=5\" target=\"_blank\" rel=\"nofollow noopener\">Nice et Leeds d&rsquo;accord pour Bard<\/a>&nbsp;&nbsp;Yahoo Actualit\u00e9s<\/li>\n<li><a href=\"https:\/\/news.google.com\/rss\/articles\/CBMiiAFBVV95cUxPRzNKVHZMb0hDRnRXQUdjODJUcG4xbnI2SU80WGJYQVNsVE56WU5faHAyRnFlazBmY2hOUWZyNzBsUXI2RU4waXJUTG5vaFFwWUtzTXJNSWNPeDVnUTJia2Z5N0M2WFV3MF9LdUswSGhsNllMVmRDc25MMWU5cXl3X04zamtOYm5k?oc=5\" target=\"_blank\" rel=\"nofollow noopener\">OGC Nice : Bard sur le d\u00e9part pour 10 M\u20ac ?<\/a>&nbsp;&nbsp;Sport.fr<\/li>\n<\/ol>\n","protected":false},"excerpt":{"rendered":"Le d\u00e9fenseur de l\u2019OGC Nice Melvin Bard sur le d\u00e9part, Niels Nkounkou en approche&nbsp;&nbsp;Nice-Matin Mercato : le lat\u00e9ral&hellip;\n","protected":false},"author":2,"featured_media":1160205,"comment_status":"","ping_status":"","sticky":false,"template":"","format":"standard","meta":{"footnotes":"","_share_on_mastodon":"0"},"categories":[9],"tags":[1011,27,54521,60],"class_list":["post-1160204","post","type-post","status-publish","format-standard","has-post-thumbnail","category-sports","tag-fr","tag-france","tag-ogcnice","tag-sports"],"share_on_mastodon":{"url":"https:\/\/pubeurope.com\/@fr\/117193220425660970","error":""},"_links":{"self":[{"href":"https:\/\/www.europesays.com\/fr\/wp-json\/wp\/v2\/posts\/1160204","targetHints":{"allow":["GET"]}}],"collection":[{"href":"https:\/\/www.europesays.com\/fr\/wp-json\/wp\/v2\/posts"}],"about":[{"href":"https:\/\/www.europesays.com\/fr\/wp-json\/wp\/v2\/types\/post"}],"author":[{"embeddable":true,"href":"https:\/\/www.europesays.com\/fr\/wp-json\/wp\/v2\/users\/2"}],"replies":[{"embeddable":true,"href":"https:\/\/www.europesays.com\/fr\/wp-json\/wp\/v2\/comments?post=1160204"}],"version-history":[{"count":0,"href":"https:\/\/www.europesays.com\/fr\/wp-json\/wp\/v2\/posts\/1160204\/revisions"}],"wp:featuredmedia":[{"embeddable":true,"href":"https:\/\/www.europesays.com\/fr\/wp-json\/wp\/v2\/media\/1160205"}],"wp:attachment":[{"href":"https:\/\/www.europesays.com\/fr\/wp-json\/wp\/v2\/media?parent=1160204"}],"wp:term":[{"taxonomy":"category","embeddable":true,"href":"https:\/\/www.europesays.com\/fr\/wp-json\/wp\/v2\/categories?post=1160204"},{"taxonomy":"post_tag","embeddable":true,"href":"https:\/\/www.europesays.com\/fr\/wp-json\/wp\/v2\/tags?post=1160204"}],"curies":[{"name":"wp","href":"https:\/\/api.w.org\/{rel}","templated":true}]}}