{"id":1160206,"date":"2026-09-01T01:36:44","date_gmt":"2026-09-01T01:36:44","guid":{"rendered":"https:\/\/www.europesays.com\/fr\/1160206\/"},"modified":"2026-09-01T01:36:44","modified_gmt":"2026-09-01T01:36:44","slug":"john-galliano-rattrape-par-cette-polemique-qui-oblige-le-met-gala-a-changer-de-theme-en-2027","status":"publish","type":"post","link":"https:\/\/www.europesays.com\/fr\/1160206\/","title":{"rendered":"John Galliano rattrap\u00e9 par cette pol\u00e9mique qui oblige le Met Gala\u00a0\u00e0 changer de th\u00e8me en 2027"},"content":{"rendered":"<p>        <img decoding=\"async\" loading=\"lazy\" src=\"https:\/\/www.europesays.com\/fr\/wp-content\/uploads\/2026\/09\/6973b5b_upload-1-s1ntx2ft7vfp-afp-20250304-2203312345-v1-highres-legranddinerdulouvrepassagerichelie.jpeg\"  width=\"728\" height=\"409\" alt=\"Le cr\u00e9ateur de mode britannique John Galliano posant devant le Mus\u00e9e du Louvre en mars\u00a02025.\"\/>  <\/p>\n<p>PASCAL LE SEGRETAIN \/ Getty Images via AFP<\/p>\n<p>Le cr\u00e9ateur de mode britannique John Galliano posant devant le Mus\u00e9e du Louvre en mars\u00a02025.<\/p>\n<p class=\"asset asset-text\">Un pass\u00e9 (toujours) trop encombrant. En mai\u00a02027, le th\u00e8me du prestigieux <a href=\"https:\/\/www.huffingtonpost.fr\/divertissement\/video\/le-met-gala-2026-a-tout-d-un-grand-jeu-de-piste-entre-les-uvres-d-art-et-les-stars_263400.html\" rel=\"nofollow noopener\" target=\"_blank\">Met Gala<\/a> devait s\u2019inspirer de la r\u00e9trospective <a href=\"https:\/\/www.huffingtonpost.fr\/culture\/article\/chanel-choisit-matthieu-blazy-pour-etre-son-nouveau-directeur-artistique_243486.html\" rel=\"nofollow noopener\" target=\"_blank\">John Galliano<\/a> pr\u00e9vue au Metropolitan Museum of Art (Met) de New York. Le rendez-vous annuel de la mode dirig\u00e9 par Anna Wintour va finalement devoir changer ses plans, apr\u00e8s la d\u00e9cision annonc\u00e9e ce lundi 31\u00a0ao\u00fbt par le styliste britannique.<\/p>\n<p class=\"asset asset-text\">Sur Instagram, <a href=\"https:\/\/www.huffingtonpost.fr\/culture\/article\/john-galliano-quitte-avec-fracas-la-maison-margiela-et-alimente-le-mystere-sur-la-suite-de-sa-carriere_243434.html\" rel=\"nofollow noopener\" target=\"_blank\">le cr\u00e9ateur de mode<\/a> a annonc\u00e9 qu\u2019il renon\u00e7ait \u00e0 cette exposition consacr\u00e9e \u00e0 son travail. C\u2019est la cons\u00e9quence directe des nombreuses critiques de donateurs et de responsables politiques concernant des<a href=\"https:\/\/www.huffingtonpost.fr\/culture\/article\/mark-ruffalo-repond-aux-accusations-affligeantes-d-antisemitisme_310071.html\" rel=\"nofollow noopener\" target=\"_blank\"> propos antis\u00e9mites<\/a> qu\u2019il avait tenus en 2011. \u00c0 l\u2019\u00e9poque, la maison Dior avait licenci\u00e9 John Galliano, alors directeur artistique de la marque, apr\u00e8s la diffusion d\u2019une vid\u00e9o le montrant, en \u00e9tat d\u2019\u00e9bri\u00e9t\u00e9, tenir des injures antis\u00e9mites dans un caf\u00e9 parisien.<\/p>\n<p class=\"asset asset-text\">\u00ab\u00a0Apr\u00e8s m\u00fbre r\u00e9flexion et apr\u00e8s en avoir discut\u00e9 avec toutes les personnes concern\u00e9es, j\u2019ai d\u00e9cid\u00e9, avec une grande tristesse, qu\u2019il \u00e9tait pr\u00e9f\u00e9rable que l\u2019exposition n\u2019ait pas lieu pour le moment\u00a0\u00bb, a \u00e9crit le cr\u00e9ateur sur son compte Instagram. Cette exposition devait initialement avoir lieu du 9\u00a0mai\u00a02027\u00a0au 9\u00a0janvier\u00a02028.<\/p>\n<p> La lecture de ce contenu est susceptible d\u2019entra\u00eener un d\u00e9p\u00f4t de cookies de la part de l\u2019op\u00e9rateur tiers qui l\u2019h\u00e9berge. Compte-tenu des choix que vous avez exprim\u00e9s en mati\u00e8re de d\u00e9p\u00f4t de cookies, nous avons bloqu\u00e9 l\u2019affichage de ce contenu. Si vous souhaitez y acc\u00e9der, vous devez accepter la cat\u00e9gorie de cookies \u201cContenus tiers\u201d en cliquant sur le bouton ci-dessous. <\/p>\n<p> Lire la Vid\u00e9o        <\/p>\n<p class=\"asset asset-text\">\u00ab\u00a0Je continue d\u2019assumer pleinement la responsabilit\u00e9 de la douleur caus\u00e9e par mes propos dans le pass\u00e9, et en particulier du mal que j\u2019ai fait aux communaut\u00e9s juive et asiatique, et je le regrette profond\u00e9ment\u00a0\u00bb, a-t-il ajout\u00e9. Le couturier dit aussi comprendre \u00ab\u00a0qu\u2019une v\u00e9ritable expiation ne s\u2019acquiert pas par une exposition, une reconnaissance institutionnelle ou un simple geste public. C\u2019est une responsabilit\u00e9 continue, qui se manifeste par l\u2019\u00e9coute, l\u2019apprentissage et la conduite au fil du temps\u00a0\u00bb.<\/p>\n<p class=\"asset asset-text\">Quelques jours avant cette officialisation, le <a href=\"https:\/\/www.nytimes.com\/2026\/08\/31\/style\/john-galliano-met-gala-canceled.html\" target=\"_blank\" rel=\"noopener nofollow\" title=\"Nouvelle fen\u00eatre\">New York Times<\/a> avait \u00e9t\u00e9 le premier \u00e0 rapporter l\u2019\u00e9mergence d\u2019une pol\u00e9mique autour d\u2019une exposition John Galliano en raison de ses propos antis\u00e9mites pass\u00e9s. Les critiques venaient alors de donateurs, politiciens et de dirigeants juifs m\u00e9contents de voir le Metropolitan Museum mettre \u00e0 l\u2019honneur ce monument contemporain de la mode apr\u00e8s sa condamnation en 2011.<\/p>\n<p>    \u00ab\u00a0La bonne d\u00e9cision\u00a0\u00bb selon Anna Wintour    <\/p>\n<p class=\"asset asset-text\">En 2011, ce sombre \u00e9pisode dans la vie du cr\u00e9ateur de haute couture avait mis un s\u00e9rieux coup d\u2019arr\u00eat \u00e0 sa prolifique carri\u00e8re et lui avait co\u00fbt\u00e9 sa L\u00e9gion d\u2019honneur. Apr\u00e8s ses propos racistes, il avait \u00e9t\u00e9 condamn\u00e9 par la justice fran\u00e7aise pour incitation \u00e0 la haine raciale et ethnique pour deux incidents. Le premier, survenu en f\u00e9vrier\u00a02011, le second en 2010, lorsqu\u2019une femme avait affirm\u00e9 qu\u2019il avait tenu des propos racistes similaires dans un bar.<\/p>\n<p class=\"asset asset-text\">Comme le rappelle <a href=\"https:\/\/www.hollywoodreporter.com\/lifestyle\/lifestyle-news\/met-gala-john-galliano-out-1236685642\/\" target=\"_blank\" rel=\"noopener nofollow\" title=\"Nouvelle fen\u00eatre\">The Hollywood Reporter<\/a>, il avait \u00e9t\u00e9 condamn\u00e9 \u00e0 une amende et avait d\u00fb verser des dommages et int\u00e9r\u00eats. Il s\u2019\u00e9tait alors retir\u00e9 de la vie publique durant deux ans. Depuis, John Galliano est progressivement revenu sur le devant de la sc\u00e8ne. En mars, il avait par exemple sign\u00e9 un \u00ab\u00a0partenariat artistique\u00a0\u00bb de deux ans avec la marque espagnole de pr\u00eat-\u00e0-porter Zara.<\/p>\n<p class=\"asset asset-text\">De son c\u00f4t\u00e9, Max Hollein, le directeur et PDG du Metropolitan Museum of Art, a confirm\u00e9 l\u2019annonce du styliste dans un communiqu\u00e9\u00a0: \u00ab\u00a0\u00c0 la suite de discussions approfondies avec de nombreuses parties prenantes et avec John Galliano, nous avons d\u00e9cid\u00e9 ensemble de ne pas donner suite \u00e0 cette exposition\u00a0\u00bb. Dans ce m\u00eame communiqu\u00e9, <a href=\"https:\/\/www.huffingtonpost.fr\/culture\/article\/anna-wintour-revele-enfin-ce-qu-elle-pense-du-diable-s-habille-en-prada-20-ans-apres_254649.html\" rel=\"nofollow noopener\" target=\"_blank\">la papesse de la mode Anna Wintour<\/a>, qui dirige le Met Gala depuis 1995,\u00a0a jug\u00e9 ce retrait raisonnable. \u00ab\u00a0La d\u00e9cision de John de demander au Mus\u00e9e de reporter l\u2019exposition consacr\u00e9e \u00e0 son \u0153uvre est extr\u00eamement courageuse et t\u00e9moigne de l\u2019homme qu\u2019il est devenu. Je pense qu\u2019il s\u2019agit de la bonne d\u00e9cision, et lui comme le Mus\u00e9e b\u00e9n\u00e9ficient de mon soutien total.\u00a0\u00bb<\/p>\n<p class=\"asset asset-text\">Avant cette annulation, pr\u00e9sent\u00e9e comme un report sans nouvelle date, John Galliano devait devenir le troisi\u00e8me cr\u00e9ateur de mode vivant honor\u00e9 de la sorte par le Met, apr\u00e8s Yves Saint Laurent en 1983\u00a0et Rei Kawakubo en 2017.<\/p>\n","protected":false},"excerpt":{"rendered":"PASCAL LE SEGRETAIN \/ Getty Images via AFP Le cr\u00e9ateur de mode britannique John Galliano posant devant le&hellip;\n","protected":false},"author":2,"featured_media":1160207,"comment_status":"","ping_status":"","sticky":false,"template":"","format":"standard","meta":{"footnotes":"","_share_on_mastodon":"0"},"categories":[8],"tags":[6155,251,58,59,1011,27,28385,985],"class_list":["post-1160206","post","type-post","status-publish","format-standard","has-post-thumbnail","category-divertissement","tag-antisemitisme","tag-culture","tag-divertissement","tag-entertainment","tag-fr","tag-france","tag-john-galliano","tag-mode"],"share_on_mastodon":{"url":"https:\/\/pubeurope.com\/@fr\/117193225714117561","error":""},"_links":{"self":[{"href":"https:\/\/www.europesays.com\/fr\/wp-json\/wp\/v2\/posts\/1160206","targetHints":{"allow":["GET"]}}],"collection":[{"href":"https:\/\/www.europesays.com\/fr\/wp-json\/wp\/v2\/posts"}],"about":[{"href":"https:\/\/www.europesays.com\/fr\/wp-json\/wp\/v2\/types\/post"}],"author":[{"embeddable":true,"href":"https:\/\/www.europesays.com\/fr\/wp-json\/wp\/v2\/users\/2"}],"replies":[{"embeddable":true,"href":"https:\/\/www.europesays.com\/fr\/wp-json\/wp\/v2\/comments?post=1160206"}],"version-history":[{"count":0,"href":"https:\/\/www.europesays.com\/fr\/wp-json\/wp\/v2\/posts\/1160206\/revisions"}],"wp:featuredmedia":[{"embeddable":true,"href":"https:\/\/www.europesays.com\/fr\/wp-json\/wp\/v2\/media\/1160207"}],"wp:attachment":[{"href":"https:\/\/www.europesays.com\/fr\/wp-json\/wp\/v2\/media?parent=1160206"}],"wp:term":[{"taxonomy":"category","embeddable":true,"href":"https:\/\/www.europesays.com\/fr\/wp-json\/wp\/v2\/categories?post=1160206"},{"taxonomy":"post_tag","embeddable":true,"href":"https:\/\/www.europesays.com\/fr\/wp-json\/wp\/v2\/tags?post=1160206"}],"curies":[{"name":"wp","href":"https:\/\/api.w.org\/{rel}","templated":true}]}}