{"id":1160210,"date":"2026-09-01T01:39:14","date_gmt":"2026-09-01T01:39:14","guid":{"rendered":"https:\/\/www.europesays.com\/fr\/1160210\/"},"modified":"2026-09-01T01:39:14","modified_gmt":"2026-09-01T01:39:14","slug":"laccord-annonce-par-donald-trump-un-hold-up-sur-le-petrole-venezuelien","status":"publish","type":"post","link":"https:\/\/www.europesays.com\/fr\/1160210\/","title":{"rendered":"L&rsquo;accord annonc\u00e9 par Donald Trump, un \u00abhold-up\u00bb sur le p\u00e9trole v\u00e9n\u00e9zu\u00e9lien"},"content":{"rendered":"<p>\n                        De nombreuses interrogations persistent sur le contenu et la mise en \u0153uvre de l&rsquo;accord annonc\u00e9 triomphalement vendredi 28 ao\u00fbt par le pr\u00e9sident \u00e9tats-unien Donald Trump\u00a0sur\u00a0une part importante\u00a0des r\u00e9serves p\u00e9troli\u00e8res du Venezuela.\u00a0\u00ab Hold-up\u00a0\u00bb, tutelle politique,\u00a0constitutionnalit\u00e9, deux chercheurs analysent pour RFI la port\u00e9e de cet accord.\u00a0        <\/p>\n<p class=\"m-pub-dates\">Publi\u00e9 le : 31\/08\/2026 &#8211; 19:53<\/p>\n<p>    5 min    Temps de lecture\n<\/p>\n<p>Ni texte, ni contrat \u00e9crit\u00a0: plusieurs jours <strong><a href=\"https:\/\/www.rfi.fr\/fr\/am\u00e9riques\/20260829-donald-trump-annonce-accord-p\u00e9trolier-historique-avec-venezuela\" target=\"_self\" rel=\"nofollow noopener\">apr\u00e8s l\u2019annonce triomphale de Donald Trump<\/a><\/strong>, qui assurait vendredi 28 ao\u00fbt avoir conclu \u00ab\u00a0le plus grand accord p\u00e9trolier de l\u2019histoire\u00a0\u00bb avec le <strong><a href=\"https:\/\/www.rfi.fr\/fr\/tag\/venezuela\/\" target=\"_self\" class=\"gtm-add-suggested-tag\" rel=\"nofollow noopener\">Venezuela<\/a><\/strong>, peu de choses ont filtr\u00e9 sur son contenu pr\u00e9cis et ses modalit\u00e9s d\u2019application. L\u2019entente a tout de m\u00eame d\u00e9clench\u00e9 une avalanche de critiques, y compris dans le propre parti de la pr\u00e9sidente par int\u00e9rim <strong><a href=\"https:\/\/www.rfi.fr\/fr\/tag\/delcy-rodr\u00edguez\/\" target=\"_self\" rel=\"nofollow noopener\">Delcy Rodriguez<\/a><\/strong>. D\u2019apr\u00e8s les d\u00e9clarations de la dirigeante par int\u00e9rim \u00e0 Caracas, le Venezuela octroie une concession aux <strong><a href=\"https:\/\/www.rfi.fr\/fr\/tag\/\u00e9tats-unis\/\" target=\"_self\" class=\"gtm-add-suggested-tag\" rel=\"nofollow noopener\">\u00c9tats-Unis<\/a><\/strong>, pour 25 ans renouvelables, sur 17 gisements p\u00e9troliers. Ce qui repr\u00e9senterait plus de 20 % des r\u00e9serves p\u00e9troli\u00e8res du pays.<\/p>\n<p>En place depuis l\u2019enl\u00e8vement de Nicolas Maduro par les \u00c9tats-Unis en janvier, elle a d\u00e9fendu l\u2019accord \u00e0 la t\u00e9l\u00e9vision v\u00e9n\u00e9zu\u00e9lienne dimanche 30 ao\u00fbt. \u00ab\u00a0Notre pays a les plus grandes r\u00e9serves de p\u00e9trole au monde. Mais poss\u00e9der ces ressources sous terre ne suffit pas. Nous avons besoin d\u2019investissements, de technologie, d\u2019infrastructures, de capacit\u00e9 de production pour transformer cette richesse en bien-\u00eatre pour notre peuple \u00bb, a-t-elle justifi\u00e9. \u00ab\u00a0Les revenus de notre pays [gr\u00e2ce \u00e0 cet accord] atteindraient 209\u00a0milliards de dollars\u00a0\u00bb, a aussi promis la dirigeante par int\u00e9rim.<\/p>\n<p> Quel int\u00e9r\u00eat y trouvent Washington et Caracas ? <\/p>\n<p>Delcy Rodriguez justifie l\u2019accord par les recettes fiscales qu\u2019il peut g\u00e9n\u00e9rer pour le pays. De fait, le Venezuela est englu\u00e9 dans une crise \u00e9conomique. Des in\u00e9galit\u00e9s sociales extr\u00eamement fortes y persistent. Face \u00e0 cette situation, cette annonce peut aussi \u00eatre une mani\u00e8re pour la pr\u00e9sidente par int\u00e9rim de l\u00e9gitimer son maintien au pouvoir, estime Yoletty Bracho, post-doctorante en sciences politiques \u00e0 l\u2019universit\u00e9 de Montr\u00e9al. Celle qui \u00e9tait vice-pr\u00e9sidente de Nicolas Maduro ne pouvait en th\u00e9orie assurer l\u2019int\u00e9rim \u00e0 la t\u00eate de l\u2019\u00c9tat que jusqu\u2019\u00e0 juillet 2026. Pourtant, Delcy Rodriguez reste en place et n\u2019a pas annonc\u00e9 d\u2019\u00e9lections jusqu\u2019\u00e0 maintenant.<\/p>\n<p>Pour Washington, l\u2019int\u00e9r\u00eat est nettement plus \u00e9vident. \u00ab\u00a0<a href=\"https:\/\/www.rfi.fr\/fr\/moyen-orient\/20260824-en-direct-trump-affirme-que-l-iran-s-effondre-compl\u00e8tement-avant-une-nouvelle-salve-de-sanctions-contre-t\u00e9h\u00e9ran\" target=\"_self\" rel=\"nofollow noopener\"><strong>La guerre en Iran et au Moyen-Orient a fait augmenter les prix de l\u2019essence<\/strong><\/a> aux \u00c9tats-Unis\u00a0\u00bb, alors que les \u00e9lections de mi-mandat doivent se tenir dans seulement deux mois, souligne Yoletty Bracho. L\u2019administration Trump veut donc \u00ab\u00a0montrer qu\u2019elle s\u2019attaque \u00e0 ce probl\u00e8me\u00a0\u00bb des prix de l\u2019essence avec ce \u00ab\u00a0soi-disant accord \u00e9conomique, qui est surtout un hold-up sur les ressources v\u00e9n\u00e9zu\u00e9liennes\u00a0\u00bb, estime-t-elle.<\/p>\n<p>N\u00e9anmoins, aucun groupe p\u00e9trolier \u00e9tats-unien n\u2019a \u00e9t\u00e9 cit\u00e9 pour le moment comme partie prenante de l\u2019accord. Les majors sont r\u00e9ticentes \u00e0 r\u00e9investir au Venezuela, en raison de l\u2019instabilit\u00e9 politique du pays et des risques juridiques et financiers. Les prix du p\u00e9trole sur les march\u00e9s mondiaux n\u2019ont pas chut\u00e9 apr\u00e8s l\u2019annonce de l\u2019accord.<\/p>\n<p class=\"a-read-more\">\u00c0 lire aussi<a href=\"https:\/\/www.rfi.fr\/fr\/am\u00e9riques\/20260830-qui-est-alejandro-betancourt-interm\u00e9diaire-entre-les-\u00e9tats-unis-et-le-p\u00e9trole-v\u00e9n\u00e9zu\u00e9lien\" target=\"_self\" class=\"a-read-more__link\" rel=\"nofollow noopener\">Qui est Alejandro Betancourt, interm\u00e9diaire entre les \u00c9tats-Unis et le p\u00e9trole v\u00e9n\u00e9zu\u00e9lien?<\/a><\/p>\n<p> Un accord conclu sous la contrainte\u00a0? <\/p>\n<p>Il est difficile de savoir quelle a \u00e9t\u00e9 la marge de man\u0153uvre des autorit\u00e9s int\u00e9rimaires du Venezuela dans ce dossier. \u00ab\u00a0Cet accord s\u2019inscrit dans le cadre d\u2019une mainmise toujours plus forte des \u00c9tats-Unis sur les ressources du Venezuela depuis le 3 janvier 2026, <a href=\"https:\/\/www.rfi.fr\/fr\/am\u00e9riques\/20260403-venezuela-trois-mois-apr\u00e8s-l-enl\u00e8vement-de-maduro-o\u00f9-en-sont-les-relations-avec-les-\u00e9tats-unis\" target=\"_self\" rel=\"nofollow noopener\"><strong>depuis l\u2019invasion et le kidnapping de Nicolas Maduro<\/strong><\/a> par les \u00c9tats-Unis\u00a0\u00bb, souligne Thomas Posado, ma\u00eetre de conf\u00e9rences en civilisation latino-am\u00e9ricaine contemporaine \u00e0 l\u2019Universit\u00e9 de Rouen Normandie. \u00ab\u00a0Que ce soit volontaire ou involontaire de la part de Delcy Rodriguez, elle m\u00e8ne une politique de subordination aux \u00c9tats-Unis, dans une relation totalement asym\u00e9trique\u00a0\u00bb ajoute-t-il.<\/p>\n<p>L\u2019accord a \u00e9t\u00e9 critiqu\u00e9 par l\u2019opposition v\u00e9n\u00e9zu\u00e9lienne, mais aussi jusque dans le propre parti de la pr\u00e9sidente par int\u00e9rim. \u00ab\u00a0Le retournement g\u00e9opolitique op\u00e9r\u00e9 par Delcy Rodriguez est de plus en plus ind\u00e9fendable au vu de l\u2019histoire du chavisme\u00a0\u00bb, le courant politique n\u00e9 sous la pr\u00e9sidence de Hugo Chavez (2002-2013) et dont se r\u00e9clame toujours le pouvoir v\u00e9n\u00e9zu\u00e9lien actuel, poursuit le chercheur. Car l\u2019anti-imp\u00e9rialisme et \u00ab\u00a0la revendication patriotique de d\u00e9fense de la souverainet\u00e9 nationale contre les \u00c9tats-Unis \u00e9taient sans doute le principal leitmotiv du chavisme\u00a0\u00bb, analyse Thomas Posado.<\/p>\n<p> \u00ab\u00a0Protectorat\u00a0\u00bb des \u00c9tats-Unis <\/p>\n<p>Malgr\u00e9 une r\u00e9cente r\u00e9forme de la loi sur les hydrocarbures, pour faciliter les investissements \u00e9trangers dans les ressources naturelles du Venezuela, l\u2019accord annonc\u00e9 pourrait aller \u00e0 l\u2019encontre de la Constitution v\u00e9n\u00e9zu\u00e9lienne h\u00e9rit\u00e9e d\u2019Hugo Chavez. De plus, un tel deal doit \u2013 en th\u00e9orie \u2013 \u00ab\u00a0absolument\u00a0passer par l\u2019Assembl\u00e9e nationale\u00a0\u00bb pour \u00eatre approuv\u00e9, ajoute Yoletty Bracho. Ce qui n\u2019a pas \u00e9t\u00e9 fait pour le moment. Un \u00e9l\u00e9ment de plus qui pousse la chercheuse \u00e0 parler de \u00ab\u00a0protectorat\u00a0\u00bb impos\u00e9 par la \u00ab\u00a0force coloniale\u00a0\u00bb ou \u00ab\u00a0imp\u00e9riale\u00a0\u00bb [les \u00c9tats-Unis, NDLR].<\/p>\n<p>La situation \u00ab\u00a0correspond assez bien \u00e0 la d\u00e9finition d\u2019un protectorat\u00a0\u00bb, abonde Thomas Posado, aussi auteur du livre Venezuela : de la r\u00e9volution \u00e0 l\u2019effondrement\u00a0(Presses universitaires du Midi, 2023). \u00ab\u00a0Le pouvoir local continue \u00e0 administrer certaines fonctions : la gestion quotidienne est exerc\u00e9e par Delcy Rodriguez, poursuit-il. En revanche, les relations internationales, les accords sur les ressources \u00e9conomiques majeures sont d\u00e9cid\u00e9s largement \u00e0 Washington.\u00a0\u00bb<\/p>\n<p class=\"a-read-more\">\u00c0 lire aussi<a href=\"https:\/\/www.rfi.fr\/fr\/podcasts\/aujourd-hui-l-\u00e9conomie\/20260105-le-p\u00e9trole-v\u00e9n\u00e9zu\u00e9lien-une-richesse-nationale-devenue-arme-g\u00e9opolitique\" target=\"_self\" class=\"a-read-more__link\" rel=\"nofollow noopener\">Le p\u00e9trole v\u00e9n\u00e9zu\u00e9lien, une richesse nationale devenue arme g\u00e9opolitique<\/a><\/p>\n<p> Quelles retomb\u00e9es pour les V\u00e9n\u00e9zu\u00e9liens ? <\/p>\n<p>La pr\u00e9sidente par int\u00e9rim Delcy Rodriguez promet que l\u2019accord peut am\u00e9liorer la vie quotidienne des V\u00e9n\u00e9zu\u00e9liens. Plusieurs experts comme Francisco Monaldi, \u00e9conomiste v\u00e9n\u00e9zu\u00e9lien sp\u00e9cialiste de l\u2019\u00e9nergie, rattach\u00e9 \u00e0 l\u2019universit\u00e9 Rice, aux \u00c9tats-Unis, ont mis en doute les calculs de Washington et de Caracas ces derniers jours concernant les retomb\u00e9es \u00e0 attendre d\u2019un tel accord.<\/p>\n<p>Pour la chercheuse Yoletty Bracho, les V\u00e9n\u00e9zu\u00e9liens sont encore une fois les grands absents de ces d\u00e9cisions. \u00ab\u00a0Quand\u00a0les citoyens et citoyennes v\u00e9n\u00e9zu\u00e9liens auront-ils \u00e0 nouveau une quelconque place pour d\u00e9cider de leur avenir\u00a0?\u00a0\u00bb, demande-t-elle. Des r\u00e9unions ont eu lieu d\u00e9but ao\u00fbt \u00e0 Caracas entre des repr\u00e9sentants de l\u2019opposition et le gouvernement int\u00e9rimaire, sous l\u2019\u00e9gide des \u00c9tats-Unis. Sans r\u00e9sultats tr\u00e8s concrets pour l\u2019instant, ni \u00e9ch\u00e9ance pr\u00e9cise pour l\u2019organisation d\u2019\u00e9lections.<\/p>\n","protected":false},"excerpt":{"rendered":"De nombreuses interrogations persistent sur le contenu et la mise en \u0153uvre de l&rsquo;accord annonc\u00e9 triomphalement vendredi 28&hellip;\n","protected":false},"author":2,"featured_media":1160211,"comment_status":"","ping_status":"","sticky":false,"template":"","format":"standard","meta":{"footnotes":"","_share_on_mastodon":"0"},"categories":[6],"tags":[782,35,76512,75,33,34,73,1011,27,43371,844,337],"class_list":["post-1160210","post","type-post","status-publish","format-standard","has-post-thumbnail","category-economie","tag-ameriques","tag-business","tag-delcy-rodriguez","tag-donald-trump","tag-economie","tag-economy","tag-etats-unis","tag-fr","tag-france","tag-notre-selection","tag-petrole","tag-venezuela"],"share_on_mastodon":{"url":"https:\/\/pubeurope.com\/@fr\/117193235969449904","error":""},"_links":{"self":[{"href":"https:\/\/www.europesays.com\/fr\/wp-json\/wp\/v2\/posts\/1160210","targetHints":{"allow":["GET"]}}],"collection":[{"href":"https:\/\/www.europesays.com\/fr\/wp-json\/wp\/v2\/posts"}],"about":[{"href":"https:\/\/www.europesays.com\/fr\/wp-json\/wp\/v2\/types\/post"}],"author":[{"embeddable":true,"href":"https:\/\/www.europesays.com\/fr\/wp-json\/wp\/v2\/users\/2"}],"replies":[{"embeddable":true,"href":"https:\/\/www.europesays.com\/fr\/wp-json\/wp\/v2\/comments?post=1160210"}],"version-history":[{"count":0,"href":"https:\/\/www.europesays.com\/fr\/wp-json\/wp\/v2\/posts\/1160210\/revisions"}],"wp:featuredmedia":[{"embeddable":true,"href":"https:\/\/www.europesays.com\/fr\/wp-json\/wp\/v2\/media\/1160211"}],"wp:attachment":[{"href":"https:\/\/www.europesays.com\/fr\/wp-json\/wp\/v2\/media?parent=1160210"}],"wp:term":[{"taxonomy":"category","embeddable":true,"href":"https:\/\/www.europesays.com\/fr\/wp-json\/wp\/v2\/categories?post=1160210"},{"taxonomy":"post_tag","embeddable":true,"href":"https:\/\/www.europesays.com\/fr\/wp-json\/wp\/v2\/tags?post=1160210"}],"curies":[{"name":"wp","href":"https:\/\/api.w.org\/{rel}","templated":true}]}}