{"id":1160212,"date":"2026-09-01T01:40:51","date_gmt":"2026-09-01T01:40:51","guid":{"rendered":"https:\/\/www.europesays.com\/fr\/1160212\/"},"modified":"2026-09-01T01:40:51","modified_gmt":"2026-09-01T01:40:51","slug":"le-pentagone-fracture-par-la-victoire-introuvable-dans-le-detroit-dormuz","status":"publish","type":"post","link":"https:\/\/www.europesays.com\/fr\/1160212\/","title":{"rendered":"Le Pentagone fractur\u00e9 par la victoire introuvable dans le d\u00e9troit d\u2019Ormuz"},"content":{"rendered":"<p>    R\u00e9sum\u00e9 en 20 secondes<\/p>\n<p>        En savoir plus sur ce type de contenu<\/p>\n<p>Ce r\u00e9sum\u00e9 peut avoir \u00e9t\u00e9 \u00e9crit avec l&rsquo;assistance d\u2019une IA g\u00e9n\u00e9rative. <a href=\"https:\/\/www.letemps.ch\/cyber\/l-usage-de-l-ia-generative-par-les-journalistes-du-temps\" rel=\"nofollow noopener\" target=\"_blank\">En savoir plus<\/a><\/p>\n<p class=\"article__abstract-call-to-action\" data-ariato=\"TrackableElement\" data-trackable-element-type=\"article_abstract_cta\" data-trackable-element-location=\"article_header\" data-trackable-element-id=\"541198\">\n        <a data-event=\"click-&gt;clicked\" href=\"https:\/\/www.letemps.ch\/abonnements\" rel=\"nofollow noopener\" target=\"_blank\">Abonnez-vous<\/a> pour acc\u00e9der au r\u00e9sum\u00e9 en 20 secondes.\n      <\/p>\n<p>Deux lanceurs d\u00e9truits sur une \u00eele iranienne, puis des missiles tir\u00e9s vers la Jordanie. Dimanche, les Etats-Unis ont frapp\u00e9 l\u2019\u00eele de Larak, \u00e0 l\u2019entr\u00e9e du d\u00e9troit d\u2019Ormuz, en affirmant que des Gardiens de la r\u00e9volution pr\u00e9paraient la pose de mines marines. L\u2019Iran a aussit\u00f4t vis\u00e9 deux bases accueillant des forces am\u00e9ricaines en Jordanie. Amman dit avoir intercept\u00e9 l\u2019essentiel des projectiles. Cette passe d\u2019armes n\u2019a rien r\u00e9gl\u00e9. Elle confirme qu\u2019apr\u00e8s six mois de conflit, chaque p\u00e9riode de calme peut prendre fin en quelques heures.<\/p>\n<p>Le m\u00eame jour, le <a href=\"https:\/\/www.washingtonpost.com\/national-security\/2026\/08\/30\/military-leaders-warn-hegseth-against-extending-iran-war-operations\/\" rel=\"nofollow noopener\" target=\"_blank\">Washington Post r\u00e9v\u00e9lait qu\u2019un document classifi\u00e9 du Pentagone avait enregistr\u00e9 une contestation inhabituelle au sommet de l\u2019appareil militaire<\/a>. Les chefs des commandements charg\u00e9s de l\u2019Europe, du Pacifique et de l\u2019Am\u00e9rique latine, ainsi que le plus haut responsable de la marine, ont formellement marqu\u00e9 leur d\u00e9saccord avec la prolongation de certains d\u00e9ploiements. Ils ex\u00e9cuteront les ordres, mais pr\u00e9viennent que l\u2019effort n\u2019est plus soutenable au m\u00eame rythme.<\/p>\n","protected":false},"excerpt":{"rendered":"R\u00e9sum\u00e9 en 20 secondes En savoir plus sur ce type de contenu Ce r\u00e9sum\u00e9 peut avoir \u00e9t\u00e9 \u00e9crit&hellip;\n","protected":false},"author":2,"featured_media":1160213,"comment_status":"","ping_status":"","sticky":false,"template":"","format":"standard","meta":{"footnotes":"","_share_on_mastodon":"0"},"categories":[5],"tags":[11,73,1011,27,3535,14,3019,74,12,5654,301,28],"class_list":["post-1160212","post","type-post","status-publish","format-standard","has-post-thumbnail","category-international","tag-actualites","tag-etats-unis","tag-fr","tag-france","tag-geopolitique","tag-international","tag-iran","tag-monde","tag-news","tag-nucleaire","tag-premium","tag-world"],"share_on_mastodon":{"url":"https:\/\/pubeurope.com\/@fr\/117193243502604750","error":""},"_links":{"self":[{"href":"https:\/\/www.europesays.com\/fr\/wp-json\/wp\/v2\/posts\/1160212","targetHints":{"allow":["GET"]}}],"collection":[{"href":"https:\/\/www.europesays.com\/fr\/wp-json\/wp\/v2\/posts"}],"about":[{"href":"https:\/\/www.europesays.com\/fr\/wp-json\/wp\/v2\/types\/post"}],"author":[{"embeddable":true,"href":"https:\/\/www.europesays.com\/fr\/wp-json\/wp\/v2\/users\/2"}],"replies":[{"embeddable":true,"href":"https:\/\/www.europesays.com\/fr\/wp-json\/wp\/v2\/comments?post=1160212"}],"version-history":[{"count":0,"href":"https:\/\/www.europesays.com\/fr\/wp-json\/wp\/v2\/posts\/1160212\/revisions"}],"wp:featuredmedia":[{"embeddable":true,"href":"https:\/\/www.europesays.com\/fr\/wp-json\/wp\/v2\/media\/1160213"}],"wp:attachment":[{"href":"https:\/\/www.europesays.com\/fr\/wp-json\/wp\/v2\/media?parent=1160212"}],"wp:term":[{"taxonomy":"category","embeddable":true,"href":"https:\/\/www.europesays.com\/fr\/wp-json\/wp\/v2\/categories?post=1160212"},{"taxonomy":"post_tag","embeddable":true,"href":"https:\/\/www.europesays.com\/fr\/wp-json\/wp\/v2\/tags?post=1160212"}],"curies":[{"name":"wp","href":"https:\/\/api.w.org\/{rel}","templated":true}]}}