{"id":116024,"date":"2025-05-21T04:57:13","date_gmt":"2025-05-21T04:57:13","guid":{"rendered":"https:\/\/www.europesays.com\/fr\/116024\/"},"modified":"2025-05-21T04:57:13","modified_gmt":"2025-05-21T04:57:13","slug":"limmobilier-azureen-decrypte-sur-territoire-immo","status":"publish","type":"post","link":"https:\/\/www.europesays.com\/fr\/116024\/","title":{"rendered":"L&rsquo;immobilier azur\u00e9en d\u00e9crypt\u00e9 sur Territoire Immo"},"content":{"rendered":"<p>Sur le plateau avec notre journaliste Agn\u00e8s Farrugia, William Siksik, copr\u00e9sident de la FNAIM C\u00f4te d\u2019Azur, Jean-Marc Casalati, directeur prescription immobili\u00e8re \u00e0 la Caisse d\u2019Epargne C\u00f4te d\u2019Azur et Thomas Lobry, notaire associ\u00e9 \u00e0 Nice. Pourquoi le prix de l\u2019ancien ne baisse-t-il pas ou tr\u00e8s peu ? Qu\u2019est-ce qui fait que le march\u00e9 est enray\u00e9? O\u00f9 en est-on c\u00f4t\u00e9 logement neuf? Comment r\u00e9duire la pression financi\u00e8re de l\u2019acqu\u00e9reur? Etc. Autant de questions auxquelles nos invit\u00e9s devront r\u00e9pondre.<\/p>\n<p>Nous parlerons de d\u00e9fiscalisation, de BRS (bail r\u00e9el solidaire) et de PSLA (pr\u00eat social location accession), autant de possibilit\u00e9s qui permettent \u00e0 certains m\u00e9nages de devenir propri\u00e9taires. Y compris sur la C\u00f4te d\u2019Azur.<\/p>\n<p>Un petit focus en images du march\u00e9 cannois sera \u00e9galement propos\u00e9 gr\u00e2ce \u00e0 G\u00e9raldine Mouvet de l\u2019agence Orpi, et, en fin d\u2019\u00e9mission, nos invit\u00e9s r\u00e9pondront \u00e0 quelques questions de Ni\u00e7oises et Ni\u00e7ois concernant les frais de notaire, les taux d\u2019int\u00e9r\u00eat, etc.<\/p>\n<p>Bref, le co\u00fbt de l\u2019immobilier est d\u00e9crypt\u00e9 avec nos invit\u00e9s pour la premi\u00e8re de Territoire Immo, une \u00e9mission diffus\u00e9e ce mardi \u00e0 18h sur notre site internet, la cha\u00eene Youtube du groupe et notre page Facebook.<\/p>\n","protected":false},"excerpt":{"rendered":"Sur le plateau avec notre journaliste Agn\u00e8s Farrugia, William Siksik, copr\u00e9sident de la FNAIM C\u00f4te d\u2019Azur, Jean-Marc Casalati,&hellip;\n","protected":false},"author":2,"featured_media":116025,"comment_status":"","ping_status":"","sticky":false,"template":"","format":"standard","meta":{"footnotes":""},"categories":[2819],"tags":[1111,11,1777,674,1011,27,1116,12,2401,882,25],"class_list":{"0":"post-116024","1":"post","2":"type-post","3":"status-publish","4":"format-standard","5":"has-post-thumbnail","7":"category-nice","8":"tag-actu","9":"tag-actualites","10":"tag-eu","11":"tag-europe","12":"tag-fr","13":"tag-france","14":"tag-immobilier","15":"tag-news","16":"tag-nice","17":"tag-provence-alpes-cote-dazur","18":"tag-republique-francaise"},"share_on_mastodon":{"url":"https:\/\/pubeurope.com\/@fr\/114544053060423864","error":""},"_links":{"self":[{"href":"https:\/\/www.europesays.com\/fr\/wp-json\/wp\/v2\/posts\/116024","targetHints":{"allow":["GET"]}}],"collection":[{"href":"https:\/\/www.europesays.com\/fr\/wp-json\/wp\/v2\/posts"}],"about":[{"href":"https:\/\/www.europesays.com\/fr\/wp-json\/wp\/v2\/types\/post"}],"author":[{"embeddable":true,"href":"https:\/\/www.europesays.com\/fr\/wp-json\/wp\/v2\/users\/2"}],"replies":[{"embeddable":true,"href":"https:\/\/www.europesays.com\/fr\/wp-json\/wp\/v2\/comments?post=116024"}],"version-history":[{"count":0,"href":"https:\/\/www.europesays.com\/fr\/wp-json\/wp\/v2\/posts\/116024\/revisions"}],"wp:featuredmedia":[{"embeddable":true,"href":"https:\/\/www.europesays.com\/fr\/wp-json\/wp\/v2\/media\/116025"}],"wp:attachment":[{"href":"https:\/\/www.europesays.com\/fr\/wp-json\/wp\/v2\/media?parent=116024"}],"wp:term":[{"taxonomy":"category","embeddable":true,"href":"https:\/\/www.europesays.com\/fr\/wp-json\/wp\/v2\/categories?post=116024"},{"taxonomy":"post_tag","embeddable":true,"href":"https:\/\/www.europesays.com\/fr\/wp-json\/wp\/v2\/tags?post=116024"}],"curies":[{"name":"wp","href":"https:\/\/api.w.org\/{rel}","templated":true}]}}