{"id":1160319,"date":"2026-09-01T03:04:20","date_gmt":"2026-09-01T03:04:20","guid":{"rendered":"https:\/\/www.europesays.com\/fr\/1160319\/"},"modified":"2026-09-01T03:04:20","modified_gmt":"2026-09-01T03:04:20","slug":"ce-site-de-production-dangers-a-decroche-un-contrat-a-plusieurs-centaines-de-millions-deuros-avec-la-finlande","status":"publish","type":"post","link":"https:\/\/www.europesays.com\/fr\/1160319\/","title":{"rendered":"Ce site de production d\u2019Angers a d\u00e9croch\u00e9 un contrat \u00e0 plusieurs centaines de millions d\u2019euros avec la Finlande"},"content":{"rendered":"<p data-ofstats-scroll=\"read_depth_60\">Joli coup pour Bull\u00a0(ex-Atos). \u00c0 Angers\u00a0(Maine-et-Loire), <a href=\"https:\/\/www.ouest-france.fr\/economie\/entreprises\/les-supercalculateurs-les-plus-puissants-deurope-sont-fabriques-a-angers-voici-comment-0f55d4c8-f14c-11f0-977d-9ddad21d78c7?utm_source=troove&amp;utm_medium=site\" target=\"_blank\" rel=\"nofollow noopener\">l\u2019usine du leader\u00a0dans le calcul avanc\u00e9 et l\u2019intelligence artificielle produit les supercalculateurs les plus puissants d\u2019Europe<\/a>.\u00a0De quoi convaincre l\u2019entreprise commune EuroHPC et le consortium LUMI AI Factory, bas\u00e9s en Finlande, de lui commander un supercalculateur d\u00e9di\u00e9 \u00e0 l\u2019intelligence artificielle\u00a0(IA).\u00a0Montant de la commande\u00a0: 387,8\u00a0millions d\u2019euros.<\/p>\n<\/p>\n<p data-ofstats-scroll=\"read_depth_70\"><strong>Lire aussi\u00a0:<\/strong>\u00a0<a href=\"https:\/\/www.ouest-france.fr\/economie\/entreprises\/pourquoi-cette-usine-ultramoderne-dangers-va-reprendre-le-nom-quelle-avait-en-1960-b88e98a2-fd29-11f0-b421-129bd2858122?utm_source=troove&amp;utm_medium=site\" target=\"_blank\" rel=\"nofollow noopener\">Pourquoi cette usine ultramoderne d\u2019Angers va reprendre le nom qu\u2019elle avait\u2026 en 1960\u00a0?<\/a><\/p>\n<p>        Une capacit\u00e9 en intelligence artificielle multipli\u00e9e par dix<\/p>\n<p data-ofstats-scroll=\"read_depth_100\">Ce dernier\u00a0permettra de multiplier par dix sa capacit\u00e9 en IA et de quasiment doubler la puissance de calcul haute performance de l\u2019actuel supercalculateur LUMI.\u00a0Le tout devrait \u00eatre livr\u00e9 au second semestre 2027.<\/p>\n<ul class=\"su-not-list su-tags su-carrousel-container\" data-suswipe=\"{\" sel=\"\" false=\"\" true=\"\">\n<li><a href=\"https:\/\/www.ouest-france.fr\/economie\/entreprises\/\" title=\"Entreprises\" data-trk-bloc=\"tags article\" data-trk-internal-link=\"Entreprises\" data-trk-sipa=\"{\" blockcategory=\"\" article=\"\" rel=\"nofollow noopener\" target=\"_blank\">Entreprises<\/a><\/li>\n<li><a href=\"https:\/\/www.ouest-france.fr\/high-tech\/\" title=\"High Tech\" data-trk-bloc=\"tags article\" data-trk-internal-link=\"High Tech\" data-trk-sipa=\"{\" blockcategory=\"\" article=\"\" tech=\"\" rel=\"nofollow noopener\" target=\"_blank\">High Tech<\/a><\/li>\n<li><a href=\"https:\/\/www.ouest-france.fr\/pays-de-la-loire\/angers-49000\/\" title=\"Angers\" data-trk-bloc=\"tags article\" data-trk-internal-link=\"Angers\" data-trk-sipa=\"{\" blockcategory=\"\" article=\"\" rel=\"nofollow noopener\" target=\"_blank\">Angers<\/a><\/li>\n<li><a href=\"https:\/\/www.ouest-france.fr\/pays-de-la-loire\/maine-et-loire\/\" title=\"Maine-et-Loire\" data-trk-bloc=\"tags article\" data-trk-internal-link=\"Maine-et-Loire\" data-trk-sipa=\"{\" blockcategory=\"\" article=\"\" rel=\"nofollow noopener\" target=\"_blank\">Maine-et-Loire<\/a><\/li>\n<li><a href=\"https:\/\/www.ouest-france.fr\/europe\/finlande\/\" title=\"Finlande\" data-trk-bloc=\"tags article\" data-trk-internal-link=\"Finlande\" data-trk-sipa=\"{\" blockcategory=\"\" article=\"\" rel=\"nofollow noopener\" target=\"_blank\">Finlande<\/a><\/li>\n<li><a href=\"https:\/\/www.ouest-france.fr\/economie\/\" title=\"\u00c9conomie\" data-trk-bloc=\"tags article\" data-trk-internal-link=\"\u00c9conomie\" data-trk-sipa=\"{\" blockcategory=\"\" article=\"\" rel=\"nofollow noopener\" target=\"_blank\">\u00c9conomie<\/a><\/li>\n<li><a href=\"https:\/\/www.ouest-france.fr\/high-tech\/intelligence-artificielle\/\" title=\"Intelligence artificielle\" data-trk-bloc=\"tags article\" data-trk-internal-link=\"Intelligence artificielle\" data-trk-sipa=\"{\" blockcategory=\"\" article=\"\" artificielle=\"\" rel=\"nofollow noopener\" target=\"_blank\">Intelligence artificielle<\/a><\/li>\n<li><a href=\"https:\/\/www.ouest-france.fr\/pays-de-la-loire\/\" title=\"Pays de la Loire\" data-trk-bloc=\"tags article\" data-trk-internal-link=\"Pays de la Loire\" data-trk-sipa=\"{\" blockcategory=\"\" article=\"\" de=\"\" la=\"\" loire=\"\" rel=\"nofollow noopener\" target=\"_blank\">Pays de la Loire<\/a><\/li>\n<li><a href=\"https:\/\/www.ouest-france.fr\/actualite-en-continu\/\" title=\"Actualit\u00e9 en continu\" data-trk-bloc=\"tags article\" data-trk-internal-link=\"Actualit\u00e9 en continu\" data-trk-sipa=\"{\" blockcategory=\"\" article=\"\" en=\"\" continu=\"\" rel=\"nofollow noopener\" target=\"_blank\">Actualit\u00e9 en continu<\/a><\/li>\n<\/ul>\n<p>gauchedroite<\/p>\n","protected":false},"excerpt":{"rendered":"Joli coup pour Bull\u00a0(ex-Atos). \u00c0 Angers\u00a0(Maine-et-Loire), l\u2019usine du leader\u00a0dans le calcul avanc\u00e9 et l\u2019intelligence artificielle produit les supercalculateurs&hellip;\n","protected":false},"author":2,"featured_media":1160320,"comment_status":"","ping_status":"","sticky":false,"template":"","format":"standard","meta":{"footnotes":"","_share_on_mastodon":"0"},"categories":[6],"tags":[74853,1438,35,33,34,313,219,1011,27,142,223,13291,2636],"class_list":["post-1160319","post","type-post","status-publish","format-standard","has-post-thumbnail","category-economie","tag-actualite-en-continu","tag-angers","tag-business","tag-economie","tag-economy","tag-entreprises","tag-finlande","tag-fr","tag-france","tag-high-tech","tag-intelligence-artificielle","tag-maine-et-loire","tag-pays-de-la-loire"],"share_on_mastodon":{"url":"https:\/\/pubeurope.com\/@fr\/117193570157955779","error":""},"_links":{"self":[{"href":"https:\/\/www.europesays.com\/fr\/wp-json\/wp\/v2\/posts\/1160319","targetHints":{"allow":["GET"]}}],"collection":[{"href":"https:\/\/www.europesays.com\/fr\/wp-json\/wp\/v2\/posts"}],"about":[{"href":"https:\/\/www.europesays.com\/fr\/wp-json\/wp\/v2\/types\/post"}],"author":[{"embeddable":true,"href":"https:\/\/www.europesays.com\/fr\/wp-json\/wp\/v2\/users\/2"}],"replies":[{"embeddable":true,"href":"https:\/\/www.europesays.com\/fr\/wp-json\/wp\/v2\/comments?post=1160319"}],"version-history":[{"count":0,"href":"https:\/\/www.europesays.com\/fr\/wp-json\/wp\/v2\/posts\/1160319\/revisions"}],"wp:featuredmedia":[{"embeddable":true,"href":"https:\/\/www.europesays.com\/fr\/wp-json\/wp\/v2\/media\/1160320"}],"wp:attachment":[{"href":"https:\/\/www.europesays.com\/fr\/wp-json\/wp\/v2\/media?parent=1160319"}],"wp:term":[{"taxonomy":"category","embeddable":true,"href":"https:\/\/www.europesays.com\/fr\/wp-json\/wp\/v2\/categories?post=1160319"},{"taxonomy":"post_tag","embeddable":true,"href":"https:\/\/www.europesays.com\/fr\/wp-json\/wp\/v2\/tags?post=1160319"}],"curies":[{"name":"wp","href":"https:\/\/api.w.org\/{rel}","templated":true}]}}