{"id":1160359,"date":"2026-09-01T03:37:50","date_gmt":"2026-09-01T03:37:50","guid":{"rendered":"https:\/\/www.europesays.com\/fr\/1160359\/"},"modified":"2026-09-01T03:37:50","modified_gmt":"2026-09-01T03:37:50","slug":"ouste-nos-sorties-immanquables-a-nantes-cette-semaine-du-lundi-31-aout-au-dimanche","status":"publish","type":"post","link":"https:\/\/www.europesays.com\/fr\/1160359\/","title":{"rendered":"Ouste\u00a0! Nos sorties immanquables \u00e0 Nantes cette semaine, du lundi 31\u00a0ao\u00fbt au dimanche"},"content":{"rendered":"<p>Quelles sorties cette semaine\u00a0? Voici la s\u00e9lection de notre r\u00e9daction.<\/p>\n<p>Le Voyage \u00e0 Nantes joue ses derni\u00e8res notes<\/p>\n<p>Plus que quelques jours pour profiter du Voyage \u00e0 Nantes\u00a0! L\u2019\u00e9dition estivale 2026 se poursuit jusqu\u2019au dimanche 6\u00a0septembre. \u0152uvres dans l\u2019espace public, expositions, installations et lieux de convivialit\u00e9 sont encore \u00e0 d\u00e9couvrir gratuitement aux quatre coins de la ville. <a href=\"https:\/\/nantes.maville.com\/actu\/actudet_-cet-ete-le-voyage-a-nantes-enracine-ses-oeuvres-dans-la-terre-_52716-7390504_actu.Htm\" rel=\"nofollow noopener\" target=\"_blank\">Cette &#8230;<\/a><\/p>\n<p>\u00a0<\/p>\n","protected":false},"excerpt":{"rendered":"Quelles sorties cette semaine\u00a0? Voici la s\u00e9lection de notre r\u00e9daction. Le Voyage \u00e0 Nantes joue ses derni\u00e8res notes&hellip;\n","protected":false},"author":2,"featured_media":1160360,"comment_status":"","ping_status":"","sticky":false,"template":"","format":"standard","meta":{"footnotes":"","_share_on_mastodon":"0"},"categories":[2818],"tags":[17150,28015,1111,11,2863,6664,1777,674,1011,27,30934,9865,766,12,2636,25,5572,395,1669],"class_list":["post-1160359","post","type-post","status-publish","format-standard","has-post-thumbnail","category-nantes","tag-17150","tag-28015","tag-actu","tag-actualites","tag-aout","tag-dimanche","tag-eu","tag-europe","tag-fr","tag-france","tag-immanquables","tag-lundi","tag-nantes","tag-news","tag-pays-de-la-loire","tag-republique-francaise","tag-semaine","tag-septembre","tag-sorties"],"share_on_mastodon":{"url":"https:\/\/pubeurope.com\/@fr\/117193703629482169","error":""},"_links":{"self":[{"href":"https:\/\/www.europesays.com\/fr\/wp-json\/wp\/v2\/posts\/1160359","targetHints":{"allow":["GET"]}}],"collection":[{"href":"https:\/\/www.europesays.com\/fr\/wp-json\/wp\/v2\/posts"}],"about":[{"href":"https:\/\/www.europesays.com\/fr\/wp-json\/wp\/v2\/types\/post"}],"author":[{"embeddable":true,"href":"https:\/\/www.europesays.com\/fr\/wp-json\/wp\/v2\/users\/2"}],"replies":[{"embeddable":true,"href":"https:\/\/www.europesays.com\/fr\/wp-json\/wp\/v2\/comments?post=1160359"}],"version-history":[{"count":0,"href":"https:\/\/www.europesays.com\/fr\/wp-json\/wp\/v2\/posts\/1160359\/revisions"}],"wp:featuredmedia":[{"embeddable":true,"href":"https:\/\/www.europesays.com\/fr\/wp-json\/wp\/v2\/media\/1160360"}],"wp:attachment":[{"href":"https:\/\/www.europesays.com\/fr\/wp-json\/wp\/v2\/media?parent=1160359"}],"wp:term":[{"taxonomy":"category","embeddable":true,"href":"https:\/\/www.europesays.com\/fr\/wp-json\/wp\/v2\/categories?post=1160359"},{"taxonomy":"post_tag","embeddable":true,"href":"https:\/\/www.europesays.com\/fr\/wp-json\/wp\/v2\/tags?post=1160359"}],"curies":[{"name":"wp","href":"https:\/\/api.w.org\/{rel}","templated":true}]}}