{"id":1160364,"date":"2026-09-01T03:41:25","date_gmt":"2026-09-01T03:41:25","guid":{"rendered":"https:\/\/www.europesays.com\/fr\/1160364\/"},"modified":"2026-09-01T03:41:25","modified_gmt":"2026-09-01T03:41:25","slug":"on-aurait-bien-aime-le-garder-vous-allez-beaucoup-nous-manquer-des-adieux-emouvants-chez-les-pompiers-de-haute-garonne-ce-bilan-exceptionnel-qui-marque-le-depart-du-patron","status":"publish","type":"post","link":"https:\/\/www.europesays.com\/fr\/1160364\/","title":{"rendered":"\u00ab\u00a0On aurait bien aim\u00e9 le garder\u00a0\u00bb, \u00ab\u00a0vous allez beaucoup nous manquer\u00a0\u00bb : des adieux \u00e9mouvants chez les pompiers de Haute-Garonne, ce bilan exceptionnel qui marque le d\u00e9part du patron"},"content":{"rendered":"<p>\n                                                                    l&rsquo;essentiel<br \/>\n                                                                Le contr\u00f4leur g\u00e9n\u00e9ral S\u00e9bastien Verg\u00e9, directeur du Service d\u00e9partemental d&rsquo;incendie et de secours de la Haute-Garonne (SDIS 31), a fait ses adieux au d\u00e9partement ce lundi, lors d&rsquo;une c\u00e9r\u00e9monie de d\u00e9part forte en \u00e9motion. Personne ou presque ne manquait \u00e0 l&rsquo;appel \u00e0 l&rsquo;heure de rendre hommage \u00e0 celui qui a pass\u00e9 huit ans \u00e0 la t\u00eate des pompiers. On vous explique pourquoi ce chef d&rsquo;exception va \u00eatre regrett\u00e9.\u00a0\n                            <\/p>\n<p>\u00ab\u00a0Ce n\u2019est pas mon \u00e9quipe du comit\u00e9 directeur que je laisse, mais des amis\u00a0\u00bb, a conclu la gorge serr\u00e9e S\u00e9bastien Verg\u00e9, patron sortant des pompiers de Haute-Garonne, ce lundi. S&rsquo;il n&rsquo;est jamais \u00e9vident de jauger la qualit\u00e9 du mandat d&rsquo;un responsable de la s\u00e9curit\u00e9 au moment de son d\u00e9part, les discours laudateurs cachant parfois des r\u00e9alit\u00e9s plus complexes, la c\u00e9r\u00e9monie d&rsquo;hommage du contr\u00f4leur g\u00e9n\u00e9ral Verg\u00e9, \u00e0 la t\u00eate des secours haut-garonnais depuis huit ans, t\u00e9moignait d&rsquo;une rare unanimit\u00e9. Celui qui est nomm\u00e9 directeur d\u00e9partemental du SDIS de l\u2019H\u00e9rault \u00e0 compter du 1er septembre 2026 a eu droit \u00e0 plusieurs salves d&rsquo;applaudissements de ses hommes. Les \u00e9lus y ont aussi \u00e9t\u00e9 de leur hommage, lors du pot de d\u00e9part\u00a0au centre de secours de Colomiers.<\/p>\n<p>        <img decoding=\"async\" class=\"std-img__img responsive-img\" src=\"https:\/\/www.europesays.com\/fr\/wp-content\/uploads\/2026\/09\/1788234085_346_image.jpg\" alt=\"Le pr\u00e9fet de la Haute-Garonne,\u00a0Fabrice Rigoulet-Roze et le contr\u00f4leur g\u00e9n\u00e9ral S\u00e9bastien\u00a0Verg\u00e9.\"\/><\/p>\n<p>                Le pr\u00e9fet de la Haute-Garonne,\u00a0Fabrice Rigoulet-Roze et le contr\u00f4leur g\u00e9n\u00e9ral S\u00e9bastien\u00a0Verg\u00e9.<br \/>\n                                    DDM &#8211; LAURENT DARD<\/p>\n<p>Un parcours d&rsquo;adaptation et de modernisation du SDIS 31<\/p>\n<p>Gilbert H\u00e9brard, pr\u00e9sident du conseil d&rsquo;administration du SDIS 31, a rappel\u00e9 son parcours : capitaine stagiaire en 1997, chef du groupement territorial en 2004, puis directeur de SDIS en 2010. S\u00e9bastien Verg\u00e9 a pris la direction du SDIS 31 en 2018 avant d&rsquo;acc\u00e9der au grade de contr\u00f4leur g\u00e9n\u00e9ral l&rsquo;ann\u00e9e suivante. \u00c0 son actif : \u00ab\u00a0un programme immobilier pour am\u00e9liorer la couverture op\u00e9rationnelle \u00e0 Toulouse, les actions en faveur du volontariat, la place des femmes chez les sapeurs-pompiers ou encore l&rsquo;organisation du congr\u00e8s national des pompiers en 2023\u00a0\u00bb, afin de faire du SDIS \u00ab\u00a0un \u00e9tablissement agile, r\u00e9silient et innovant\u00a0\u00bb.<\/p>\n<p>Saluant son engagement en faveur de la protection des Haut-Garonnais, \u00ab\u00a0on aurait bien aim\u00e9 le garder\u00a0\u00bb, a rench\u00e9ri le pr\u00e9sident du conseil d\u00e9partemental, S\u00e9bastien Vincini. L&rsquo;\u00e9lu a rappel\u00e9 qu&rsquo;avec S\u00e9bastien Verg\u00e9, le d\u00e9partement \u00e9tait pass\u00e9 de 34 \u00e0 40 centres de secours et comptait une centaine de pompiers volontaires suppl\u00e9mentaires.<\/p>\n<p>Face aux nouveaux d\u00e9fis climatiques<\/p>\n<p>S\u00e9bastien Vincini\u00a0a soulign\u00e9 que le SDIS \u00e9tait d\u00e9sormais mieux pr\u00e9par\u00e9 \u00e0 affronter les p\u00e9rils li\u00e9s au changement climatique, \u00ab\u00a0comme les incendies de for\u00eat ou ces 30 nuits tropicales que le d\u00e9partement a connues cet \u00e9t\u00e9\u00a0\u00bb. Les incendies, selon la pr\u00e9fecture de Haute-Garonne, ont d\u00e9j\u00e0 ravag\u00e9 7 400 hectares en 2026, contre un peu plus de 3 000 hectares l&rsquo;an dernier.<\/p>\n<p class=\"std-elt__inline\">\n        <strong>\u00c0 lire aussi :<\/strong><br \/>\n        <a href=\"https:\/\/www.ladepeche.fr\/2026\/07\/29\/entretien-feux-de-foret-en-haute-garonne-notre-dispositif-est-dimensionne-face-au-risque-rassure-sebastien-verge-controleur-general-des-pompiers-13488673.php\" rel=\"nofollow noopener\" target=\"_blank\">ENTRETIEN. Feux de for\u00eat en Haute-Garonne : \u00ab\u00a0Notre dispositif est dimensionn\u00e9 face au risque\u00a0\u00bb, rassure S\u00e9bastien Verg\u00e9, contr\u00f4leur g\u00e9n\u00e9ral des pompiers<\/a>\n    <\/p>\n<p>\u00ab\u00a0Vous allez beaucoup manquer \u00e0 notre d\u00e9partement\u00a0\u00bb : lors de son hommage au contr\u00f4leur g\u00e9n\u00e9ral, le pr\u00e9fet de la r\u00e9gion Occitanie et de la Haute-Garonne, Fabrice Rigoulet-Roze, a lou\u00e9 \u00ab\u00a0les qualit\u00e9s manag\u00e9riales\u00a0\u00bb, de \u00ab\u00a0meneur d\u2019hommes\u00a0\u00bb, et la \u00ab\u00a0loyaut\u00e9\u00a0\u00bb du cadre dirigeant, estimant qu&rsquo;il avait fait \u00ab\u00a0rentrer le SDIS dans une nouvelle \u00e8re\u00a0\u00bb. N&rsquo;en jetez plus&#8230; En conclusion, S\u00e9bastien Verg\u00e9 a tenu \u00e0 remercier ses \u00e9quipes, les personnels de sant\u00e9, les autorit\u00e9s et les \u00e9lus : \u00ab\u00a0L&rsquo;important n&rsquo;est pas ce que nous avons fait, mais comment nous l&rsquo;avons fait : ensemble\u00a0\u00bb, a-t-il affirm\u00e9 avant de rejoindre officiellement ses nouvelles fonctions dans l&rsquo;H\u00e9rault.\u00a0Le successeur au poste de directeur du SDIS 31 n\u2019a pas encore \u00e9t\u00e9 nomm\u00e9.<\/p>\n","protected":false},"excerpt":{"rendered":"l&rsquo;essentiel Le contr\u00f4leur g\u00e9n\u00e9ral S\u00e9bastien Verg\u00e9, directeur du Service d\u00e9partemental d&rsquo;incendie et de secours de la Haute-Garonne (SDIS&hellip;\n","protected":false},"author":2,"featured_media":1160365,"comment_status":"","ping_status":"","sticky":false,"template":"","format":"standard","meta":{"footnotes":"","_share_on_mastodon":"0"},"categories":[2816],"tags":[1111,11,1777,674,1011,27,2722,12,2680,25,5153,656,104,2312],"class_list":["post-1160364","post","type-post","status-publish","format-standard","has-post-thumbnail","category-toulouse","tag-actu","tag-actualites","tag-eu","tag-europe","tag-fr","tag-france","tag-haute-garonne","tag-news","tag-occitanie","tag-republique-francaise","tag-sapeurs-pompiers","tag-securite","tag-societe","tag-toulouse"],"share_on_mastodon":{"url":"https:\/\/pubeurope.com\/@fr\/117193717098829989","error":""},"_links":{"self":[{"href":"https:\/\/www.europesays.com\/fr\/wp-json\/wp\/v2\/posts\/1160364","targetHints":{"allow":["GET"]}}],"collection":[{"href":"https:\/\/www.europesays.com\/fr\/wp-json\/wp\/v2\/posts"}],"about":[{"href":"https:\/\/www.europesays.com\/fr\/wp-json\/wp\/v2\/types\/post"}],"author":[{"embeddable":true,"href":"https:\/\/www.europesays.com\/fr\/wp-json\/wp\/v2\/users\/2"}],"replies":[{"embeddable":true,"href":"https:\/\/www.europesays.com\/fr\/wp-json\/wp\/v2\/comments?post=1160364"}],"version-history":[{"count":0,"href":"https:\/\/www.europesays.com\/fr\/wp-json\/wp\/v2\/posts\/1160364\/revisions"}],"wp:featuredmedia":[{"embeddable":true,"href":"https:\/\/www.europesays.com\/fr\/wp-json\/wp\/v2\/media\/1160365"}],"wp:attachment":[{"href":"https:\/\/www.europesays.com\/fr\/wp-json\/wp\/v2\/media?parent=1160364"}],"wp:term":[{"taxonomy":"category","embeddable":true,"href":"https:\/\/www.europesays.com\/fr\/wp-json\/wp\/v2\/categories?post=1160364"},{"taxonomy":"post_tag","embeddable":true,"href":"https:\/\/www.europesays.com\/fr\/wp-json\/wp\/v2\/tags?post=1160364"}],"curies":[{"name":"wp","href":"https:\/\/api.w.org\/{rel}","templated":true}]}}