{"id":1160369,"date":"2026-09-01T03:48:16","date_gmt":"2026-09-01T03:48:16","guid":{"rendered":"https:\/\/www.europesays.com\/fr\/1160369\/"},"modified":"2026-09-01T03:48:16","modified_gmt":"2026-09-01T03:48:16","slug":"travaux-de-nuit-dans-les-bouches-du-rhone-a55-tunnels-a-marseille-quelles-fermetures-pour-la-rentree","status":"publish","type":"post","link":"https:\/\/www.europesays.com\/fr\/1160369\/","title":{"rendered":"Travaux de nuit dans les Bouches-du-Rh\u00f4ne : A55, tunnels \u00e0 Marseille&#8230; quelles fermetures pour la rentr\u00e9e ?"},"content":{"rendered":"<p>Des coupures sont toutefois \u00e0 pr\u00e9voir cette semaine en particulier sur <a href=\"https:\/\/www.laprovence.com\/article\/region\/44828186383111\/a55-une-voiture-sur-le-toit-provoque-la-fermeture-dune-sortie-a-marseille\" target=\"_self\" rel=\"nofollow noopener\">l&rsquo;autoroute A55<\/a> en direction de Fos-sur-Mer, mais aussi sur la N569 entre Istres et Salon-de-Provence.<\/p>\n<p>\u00c0 Marseille, les automobilistes qui circulent le soir ou la nuit devront par ailleurs composer avec la <a href=\"https:\/\/www.laprovence.com\/article\/region\/1895617677618814\/vieux-port-saint-charles-la-joliette-pourquoi-les-tunnels-sont-ils-si-souvent-fermes-a-marseille\" target=\"_self\" rel=\"nofollow noopener\">fermeture de plusieurs tunnels<\/a>, dont celui du Vieux-Port.<\/p>\n<p>Voici<strong> le d\u00e9tail des fermetures d&rsquo;autoroutes et de tunnels dans les Bouches-du-Rh\u00f4ne<\/strong>, pour la semaine du lundi 31 ao\u00fbt au 4 septembre.<\/p>\n<p>Autoroutes<\/p>\n<p><strong>Nuit du lundi 31 ao\u00fbt au mardi 1er septembre<\/strong><\/p>\n<ul>&#13;<\/p>\n<li>\n<strong>A55 : <\/strong>coupure totale de la circulation de Marseille \u00e0 la bretelle communiquant avec l&rsquo;A7, dans le sens Marseille-Fos-sur-Mer, de 21 h \u00e0 6 h<\/li>\n<p>&#13;<\/p>\n<li>\n<strong>N569 : <\/strong>coupure totale de la circulation entre le carrefour Aubanel et le rond-point de Cl\u00e9sud, dans le sens Istres-Salon, de 21 h \u00e0 5 h<\/li>\n<p>&#13;\n<\/ul>\n<p><strong>Nuit du mardi 1er au mercredi 2 septembre<\/strong><\/p>\n<ul>&#13;<\/p>\n<li>\n<strong>A55 : <\/strong>coupure totale de la circulation de Marseille \u00e0 la bretelle communiquant avec l&rsquo;A7, dans le sens Marseille-Fos-sur-Mer, de 21 h \u00e0 6 h<\/li>\n<p>&#13;<\/p>\n<li>\n<strong>N569 : <\/strong>coupure totale de la circulation entre le carrefour Aubanel et le rond-point de Cl\u00e9sud, dans le sens Istres-Salon, de 21 h \u00e0 5 h<\/li>\n<p>&#13;\n<\/ul>\n<p><strong>Nuit du mercredi 2 au jeudi 3 septembre<\/strong><\/p>\n<ul>&#13;<\/p>\n<li>\n<strong>A55 : <\/strong>coupure totale de la circulation de Marseille \u00e0 la bretelle communiquant avec l&rsquo;A7, dans le sens Marseille-Fos-sur-Mer, de 21 h \u00e0 6 h<\/li>\n<p>&#13;<\/p>\n<li>\n<strong>N569 : <\/strong>coupure totale de la circulation entre le carrefour Aubanel et le rond-point de Cl\u00e9sud, dans le sens Istres-Salon, de 21 h \u00e0 5 h<\/li>\n<p>&#13;\n<\/ul>\n<p><strong>Nuit du jeudi 3 au vendredi 4 septembre<\/strong><\/p>\n<ul>&#13;<\/p>\n<li>\n<strong>N569 : <\/strong>coupure totale de la circulation entre le carrefour Aubanel et le rond-point de Cl\u00e9sud, dans le sens Istres-Salon, de 21 h \u00e0 5 h<\/li>\n<p>&#13;\n<\/ul>\n<p>Tunnels<\/p>\n<p><strong>Nuit du lundi 31 ao\u00fbt au mardi 1er septembre<\/strong><\/p>\n<ul>&#13;<\/p>\n<li>\n<strong>Tunnel du Vieux-Port : <\/strong>coupure totale de la circulation dans le sens sud-nord, de 22 h \u00e0 5 h 30<\/li>\n<p>&#13;<\/p>\n<li>\n<strong>Tunnel de la Major : <\/strong>coupure totale de la circulation, de 22 h \u00e0 5 h 30<\/li>\n<p>&#13;<\/p>\n<li>\n<strong>Tunnel Saint-Loup : <\/strong>coupure totale de la circulation, de 21 h \u00e0 5 h 30<\/li>\n<p>&#13;\n<\/ul>\n<p><strong>Nuit du mardi 1er au mercredi 2 septembre<\/strong><\/p>\n<ul>&#13;<\/p>\n<li>\n<strong>Tunnel du Vieux-Port : <\/strong>coupure totale de la circulation dans le sens sud-nord, de 22 h \u00e0 5 h 30<\/li>\n<p>&#13;<\/p>\n<li>\n<strong>Tunnel de la Major : <\/strong>coupure totale de la circulation, de 22 h \u00e0 5 h 30<\/li>\n<p>&#13;<\/p>\n<li>\n<strong>Tunnel Saint-Loup : <\/strong>coupure totale de la circulation, de 21 h \u00e0 5 h 30<\/li>\n<p>&#13;\n<\/ul>\n<p><strong>Nuit du mercredi 2 au jeudi 3 septembre<\/strong><\/p>\n<ul>&#13;<\/p>\n<li>\n<strong>Tunnel du Vieux-Port : <\/strong>coupure totale de la circulation dans le sens sud-nord, de 22 h \u00e0 5 h 30<\/li>\n<p>&#13;<\/p>\n<li>\n<strong>Tunnel de la Major : <\/strong>coupure totale de la circulation, de 22 h \u00e0 5 h 30<\/li>\n<p>&#13;<\/p>\n<li>\n<strong>Tunnel Saint-Loup : <\/strong>coupure totale de la circulation, de 21 h \u00e0 5 h 30<\/li>\n<p>&#13;\n<\/ul>\n<p><strong>Nuit du jeudi 3 au vendredi 4 septembre<\/strong><\/p>\n<ul>&#13;<\/p>\n<li>\n<strong>Tunnel Saint-Loup : <\/strong>coupure totale de la circulation, de 21 h \u00e0 5 h 30<\/li>\n<p>&#13;<\/p>\n<li>\n<strong>Tunnel Saint-Charles : <\/strong>coupure totale de la circulation, de 21 h \u00e0 5 h 30<\/li>\n<p>&#13;\n<\/ul>\n","protected":false},"excerpt":{"rendered":"Des coupures sont toutefois \u00e0 pr\u00e9voir cette semaine en particulier sur l&rsquo;autoroute A55 en direction de Fos-sur-Mer, mais&hellip;\n","protected":false},"author":2,"featured_media":1160370,"comment_status":"","ping_status":"","sticky":false,"template":"","format":"standard","meta":{"footnotes":"","_share_on_mastodon":"0"},"categories":[2814],"tags":[5734,13345,1111,11,885,1446,1777,674,1011,27,151,884,12,293,882,25,104,2086,5259],"class_list":["post-1160369","post","type-post","status-publish","format-standard","has-post-thumbnail","category-marseille","tag-5734","tag-a55","tag-actu","tag-actualites","tag-bouches-du-rhone","tag-dans","tag-eu","tag-europe","tag-fr","tag-france","tag-les","tag-marseille","tag-news","tag-nuit","tag-provence-alpes-cote-dazur","tag-republique-francaise","tag-societe","tag-travaux","tag-tunnels"],"share_on_mastodon":{"url":"https:\/\/pubeurope.com\/@fr\/117193743176057796","error":""},"_links":{"self":[{"href":"https:\/\/www.europesays.com\/fr\/wp-json\/wp\/v2\/posts\/1160369","targetHints":{"allow":["GET"]}}],"collection":[{"href":"https:\/\/www.europesays.com\/fr\/wp-json\/wp\/v2\/posts"}],"about":[{"href":"https:\/\/www.europesays.com\/fr\/wp-json\/wp\/v2\/types\/post"}],"author":[{"embeddable":true,"href":"https:\/\/www.europesays.com\/fr\/wp-json\/wp\/v2\/users\/2"}],"replies":[{"embeddable":true,"href":"https:\/\/www.europesays.com\/fr\/wp-json\/wp\/v2\/comments?post=1160369"}],"version-history":[{"count":0,"href":"https:\/\/www.europesays.com\/fr\/wp-json\/wp\/v2\/posts\/1160369\/revisions"}],"wp:featuredmedia":[{"embeddable":true,"href":"https:\/\/www.europesays.com\/fr\/wp-json\/wp\/v2\/media\/1160370"}],"wp:attachment":[{"href":"https:\/\/www.europesays.com\/fr\/wp-json\/wp\/v2\/media?parent=1160369"}],"wp:term":[{"taxonomy":"category","embeddable":true,"href":"https:\/\/www.europesays.com\/fr\/wp-json\/wp\/v2\/categories?post=1160369"},{"taxonomy":"post_tag","embeddable":true,"href":"https:\/\/www.europesays.com\/fr\/wp-json\/wp\/v2\/tags?post=1160369"}],"curies":[{"name":"wp","href":"https:\/\/api.w.org\/{rel}","templated":true}]}}