{"id":116037,"date":"2025-05-21T05:06:23","date_gmt":"2025-05-21T05:06:23","guid":{"rendered":"https:\/\/www.europesays.com\/fr\/116037\/"},"modified":"2025-05-21T05:06:23","modified_gmt":"2025-05-21T05:06:23","slug":"angel-gomes-annonce-son-depart-du-losc-france-lille","status":"publish","type":"post","link":"https:\/\/www.europesays.com\/fr\/116037\/","title":{"rendered":"Angel Gomes annonce son d\u00e9part du LOSC &#8211; France &#8211; Lille"},"content":{"rendered":"<p>Petit Angel parti trop t\u00f4t.<\/p>\n<p>En fin de contrat le 30 juin prochain,<strong> l\u2019international anglais du LOSC Angel Gomes<\/strong> a annonc\u00e9 sur ses r\u00e9seaux sociaux<strong> ne pas continuer l\u2019aventure dans le nord de la France.<\/strong> Un club qu\u2019il d\u00e9crit comme \u00ab\u202fplus qu\u2019une simple \u00e9quipe \u2013 c\u2019est une famille, une maison et un endroit qui m\u2019a fa\u00e7onn\u00e9 sur et en dehors du terrain\u00a0\u00bb.<\/p>\n<p>Il faut dire que le gar\u00e7on d\u20191,68 m a bien grandi en cinq ans et son arriv\u00e9e de Manchester United, son club formateur. <strong>Pr\u00eat\u00e9 directement \u00e0 Boavista<\/strong>, le milieu a r\u00e9alis\u00e9 au Portugal une saison \u00e0 30 matchs (6 buts, 3 passes d\u00e9cisives). Des mois plus que prometteurs, ce qui l\u2019am\u00e8ne \u00e0 \u00eatre titulaire d\u00e8s son retour chez les Dogues, comme un compl\u00e9ment id\u00e9al \u00e0 Benjamin Andr\u00e9.<\/p>\n<p>Une saison min\u00e9e par les blessures<\/p>\n<p>Cette saison, c\u2019est quand m\u00eame plus compliqu\u00e9 pour le joueur de 24 ans. <strong>R\u00e9guli\u00e8rement bless\u00e9, il n\u2019a pu disputer que 14 matchs de Ligue 1<\/strong>, et affirme dans son message de d\u00e9part que \u00ab\u202f comme tout voyage, il y a eu des hauts et des bas, mais je suis vraiment reconnaissant \u00e0 mes co\u00e9quipiers et aux supporters de m\u2019avoir soutenu tout au long de ce parcours\u00a0\u00bb.\u00a0<\/p>\n<p>Il conclut en quelques phrases en pensant \u00e0 ses co\u00e9quipiers et aux supporters : \u00ab\u00a0Je suis fier de ce que nous avons accompli ensemble et je suis reconnaissant pour chaque instant. Aux supporters, je vous remercie de m\u2019avoir soutenu et d\u2019avoir cru en moi. Je vous en serai toujours reconnaissant. J\u2019ai toujours donn\u00e9 tout ce que j\u2019avais pour nos couleurs et pour vous tous. Lille aura toujours une place sp\u00e9ciale dans mon c\u0153ur.\u00a0\u00bb<\/p>\n<p>Retour aux Diables rouges ?<\/p>\n<p>\t\t\t\t\t\t\t\t\t\t<a class=\"lien-connexe\" href=\"https:\/\/www.sofoot.com\/breves\/cest-officiel-remy-cabella-signe-a-lolympiakos-et-veut-la-carriere-de-valbuena\" rel=\"nofollow noopener\" target=\"_blank\">C\u2019est officiel, R\u00e9my Cabella veut la carri\u00e8re de Valbuena<\/a>\t\t\t\t\t<\/p>\n","protected":false},"excerpt":{"rendered":"Petit Angel parti trop t\u00f4t. En fin de contrat le 30 juin prochain, l\u2019international anglais du LOSC Angel&hellip;\n","protected":false},"author":2,"featured_media":116038,"comment_status":"","ping_status":"","sticky":false,"template":"","format":"standard","meta":{"footnotes":""},"categories":[2815],"tags":[1111,47,11,61,69,65,64,1777,674,63,1011,27,811,68,66,1307,12,62,70,25,67],"class_list":{"0":"post-116037","1":"post","2":"type-post","3":"status-publish","4":"format-standard","5":"has-post-thumbnail","7":"category-lille","8":"tag-actu","9":"tag-actualite","10":"tag-actualites","11":"tag-actus-football","12":"tag-bundesliga","13":"tag-championnats-europeens","14":"tag-equipe-de-france","15":"tag-eu","16":"tag-europe","17":"tag-football","18":"tag-fr","19":"tag-france","20":"tag-hauts-de-france","21":"tag-ligua","22":"tag-ligue-1","23":"tag-lille","24":"tag-news","25":"tag-news-foot","26":"tag-premier-league","27":"tag-republique-francaise","28":"tag-serie-a"},"share_on_mastodon":{"url":"https:\/\/pubeurope.com\/@fr\/114544088418243161","error":""},"_links":{"self":[{"href":"https:\/\/www.europesays.com\/fr\/wp-json\/wp\/v2\/posts\/116037","targetHints":{"allow":["GET"]}}],"collection":[{"href":"https:\/\/www.europesays.com\/fr\/wp-json\/wp\/v2\/posts"}],"about":[{"href":"https:\/\/www.europesays.com\/fr\/wp-json\/wp\/v2\/types\/post"}],"author":[{"embeddable":true,"href":"https:\/\/www.europesays.com\/fr\/wp-json\/wp\/v2\/users\/2"}],"replies":[{"embeddable":true,"href":"https:\/\/www.europesays.com\/fr\/wp-json\/wp\/v2\/comments?post=116037"}],"version-history":[{"count":0,"href":"https:\/\/www.europesays.com\/fr\/wp-json\/wp\/v2\/posts\/116037\/revisions"}],"wp:featuredmedia":[{"embeddable":true,"href":"https:\/\/www.europesays.com\/fr\/wp-json\/wp\/v2\/media\/116038"}],"wp:attachment":[{"href":"https:\/\/www.europesays.com\/fr\/wp-json\/wp\/v2\/media?parent=116037"}],"wp:term":[{"taxonomy":"category","embeddable":true,"href":"https:\/\/www.europesays.com\/fr\/wp-json\/wp\/v2\/categories?post=116037"},{"taxonomy":"post_tag","embeddable":true,"href":"https:\/\/www.europesays.com\/fr\/wp-json\/wp\/v2\/tags?post=116037"}],"curies":[{"name":"wp","href":"https:\/\/api.w.org\/{rel}","templated":true}]}}