{"id":1160412,"date":"2026-09-01T04:20:16","date_gmt":"2026-09-01T04:20:16","guid":{"rendered":"https:\/\/www.europesays.com\/fr\/1160412\/"},"modified":"2026-09-01T04:20:16","modified_gmt":"2026-09-01T04:20:16","slug":"mercato-lattaquant-de-metz-habib-diallo-se-rapproche-du-mans-lequipe","status":"publish","type":"post","link":"https:\/\/www.europesays.com\/fr\/1160412\/","title":{"rendered":"Mercato : l&#039;attaquant de Metz Habib Diallo se rapproche du Mans &#8211; L&#039;\u00c9quipe"},"content":{"rendered":"<ol>\n<li><a href=\"https:\/\/news.google.com\/rss\/articles\/CBMisgFBVV95cUxPUUV2ajhiaEdya3UtUTJXeGtvR083SE1FMUF6aWlOVGFlTDFsbEdWdkZaeG9lamE3MHNzVks3YXRuWTAyUUtpbFczWUMzZ2NTa1dyU1NVdllCbEkxbkxUcVZhZF9tNHpINlFNUU1oWXNNblhIczFhdFhNRGJxQ3RNRi1VTlhFYXNwOUtZLUpreXdRNXJVUHI5dlc5QXkwODhRRVdpYllYS3VpZ0dSdDBjRkZn?oc=5\" target=\"_blank\" rel=\"nofollow noopener\">Mercato : l&rsquo;attaquant de Metz Habib Diallo se rapproche du Mans<\/a>&nbsp;&nbsp;L&rsquo;\u00c9quipe<\/li>\n<li><a href=\"https:\/\/news.google.com\/rss\/articles\/CBMi7gFBVV95cUxPY0ZYZ01HS3BGcnlxcnNhbGlGWjJZeG9EU3lzY0pDRXVfNHhuVHRMQUlTc0N2eEJ3bXBHVnFDMFdRTmFURUJmQlFEV3lCNzNsSTdYaHMzQ2ZZdmFsWDRCRHBIbEp2Qk10VmQyZjc4bWZyekE2a2o1c3lacmRSVm91dDNWZFdVVXBtNldCYzRJM1lpLWY5anVnMFM0aHo3WUdkaDM2ZmNyMnBhUXA0YUlaWWhYYlVDTkhzOWRIWGRmU0ZTWmtQdDRjSXJQeWhGLXBaZTROZ2VVRW95UTBfZ2VOVDlNSnB1NGdBdE1EbWNR?oc=5\" target=\"_blank\" rel=\"nofollow noopener\">Football : arriv\u00e9es, d\u00e9parts, quels noms sont avanc\u00e9s pour la derni\u00e8re journ\u00e9e du mercato au Mans FC ?<\/a>&nbsp;&nbsp;Actu.fr<\/li>\n<li><a href=\"https:\/\/news.google.com\/rss\/articles\/CBMizgFBVV95cUxObm9uOG82R09EOE80VXc4aVVOV0ZMMFBfenZDd0k2NXVHWmQwVFo5MndBR29aZzFYM3AwdFNROFdOd0F5VGFiSmVYMDFSN2U5RTUzSENxOFFReVFFZXVXVTU5c1pOa1p3MlVkZWdJaFFjcWxzNXdINFJINWdjbFdjR1V1dGJVaTRtMTRtOG0yYS1hWVhKWVdrN21YWTVScVhWSjRPakRPZW10S2UyTHE1M0ZPd0lKaU5jdVhpQmo5eTF1Q1ctYTBvWkJBczNvQQ?oc=5\" target=\"_blank\" rel=\"nofollow noopener\">Mercato Le Mans FC &#8211; Le Mans FC pense \u00e0 un attaquant habitu\u00e9 de la Ligue 1<\/a>&nbsp;&nbsp;MadeInFOOT<\/li>\n<li><a href=\"https:\/\/news.google.com\/rss\/articles\/CBMiiwFBVV95cUxNczluRFpVZklWdlB4SEg4MzRCaFpqMm94c2ZBT2djYVp3UTZjeEp2dThpMDkwNkQxZGx0VGhnajJpbm1DbkI2MWJCaGtDVkVsMlpSS2ppUlBXZG1hMjNGVnF0ZElIakk2azdIcm5TRUxrSkVfT1ZfakhlY1dvQ2h4NDNBUUtDQWtZQVUw?oc=5\" target=\"_blank\" rel=\"nofollow noopener\">Le Mans : c\u2019est fait pour Habib Diallo !<\/a>&nbsp;&nbsp;Foot Mercato<\/li>\n<li><a href=\"https:\/\/news.google.com\/rss\/articles\/CBMif0FVX3lxTE5IejZmYTV3NTlkeC1KaFM4UDZzLXZkNnl1X0lmRHBxWVBlZFlHcXQtU3EtYUNxSWN5Y3A4VWtXbnhyaVhwS1V2QXFZZENGYU9LVlY2LVV1a0Y1T1BnRDhXU3M0OWFRTmlmRl9kZEhNMjhKWTlXR09JYWNsZl9iMG8?oc=5\" target=\"_blank\" rel=\"nofollow noopener\">Le Mans va s\u2019offrir Habib Diallo<\/a>&nbsp;&nbsp;Sport.fr<\/li>\n<\/ol>\n","protected":false},"excerpt":{"rendered":"Mercato : l&rsquo;attaquant de Metz Habib Diallo se rapproche du Mans&nbsp;&nbsp;L&rsquo;\u00c9quipe Football : arriv\u00e9es, d\u00e9parts, quels noms sont&hellip;\n","protected":false},"author":2,"featured_media":1160413,"comment_status":"","ping_status":"","sticky":false,"template":"","format":"standard","meta":{"footnotes":"","_share_on_mastodon":"0"},"categories":[1410],"tags":[86760,86849,63,1011,27,2191,66,446,6212,880,60,640,33137],"class_list":["post-1160412","post","type-post","status-publish","format-standard","has-post-thumbnail","category-football","tag-actus-et-infos","tag-arnaud-hermant","tag-football","tag-fr","tag-france","tag-le-mans","tag-ligue-1","tag-ligue-2","tag-metz","tag-senegal","tag-sports","tag-strasbourg","tag-transferts-football"],"share_on_mastodon":{"url":"https:\/\/pubeurope.com\/@fr\/117193869280208644","error":""},"_links":{"self":[{"href":"https:\/\/www.europesays.com\/fr\/wp-json\/wp\/v2\/posts\/1160412","targetHints":{"allow":["GET"]}}],"collection":[{"href":"https:\/\/www.europesays.com\/fr\/wp-json\/wp\/v2\/posts"}],"about":[{"href":"https:\/\/www.europesays.com\/fr\/wp-json\/wp\/v2\/types\/post"}],"author":[{"embeddable":true,"href":"https:\/\/www.europesays.com\/fr\/wp-json\/wp\/v2\/users\/2"}],"replies":[{"embeddable":true,"href":"https:\/\/www.europesays.com\/fr\/wp-json\/wp\/v2\/comments?post=1160412"}],"version-history":[{"count":0,"href":"https:\/\/www.europesays.com\/fr\/wp-json\/wp\/v2\/posts\/1160412\/revisions"}],"wp:featuredmedia":[{"embeddable":true,"href":"https:\/\/www.europesays.com\/fr\/wp-json\/wp\/v2\/media\/1160413"}],"wp:attachment":[{"href":"https:\/\/www.europesays.com\/fr\/wp-json\/wp\/v2\/media?parent=1160412"}],"wp:term":[{"taxonomy":"category","embeddable":true,"href":"https:\/\/www.europesays.com\/fr\/wp-json\/wp\/v2\/categories?post=1160412"},{"taxonomy":"post_tag","embeddable":true,"href":"https:\/\/www.europesays.com\/fr\/wp-json\/wp\/v2\/tags?post=1160412"}],"curies":[{"name":"wp","href":"https:\/\/api.w.org\/{rel}","templated":true}]}}