{"id":1160441,"date":"2026-09-01T04:38:17","date_gmt":"2026-09-01T04:38:17","guid":{"rendered":"https:\/\/www.europesays.com\/fr\/1160441\/"},"modified":"2026-09-01T04:38:17","modified_gmt":"2026-09-01T04:38:17","slug":"meurthe-et-moselle-cambriolages-en-serie-des-jeunes-profitaient-des-fenetres-ouvertes-pendant-la-canicule","status":"publish","type":"post","link":"https:\/\/www.europesays.com\/fr\/1160441\/","title":{"rendered":"Meurthe-et-Moselle. Cambriolages en s\u00e9rie\u00a0: des jeunes profitaient des fen\u00eatres ouvertes pendant la canicule"},"content":{"rendered":"<p>Dans des maisons ou des appartements surchauff\u00e9s par les temp\u00e9ratures hors normes de cet \u00e9t\u00e9, seule la nuit apportait un petit moment de r\u00e9pit aux \u00ab\u00a0sans clim\u2019\u00a0\u00bb. Des locataires ou propri\u00e9taires qui n\u2019avaient d\u2019autres choix que d\u2019ouvrir leurs fen\u00eatres afin de cr\u00e9er un courant d\u2019air dans l\u2019espoir de voir chuter l\u00e9g\u00e8rement le mercure.<\/p>\n<p>Un bon sens encourag\u00e9 par les autorit\u00e9s. Et, comme dans toute crise, qu\u2019elle soit climatique ou \u00e9conomique, la d\u00e9tresse des uns profite \u00e0 la richesse des autres. Ici, les autres ont un visage juv\u00e9nile. Celui de trois mineurs \u00e2g\u00e9s de 14 \u00e0 16 ans, et un jeune majeur de 18 ans.<\/p>\n<p>En escaladant les cl\u00f4tures<\/p>\n<p>Tous les quatre sont suspect\u00e9s&#8230;<\/p>\n","protected":false},"excerpt":{"rendered":"Dans des maisons ou des appartements surchauff\u00e9s par les temp\u00e9ratures hors normes de cet \u00e9t\u00e9, seule la nuit&hellip;\n","protected":false},"author":2,"featured_media":1160442,"comment_status":"","ping_status":"","sticky":false,"template":"","format":"standard","meta":{"footnotes":"","_share_on_mastodon":"0"},"categories":[9635],"tags":[1111,11,271,272,1707,1704,1706,1705,1777,674,274,107,1011,27,775,3457,1702,1703,12,25],"class_list":["post-1160441","post","type-post","status-publish","format-standard","has-post-thumbnail","category-nancy","tag-actu","tag-actualites","tag-crime","tag-delit-et-contravention","tag-edition-luneville","tag-edition-nancy-et-agglomeration","tag-edition-pont-a-mousson","tag-edition-toul","tag-eu","tag-europe","tag-faits-divers-justice","tag-fil-info","tag-fr","tag-france","tag-grand-est","tag-meurthe-et-moselle","tag-nancy","tag-nancy-ville-54b","tag-news","tag-republique-francaise"],"share_on_mastodon":{"url":"https:\/\/pubeurope.com\/@fr\/117193939509731488","error":""},"_links":{"self":[{"href":"https:\/\/www.europesays.com\/fr\/wp-json\/wp\/v2\/posts\/1160441","targetHints":{"allow":["GET"]}}],"collection":[{"href":"https:\/\/www.europesays.com\/fr\/wp-json\/wp\/v2\/posts"}],"about":[{"href":"https:\/\/www.europesays.com\/fr\/wp-json\/wp\/v2\/types\/post"}],"author":[{"embeddable":true,"href":"https:\/\/www.europesays.com\/fr\/wp-json\/wp\/v2\/users\/2"}],"replies":[{"embeddable":true,"href":"https:\/\/www.europesays.com\/fr\/wp-json\/wp\/v2\/comments?post=1160441"}],"version-history":[{"count":0,"href":"https:\/\/www.europesays.com\/fr\/wp-json\/wp\/v2\/posts\/1160441\/revisions"}],"wp:featuredmedia":[{"embeddable":true,"href":"https:\/\/www.europesays.com\/fr\/wp-json\/wp\/v2\/media\/1160442"}],"wp:attachment":[{"href":"https:\/\/www.europesays.com\/fr\/wp-json\/wp\/v2\/media?parent=1160441"}],"wp:term":[{"taxonomy":"category","embeddable":true,"href":"https:\/\/www.europesays.com\/fr\/wp-json\/wp\/v2\/categories?post=1160441"},{"taxonomy":"post_tag","embeddable":true,"href":"https:\/\/www.europesays.com\/fr\/wp-json\/wp\/v2\/tags?post=1160441"}],"curies":[{"name":"wp","href":"https:\/\/api.w.org\/{rel}","templated":true}]}}