{"id":1160449,"date":"2026-09-01T04:43:36","date_gmt":"2026-09-01T04:43:36","guid":{"rendered":"https:\/\/www.europesays.com\/fr\/1160449\/"},"modified":"2026-09-01T04:43:36","modified_gmt":"2026-09-01T04:43:36","slug":"les-filles-perdent-a-mende-les-garcons-gagnent-a-montpellier","status":"publish","type":"post","link":"https:\/\/www.europesays.com\/fr\/1160449\/","title":{"rendered":"Les filles perdent \u00e0 Mende, les gar\u00e7ons gagnent \u00e0 Montpellier"},"content":{"rendered":"<p>Pour leur premier match amical de la saison, l\u2019\u00e9quipe fanion des seniors filles du Saint-Affrique handball (SAHB), qui \u00e9voluent en Pr\u00e9nationale, ont \u00e9t\u00e9 battues 31 \u00e0 25, ce samedi 29 ao\u00fbt, \u00e0 Mende, par les Mendoises qui \u00e9voluent en Nationale 3.<\/p>\n<p>La rencontre d\u00e9marre sur les chapeaux de roues et les neuf Saint-Affricaines se laissent surprendre par la rapidit\u00e9 de jeu leurs adversaires en contre-attaque. Une fois le probl\u00e8me des replis d\u00e9fensifs r\u00e9gl\u00e9, la partie s\u2019\u00e9quilibre. Les visiteuses mettent en place une d\u00e9fense mobile et solide. En attaque, elles varient leur jeu, travaillent plusieurs sch\u00e9mas tactiques et trouvent les filets gr\u00e2ce \u00e0 leur collectif. \u00c0 la pause les Saint-Affricaines affichent un but de retard. En seconde mi-temps, la fatigue prend le dessus sur la lucidit\u00e9. Les jaune et bleue oublient les bases de leur handball tandis que leurs adversaires restent constantes. \u00ab\u00a0La remobilisation d\u00e9fensive nous permet de r\u00e9duire l\u2019\u00e9cart au score mais ne pallie pas les contre-attaques Mendoises, commente Lilou Bouzat, co-entra\u00eeneuse du SAHB. Malgr\u00e9 la d\u00e9faite, c\u2019est un tr\u00e8s bon d\u00e9but. Les joueuses d\u00e9couvrent un nouveau collectif suite aux remaniements de l\u2019\u00e9quipe\u00a0\u00bb.<\/p>\n<p>Les seniors gar\u00e7ons, qui \u00e9voluent en Excellence, ont jou\u00e9 un match de pr\u00e9paration ce samedi 29 ao\u00fbt \u00e0 Montpellier, dans l\u2019H\u00e9rault, contre Montpellier Chamberte, une \u00e9quipe d\u2019Excellence. \u00ab\u00a0Mes joueurs affichent une gosse envie, m\u00eame si en d\u00e9but de match c\u2019est un peu compliqu\u00e9 avec la fatigue accumul\u00e9e lors des grosses s\u00e9ances d\u2019entra\u00eenement\u00a0\u00bb, note Nino Fillos, entra\u00eeneur adjoint du SAHB. \u00c0 la pause, Saint-Affrique est men\u00e9 de trois buts. \u00c0 la reprise, l\u2019\u00e9quipe affiche une grosse d\u00e9fense. Elle remonte peu \u00e0 peu au score et passe en t\u00eate \u00e0 un quart d\u2019heure du coup de sifflet final. Le SAHB l\u2019emporte 33 \u00e0 31. \u00ab\u00a0L\u2019int\u00e9gration des nouveaux joueurs se d\u00e9roule bien, note Nino Fillos. Les joueurs ont fait le n\u00e9cessaire pour l\u2019emporter. Mais on a encore trop d\u2019\u00e9checs aux tirs\u00a0\u00bb.<\/p>\n","protected":false},"excerpt":{"rendered":"Pour leur premier match amical de la saison, l\u2019\u00e9quipe fanion des seniors filles du Saint-Affrique handball (SAHB), qui&hellip;\n","protected":false},"author":2,"featured_media":1160450,"comment_status":"","ping_status":"","sticky":false,"template":"","format":"standard","meta":{"footnotes":"","_share_on_mastodon":"0"},"categories":[9599],"tags":[1111,11,18483,1777,674,1011,27,1792,2208,12,2680,25,101486,517],"class_list":["post-1160449","post","type-post","status-publish","format-standard","has-post-thumbnail","category-montpellier","tag-actu","tag-actualites","tag-aveyron","tag-eu","tag-europe","tag-fr","tag-france","tag-handball","tag-montpellier","tag-news","tag-occitanie","tag-republique-francaise","tag-saintaffrique","tag-sport"],"share_on_mastodon":{"url":"https:\/\/pubeurope.com\/@fr\/117193963310349938","error":""},"_links":{"self":[{"href":"https:\/\/www.europesays.com\/fr\/wp-json\/wp\/v2\/posts\/1160449","targetHints":{"allow":["GET"]}}],"collection":[{"href":"https:\/\/www.europesays.com\/fr\/wp-json\/wp\/v2\/posts"}],"about":[{"href":"https:\/\/www.europesays.com\/fr\/wp-json\/wp\/v2\/types\/post"}],"author":[{"embeddable":true,"href":"https:\/\/www.europesays.com\/fr\/wp-json\/wp\/v2\/users\/2"}],"replies":[{"embeddable":true,"href":"https:\/\/www.europesays.com\/fr\/wp-json\/wp\/v2\/comments?post=1160449"}],"version-history":[{"count":0,"href":"https:\/\/www.europesays.com\/fr\/wp-json\/wp\/v2\/posts\/1160449\/revisions"}],"wp:featuredmedia":[{"embeddable":true,"href":"https:\/\/www.europesays.com\/fr\/wp-json\/wp\/v2\/media\/1160450"}],"wp:attachment":[{"href":"https:\/\/www.europesays.com\/fr\/wp-json\/wp\/v2\/media?parent=1160449"}],"wp:term":[{"taxonomy":"category","embeddable":true,"href":"https:\/\/www.europesays.com\/fr\/wp-json\/wp\/v2\/categories?post=1160449"},{"taxonomy":"post_tag","embeddable":true,"href":"https:\/\/www.europesays.com\/fr\/wp-json\/wp\/v2\/tags?post=1160449"}],"curies":[{"name":"wp","href":"https:\/\/api.w.org\/{rel}","templated":true}]}}