{"id":116045,"date":"2025-05-21T05:12:07","date_gmt":"2025-05-21T05:12:07","guid":{"rendered":"https:\/\/www.europesays.com\/fr\/116045\/"},"modified":"2025-05-21T05:12:07","modified_gmt":"2025-05-21T05:12:07","slug":"le-point-sur-les-lignes-de-la-ratp-et-la-sncf","status":"publish","type":"post","link":"https:\/\/www.europesays.com\/fr\/116045\/","title":{"rendered":"le point sur les lignes de la RATP et la SNCF"},"content":{"rendered":"<p>            Par<br \/>\n        <strong><br \/>\n            <a href=\"https:\/\/actu.fr\/auteur\/emilie-salabelle\" title=\"Consulter tous les articles de Emilie Salabelle\" rel=\"nofollow noopener\" target=\"_blank\">Emilie Salabelle<\/a><br \/>\n        <\/strong><\/p>\n<p>        Publi\u00e9 le<\/p>\n<p>            21 mai 2025 \u00e0 6h18        <\/p>\n<p>L\u2019heure est aux f\u00e9licitations. \u00c0 l\u2019issue des auditions de la <a href=\"https:\/\/actu.fr\/tag\/ratp\" rel=\"nofollow noopener\" target=\"_blank\">RATP<\/a> et de la <a href=\"https:\/\/actu.fr\/tag\/sncf\" rel=\"nofollow noopener\" target=\"_blank\">SNCF<\/a> qui se tenaient mardi 20\u00a0mai 2025, <a href=\"https:\/\/actu.fr\/tag\/valerie-pecresse\" rel=\"nofollow noopener\" target=\"_blank\">Val\u00e9rie P\u00e9cresse<\/a>, pr\u00e9sidente d\u2019\u00cele-de-France Mobilit\u00e9s (<a href=\"https:\/\/actu.fr\/tag\/ile-de-france-mobilites\" rel=\"nofollow noopener\" target=\"_blank\">IDFM<\/a>) a soulign\u00e9 de nettes am\u00e9liorations sur l\u2019ensemble du r\u00e9seau de <strong>m\u00e9tros, RER et Transilien<\/strong> de la r\u00e9gion. Si la <strong>ponctualit\u00e9<\/strong> progresse dans les transports, quelques lignes du r\u00e9seau restent particuli\u00e8rement fragiles. On fait le point.<\/p>\n<p>Un m\u00e9tro globalement \u00e0 l\u2019heure<\/p>\n<p class=\" wall-content\">Sur le m\u00e9tro, commen\u00e7ons par les bonnes nouvelles\u2009: dans l\u2019ensemble, la performance des 14 lignes g\u00e9r\u00e9es par la RATP gagne 3,3 points par rapport \u00e0 2023, avec une<strong> ponctualit\u00e9 de 96\u2009%<\/strong>. \u00ab\u2009Ce sont de tr\u00e8s belles remont\u00e9es en deux ans, en particulier sur les <a href=\"https:\/\/actu.fr\/ile-de-france\/paris_75056\/paris-comment-l-emblematique-incident-de-la-ligne-4-du-metro-en-2023-a-oblige-la-ratp-a-changer-ses-methodes_62220262.html\" rel=\"nofollow noopener\" target=\"_blank\">lignes 4<\/a> et <a href=\"https:\/\/actu.fr\/ile-de-france\/paris_75056\/ligne-14-du-metro-la-ratp-modifie-son-calendrier-des-travaux-et-c-est-une-bonne-nouvelle-pour-les-usagers_62487184.html\" rel=\"nofollow noopener\" target=\"_blank\">14<\/a>, o\u00f9 la RATP a fait des prouesses\u2009\u00bb, salue la patronne d\u2019IDFM, au sujet des deux axes qui ont connu<a href=\"https:\/\/actu.fr\/ile-de-france\/montrouge_92049\/ratp-decouvrez-le-calendrier-de-l-automatisation-de-la-ligne-4-du-metro_60314817.html\" rel=\"nofollow noopener\" target=\"_blank\"> une automatisation<\/a> fin 2023 pour le premier et un <a href=\"https:\/\/actu.fr\/ile-de-france\/villejuif_94076\/ratp-un-enorme-gain-de-temps-l-ouverture-de-la-ligne-14-du-metro-a-villejuif-soulage-les-habitants_62136394.html\" rel=\"nofollow noopener\" target=\"_blank\">double prolongement en 2024<\/a> pour le second.<\/p>\n<p class=\" wall-content\">Mauvaise surprise en revanche du c\u00f4t\u00e9 de la <strong>ligne 9<\/strong>, o\u00f9 la ponctualit\u00e9 reste \u00ab\u2009bonne\u2009\u00bb, mais baisse significativement de 98\u2009% \u00e0 93\u2009%. Le <a href=\"https:\/\/actu.fr\/ile-de-france\/paris_75056\/ratp-cette-ligne-de-metro-tres-frequentee-a-paris-va-etre-totalement-fermee-plusieurs-jours-pour-travaux_62114700.html\" rel=\"nofollow noopener\" target=\"_blank\">chantier de modernisation<\/a> de la ligne aux 500\u2009000 voyageurs quotidiens ne s\u2019est pas fait sans heurts. Des dysfonctionnements sont apparus en raison du retard pris autour de la mise en route du nouveau <a href=\"https:\/\/actu.fr\/ile-de-france\/paris_75056\/modernisation-de-la-ligne-9-du-metro-la-ratp-annonce-de-nouvelles-interruptions-de-trafic_62476490.html\" rel=\"nofollow noopener\" target=\"_blank\">poste de commandement centralis\u00e9<\/a> (PCC). \u00ab\u2009Il n\u2019est pas encore compl\u00e8tement op\u00e9rationnel, on esp\u00e8re qu\u2019il le sera \u00e0 l\u2019\u00e9t\u00e9 prochain\u2009\u00bb, explique <a href=\"https:\/\/actu.fr\/tag\/jean-castex\" rel=\"nofollow noopener\" target=\"_blank\">Jean Castex<\/a>, pr\u00e9sident de la RATP.<\/p>\n<p class=\" wall-content\">Contrairement \u00e0 avril\u00a02024, plus aucune ligne n\u2019est consid\u00e9r\u00e9e \u00ab\u2009en difficult\u00e9\u2009\u00bb. En revanche, trois restent <strong>fragiles<\/strong>\u2009: la <strong>13<\/strong> toujours, mais aussi la <strong>6<\/strong> et surtout la <strong>8<\/strong>,<a href=\"https:\/\/actu.fr\/ile-de-france\/paris_75056\/elle-est-la-pire-ligne-du-metro-a-paris-comment-la-ratp-et-idfm-veulent-ameliorer-la-ligne-8_60757794.html\" rel=\"nofollow noopener\" target=\"_blank\"> devenue la ligne la plus probl\u00e9matique<\/a> du r\u00e9seau. Le renouvellement du mat\u00e9riel roulant, avec <a href=\"https:\/\/actu.fr\/ile-de-france\/bobigny_93008\/ratp-a-quoi-ressemblent-les-metros-du-futur-bientot-deployes-par-ile-de-france-mobilites_62253886.html\" rel=\"nofollow noopener\" target=\"_blank\">l\u2019arriv\u00e9e du MF19<\/a> sur la 13 et la 8 notamment, devrait am\u00e9liorer dans les prochaines ann\u00e9es la situation.<\/p>\n<p class=\" wall-content\">Quant \u00e0 la <strong>ligne 6<\/strong>, \u00ab\u2009elle n\u2019est<strong> pas encore au niveau<\/strong> malgr\u00e9 des trains r\u00e9nov\u00e9s et le d\u00e9ploiement d\u2019un syst\u00e8me d\u2019exploitation semi-automatique\u2009\u00bb, pointe Val\u00e9rie P\u00e9cresse. La modernisation de la ligne a\u00e9rienne est un chantier lourd, qui n\u00e9cessite de \u00ab\u2009changer toute l\u2019infrastructure\u2009\u00bb, rappelle Jean Castex. L\u2019arriv\u00e9e de<a href=\"https:\/\/actu.fr\/ile-de-france\/paris_75056\/photos-decouvrez-les-nouvelles-rames-qui-debarquent-sur-la-ligne-6-du-metro-a-paris_56488261.html\" rel=\"nofollow noopener\" target=\"_blank\"> m\u00e9tros MP89 relook\u00e9s<\/a> (d\u2019anciens trains de la ligne 14, qui a quant \u00e0 elle <a href=\"https:\/\/actu.fr\/societe\/ratp-un-travail-de-l-ombre-le-dernier-metro-nouvelle-generation-de-la-ligne-14-desormais-sur-les-rails_62577519.html\" rel=\"nofollow noopener\" target=\"_blank\">mis en service son ultime rame neuve d\u00e9but mai<\/a>) n\u00e9cessite d\u2019adapter le r\u00e9seau \u00ab\u2009tr\u00e8s m\u00e9canique par un syst\u00e8me num\u00e9ris\u00e9\u2009\u00bb, d\u00e9veloppe le pr\u00e9sident de la RATP. \u00c0 la cl\u00e9\u2009: <a href=\"https:\/\/actu.fr\/ile-de-france\/paris_75056\/ratp-la-ligne-6-du-metro-en-partie-interrompue-plusieurs-heures-a-paris-en-raison-d-une-panne_62497416.html\" rel=\"nofollow noopener\" target=\"_blank\">nombreuses perturbations<\/a> et<a href=\"https:\/\/actu.fr\/ile-de-france\/paris_75056\/ratp-a-paris-la-ligne-6-va-enchainer-les-fermetures-en-2025-pour-poursuivre-sa-mue_62025376.html\" rel=\"nofollow noopener\" target=\"_blank\"> interruptions temporaires de trafic<\/a>.<\/p>\n<p>Vid\u00e9os : en ce moment sur ActuSur les RER et Transilien, des am\u00e9liorations et des d\u00e9ceptions<\/p>\n<p class=\" wall-content\">Du c\u00f4t\u00e9 des RER et Transilien, les nouvelles sont plut\u00f4t bonnes, mais les r\u00e9sultats plus modestes, avec une<strong> ponctualit\u00e9 \u00e0 91\u2009%<\/strong> soit une am\u00e9lioration d\u2019un point par rapport \u00e0 2023. La remontada la plus spectaculaire concerne le <a href=\"https:\/\/actu.fr\/tag\/rer-b\" rel=\"nofollow noopener\" target=\"_blank\"><strong>RER B<\/strong><\/a>, dont la ponctualit\u00e9 \u00e9tablie \u00e0 88\u2009% en 2024 a grimp\u00e9 de 3 points par rapport \u00e0 2023 et progresse encore en 2025 avec un taux de 89\u2009%. La ligne co-g\u00e9r\u00e9e par la RATP et la SNCF, dont la ponctualit\u00e9 \u00e9tait <a href=\"https:\/\/actu.fr\/societe\/transports-en-seine-saint-denis-le-rer-b-ponctuel-seulement-sept-mois-dans-l-annee_48616266.html\" rel=\"nofollow noopener\" target=\"_blank\">en chute libre entre\u00a02017 et\u00a02024<\/a>, commence \u00e0 r\u00e9colter les fruits des <a href=\"https:\/\/actu.fr\/societe\/rer-b-en-souffrance-le-plan-d-ile-de-france-mobilites-pour-remettre-le-train-en-marche_60218339.html\" rel=\"nofollow noopener\" target=\"_blank\">pr\u00e9conisations faites lors d\u2019un audit<\/a> (le rapport Ramette) pour identifier les adaptations d\u2019urgence \u00e0 mettre en place, se f\u00e9licite Val\u00e9rie P\u00e9cresse.<\/p>\n<p class=\" wall-content\">Les <strong><a href=\"https:\/\/actu.fr\/ile-de-france\/vitry-sur-seine_94081\/sncf-face-aux-difficultes-du-rer-c-dans-le-val-de-marne-la-resistance-des-usagers-et-des-elus-s-organise_62564041.html\" rel=\"nofollow noopener\" target=\"_blank\">RER C<\/a> et <a href=\"https:\/\/actu.fr\/tag\/rer-d\/page\/2\" rel=\"nofollow noopener\" target=\"_blank\">D<\/a><\/strong>, en revanche, sont toujours dans le rouge, avec un taux de ponctualit\u00e9 de 86\u2009% pour le premier, 87\u2009% pour le second.<\/p>\n<p class=\" wall-content\">Enfin, le <a href=\"https:\/\/actu.fr\/tag\/rer-e\/page\/3\" rel=\"nofollow noopener\" target=\"_blank\"><strong>RER E<\/strong><\/a>, qui a pourtant c\u00e9l\u00e9br\u00e9 en grande pompe l\u2019<a href=\"https:\/\/actu.fr\/ile-de-france\/paris_75056\/apres-deux-ans-de-retard-le-nouveau-rer-e-arrive-enfin-a-quai-en-ile-de-france_60326856.html\" rel=\"nofollow noopener\" target=\"_blank\">arriv\u00e9e de nouvelles rames<\/a> et un <a href=\"https:\/\/actu.fr\/ile-de-france\/nanterre_92050\/en-images-sncf-le-prolongement-du-rer-e-jusqu-a-nanterre-enfin-inaugure_61034499.html\" rel=\"nofollow noopener\" target=\"_blank\">prolongement jusqu\u2019\u00e0 Nanterre<\/a>, accuse une<a href=\"https:\/\/actu.fr\/ile-de-france\/paris_75056\/sncf-au-moindre-souci-tout-s-effondre-malgre-son-prolongement-le-rer-e-gache-la-vie-de-ses-usagers_62169280.html\" rel=\"nofollow noopener\" target=\"_blank\"> nette d\u00e9gradation de son service<\/a>, passant de ligne \u00ab\u2009r\u00e9guli\u00e8re\u2009\u00bb \u00e0 \u00ab\u2009fragile\u2009\u00bb entre 2024 \u00e0 2025, avec une ponctualit\u00e9 d\u00e9gringolant de 94\u2009% \u00e0 88\u2009%. \u00ab\u2009La fin 2024 et le d\u00e9but 2025 ont \u00e9t\u00e9 tr\u00e8s compliqu\u00e9s\u2009\u00bb, reconna\u00eet Val\u00e9rie P\u00e9cresse. En cause, une phase de \u00ab\u2009d\u00e9verminage\u2009\u00bb (phase de rodage technique et humain) <a href=\"https:\/\/actu.fr\/ile-de-france\/paris_75056\/la-fiabilite-technique-du-rer-e-n-est-pas-au-rendez-vous-la-sncf-ne-veut-plus-des-nouveaux-trains-d-alstom_62409742.html\" rel=\"nofollow noopener\" target=\"_blank\">tr\u00e8s compliqu\u00e9e<\/a>, qui a \u00ab\u2009fait plonger les r\u00e9sultats\u2009\u00bb, avec des <strong>pannes \u00e0 r\u00e9p\u00e9tition<\/strong>. Mais le probl\u00e8me est r\u00e9solu, et le taux de ponctualit\u00e9 remonte, assure la pr\u00e9sidente d\u2019IDFM.<\/p>\n<p class=\" wall-content\">La ponctualit\u00e9 sur les trains du r\u00e9seau <strong>Transilien<\/strong> est jug\u00e9e bonne, avec des taux allant de 92 \u00e0 96\u2009%. Val\u00e9rie P\u00e9cresse a cependant invit\u00e9 les acteurs \u00e0 reprendre en main la <strong>programmation des travaux, <\/strong>et sujet d\u2019exasp\u00e9ration r\u00e9gulier des Franciliens. <a href=\"https:\/\/actu.fr\/societe\/ligne-r-une-vraie-pagaille-en-2025-la-galere-va-continuer-pour-une-partie-des-usagers-du-train_62042575.html\" rel=\"nofollow noopener\" target=\"_blank\">Concern\u00e9e par le sujet<\/a>, la <a href=\"https:\/\/actu.fr\/tag\/ligne-r\" rel=\"nofollow noopener\" target=\"_blank\">ligne R<\/a> est toujours consid\u00e9r\u00e9e comme fragile.<\/p>\n<p class=\" wall-content\">Suivez toute l\u2019actualit\u00e9 de vos villes et m\u00e9dias favoris en vous inscrivant \u00e0 <a href=\"https:\/\/moncompte.actu.fr\" title=\"D\u00e9couvez Mon Actu\" rel=\"nofollow noopener\" data-trk=\"{&quot;cta&quot;:{&quot;action&quot;:&quot;https:\\\/\\\/moncompte.actu.fr&quot;,&quot;category&quot;:&quot;mon compte&quot;,&quot;from&quot;:&quot;article footer&quot;,&quot;name&quot;:&quot;Mon actu&quot;,&quot;type&quot;:&quot;cta&quot;}}\" target=\"_blank\">Mon Actu<\/a>.<\/p>\n","protected":false},"excerpt":{"rendered":"Par Emilie Salabelle Publi\u00e9 le 21 mai 2025 \u00e0 6h18 L\u2019heure est aux f\u00e9licitations. \u00c0 l\u2019issue des auditions&hellip;\n","protected":false},"author":2,"featured_media":116046,"comment_status":"","ping_status":"","sticky":false,"template":"","format":"standard","meta":{"footnotes":""},"categories":[1592],"tags":[1111,11,1777,674,1011,27,662,10883,12,626,625,25,2215,104],"class_list":{"0":"post-116045","1":"post","2":"type-post","3":"status-publish","4":"format-standard","5":"has-post-thumbnail","7":"category-ile-de-france","8":"tag-actu","9":"tag-actualites","10":"tag-eu","11":"tag-europe","12":"tag-fr","13":"tag-france","14":"tag-ile-de-france","15":"tag-ile-de-france-mobilites","16":"tag-news","17":"tag-paris","18":"tag-ratp","19":"tag-republique-francaise","20":"tag-sncf","21":"tag-societe"},"share_on_mastodon":{"url":"https:\/\/pubeurope.com\/@fr\/114544112036776484","error":""},"_links":{"self":[{"href":"https:\/\/www.europesays.com\/fr\/wp-json\/wp\/v2\/posts\/116045","targetHints":{"allow":["GET"]}}],"collection":[{"href":"https:\/\/www.europesays.com\/fr\/wp-json\/wp\/v2\/posts"}],"about":[{"href":"https:\/\/www.europesays.com\/fr\/wp-json\/wp\/v2\/types\/post"}],"author":[{"embeddable":true,"href":"https:\/\/www.europesays.com\/fr\/wp-json\/wp\/v2\/users\/2"}],"replies":[{"embeddable":true,"href":"https:\/\/www.europesays.com\/fr\/wp-json\/wp\/v2\/comments?post=116045"}],"version-history":[{"count":0,"href":"https:\/\/www.europesays.com\/fr\/wp-json\/wp\/v2\/posts\/116045\/revisions"}],"wp:featuredmedia":[{"embeddable":true,"href":"https:\/\/www.europesays.com\/fr\/wp-json\/wp\/v2\/media\/116046"}],"wp:attachment":[{"href":"https:\/\/www.europesays.com\/fr\/wp-json\/wp\/v2\/media?parent=116045"}],"wp:term":[{"taxonomy":"category","embeddable":true,"href":"https:\/\/www.europesays.com\/fr\/wp-json\/wp\/v2\/categories?post=116045"},{"taxonomy":"post_tag","embeddable":true,"href":"https:\/\/www.europesays.com\/fr\/wp-json\/wp\/v2\/tags?post=116045"}],"curies":[{"name":"wp","href":"https:\/\/api.w.org\/{rel}","templated":true}]}}