{"id":116047,"date":"2025-05-21T05:13:07","date_gmt":"2025-05-21T05:13:07","guid":{"rendered":"https:\/\/www.europesays.com\/fr\/116047\/"},"modified":"2025-05-21T05:13:07","modified_gmt":"2025-05-21T05:13:07","slug":"dans-le-val-de-marne-la-gauche-se-mobilise-face-aux-fermetures-de-creches","status":"publish","type":"post","link":"https:\/\/www.europesays.com\/fr\/116047\/","title":{"rendered":"dans le Val-de-Marne, la gauche se mobilise face aux fermetures de cr\u00e8ches"},"content":{"rendered":"<p>            Par<br \/>\n        <strong><br \/>\n            <a href=\"https:\/\/actu.fr\/auteur\/antoine-grotteria02\" title=\"Consulter tous les articles de Antoine Grotteria\" target=\"_blank\" rel=\"noopener\">Antoine Grotteria<\/a><br \/>\n        <\/strong><\/p>\n<p>        Publi\u00e9 le<\/p>\n<p>            21 mai 2025 \u00e0 6h28        <\/p>\n<p>La col\u00e8re monte. Dans le <a href=\"https:\/\/actu.fr\/ile-de-france\/val-de-marne_94\" target=\"_blank\" rel=\"noopener\">Val-de-Marne<\/a>, plusieurs <a href=\"https:\/\/actu.fr\/politique\/il-faut-etre-plus-efficient-en-difficulte-financiere-le-val-de-marne-assume-la-fusion-de-creches_62595117.html\" target=\"_blank\" rel=\"noopener\">cr\u00e8ches d\u00e9partementales<\/a> pourraient bient\u00f4t <strong>tirer le rideau<\/strong>. Une situation qui suscite le courroux de l\u2019opposition. Dans un communiqu\u00e9 relay\u00e9 sur le r\u00e9seau social X, les groupes Val-de-Marne en commun \u2013 PCF et citoyen.nes, socialiste, \u00e9cologiste et citoyen et l\u2019\u00e9lu non-inscrit Daniel Gu\u00e9rin, appellent \u00e0 une <strong>mobilisation<\/strong> devant la <strong>cr\u00e8che Cit\u00e9s Jardins<\/strong> \u00e0 <a href=\"https:\/\/actu.fr\/ile-de-france\/cachan_94016\/avis-aux-amateurs-de-livres-cette-commune-de-val-de-marne-instaure-la-gratuite-dans-ses-bibliotheques_61555564.html\" target=\"_blank\" rel=\"noopener\">Cachan<\/a>, menac\u00e9e de fermeture, ce jeudi 22\u00a0mai 2025.<\/p>\n<p>Un contexte aust\u00e9ritaire<\/p>\n<p class=\" wall-content\">L\u2019opposition d\u00e9nonce en ch\u0153ur \u00ab\u2009une d\u00e9cision inacceptable\u2009\u00bb, qui affecte les \u00ab\u2009enfants, les enfants comme les agents des cr\u00e8ches d\u00e9partementales\u2009\u00bb. Parmi les 81 structures val-de-marnaises, <strong>quatre vont fermer<\/strong> cet \u00e9t\u00e9\u2009: la cr\u00e8che Berthollet \u00e0 <strong>Arcueil<\/strong>, la cr\u00e8che Cit\u00e9s Jardins \u00e0 <strong>Cachan<\/strong>, la cr\u00e8che Gabriel P\u00e9ri \u00e0 <strong>Gentilly<\/strong> et la cr\u00e8che des Granges \u00e0 <strong>Vitry-sur-Seine<\/strong>.<\/p>\n<p class=\" wall-content\">\n<p class=\" wall-content\">Le 5\u00a0mai 2025, le pr\u00e9sident du d\u00e9partement, <a href=\"https:\/\/actu.fr\/politique\/ce-qu-il-faut-savoir-sur-olivier-capitanio-nouveau-president-du-val-de-marne_43137869.html\" target=\"_blank\" rel=\"noopener\">Olivier Capitanio<\/a> (LR) avait assum\u00e9 la \u00ab\u2009fusion de cr\u00e8ches\u2009\u00bb pour r\u00e9duire les co\u00fbts de fonctionnement. Une mani\u00e8re, selon lui, d\u2019\u00eatre plus \u00ab<strong>\u2009efficient<\/strong>\u2009\u00bb dans un contexte <a href=\"https:\/\/actu.fr\/societe\/en-pleine-crise-financiere-le-departement-du-val-de-marne-va-vendre-une-partie-de-son-patrimoine-immobilier_62358616.html\" target=\"_blank\" rel=\"noopener\">d\u2019aust\u00e9rit\u00e9 budg\u00e9taire<\/a> au sein de la collectivit\u00e9, notamment dans le domaine de la petite enfance. Mais l\u2019ancien maire de Maisons-Alfort avait \u00e9galement promis \u00ab\u2009l\u2019ouverture de nouveaux berceaux\u2009\u00bb.<\/p>\n<p class=\" wall-content\">L\u2019institution fait \u00e9galement face \u00e0 une p\u00e9nurie d\u2019agents. En quatre ans, le nombre de postes vacants a bondi <strong>de moiti\u00e9<\/strong>. De son c\u00f4t\u00e9, la collectivit\u00e9 assure avoir \u00ab\u2009d\u00e9velopp\u00e9 l\u2019attractivit\u00e9\u2009\u00bb gr\u00e2ce \u00e0 une politique salariale plus \u00ab<a href=\"https:\/\/actu.fr\/ile-de-france\/_75\/emploi-ville-paris-recherche-educateurs-des-auxiliaires-puericulture_30529812.html\" target=\"_blank\" rel=\"noopener\">\u2009favorable qu\u2019\u00e0 Paris<\/a>\u2009\u00bb.<\/p>\n<p class=\" wall-content\">Suivez toute l\u2019actualit\u00e9 de vos villes et m\u00e9dias favoris en vous inscrivant \u00e0 <a href=\"https:\/\/moncompte.actu.fr\" title=\"D\u00e9couvez Mon Actu\" rel=\"nofollow noopener\" data-trk=\"{&quot;cta&quot;:{&quot;action&quot;:&quot;https:\\\/\\\/moncompte.actu.fr&quot;,&quot;category&quot;:&quot;mon compte&quot;,&quot;from&quot;:&quot;article footer&quot;,&quot;name&quot;:&quot;Mon actu&quot;,&quot;type&quot;:&quot;cta&quot;}}\" target=\"_blank\">Mon Actu<\/a>.<\/p>\n","protected":false},"excerpt":{"rendered":"Par Antoine Grotteria Publi\u00e9 le 21 mai 2025 \u00e0 6h28 La col\u00e8re monte. Dans le Val-de-Marne, plusieurs cr\u00e8ches&hellip;\n","protected":false},"author":2,"featured_media":116048,"comment_status":"","ping_status":"","sticky":false,"template":"","format":"standard","meta":{"footnotes":""},"categories":[1888],"tags":[1111,1928,11,1927,1057,1777,674,1011,27,1272,12,1926,626,1925,10585,25,104],"class_list":{"0":"post-116047","1":"post","2":"type-post","3":"status-publish","4":"format-standard","5":"has-post-thumbnail","7":"category-paris","8":"tag-actu","9":"tag-actu-paris","10":"tag-actualites","11":"tag-actualites-paris","12":"tag-education","13":"tag-eu","14":"tag-europe","15":"tag-fr","16":"tag-france","17":"tag-manifestations","18":"tag-news","19":"tag-news-paris","20":"tag-paris","21":"tag-paris-news","22":"tag-petite-enfance","23":"tag-republique-francaise","24":"tag-societe"},"share_on_mastodon":{"url":"https:\/\/pubeurope.com\/@fr\/114544115926216369","error":""},"_links":{"self":[{"href":"https:\/\/www.europesays.com\/fr\/wp-json\/wp\/v2\/posts\/116047","targetHints":{"allow":["GET"]}}],"collection":[{"href":"https:\/\/www.europesays.com\/fr\/wp-json\/wp\/v2\/posts"}],"about":[{"href":"https:\/\/www.europesays.com\/fr\/wp-json\/wp\/v2\/types\/post"}],"author":[{"embeddable":true,"href":"https:\/\/www.europesays.com\/fr\/wp-json\/wp\/v2\/users\/2"}],"replies":[{"embeddable":true,"href":"https:\/\/www.europesays.com\/fr\/wp-json\/wp\/v2\/comments?post=116047"}],"version-history":[{"count":0,"href":"https:\/\/www.europesays.com\/fr\/wp-json\/wp\/v2\/posts\/116047\/revisions"}],"wp:featuredmedia":[{"embeddable":true,"href":"https:\/\/www.europesays.com\/fr\/wp-json\/wp\/v2\/media\/116048"}],"wp:attachment":[{"href":"https:\/\/www.europesays.com\/fr\/wp-json\/wp\/v2\/media?parent=116047"}],"wp:term":[{"taxonomy":"category","embeddable":true,"href":"https:\/\/www.europesays.com\/fr\/wp-json\/wp\/v2\/categories?post=116047"},{"taxonomy":"post_tag","embeddable":true,"href":"https:\/\/www.europesays.com\/fr\/wp-json\/wp\/v2\/tags?post=116047"}],"curies":[{"name":"wp","href":"https:\/\/api.w.org\/{rel}","templated":true}]}}