{"id":1160470,"date":"2026-09-01T04:59:30","date_gmt":"2026-09-01T04:59:30","guid":{"rendered":"https:\/\/www.europesays.com\/fr\/1160470\/"},"modified":"2026-09-01T04:59:30","modified_gmt":"2026-09-01T04:59:30","slug":"poussiere-nuisances-sonores-pollution-sur-lile-de-nantes-lecocentre-agite-les-tensions-entre-les-riverains-et-lentreprise-gestionnaire-du-site","status":"publish","type":"post","link":"https:\/\/www.europesays.com\/fr\/1160470\/","title":{"rendered":"Poussi\u00e8re, nuisances sonores, pollution\u2026 Sur l&rsquo;\u00eele de Nantes, l&rsquo;\u00e9cocentre agite les tensions entre les riverains et l&rsquo;entreprise gestionnaire du site"},"content":{"rendered":"<p class=\"article__intro\">Situ\u00e9 sur l&rsquo;\u00eele de Nantes, non loin de la Loire, l&rsquo;\u00e9cocentre a \u00e9t\u00e9 mis en place pour valoriser les terres des chantiers du secteur. Une infrastructure loin de convenir \u00e0 certains riverains de la zone, qui pointent du doigt plusieurs probl\u00e9matiques quant au fonctionnement du site.<\/p>\n<p>Quand on s&rsquo;approche de l&rsquo;entr\u00e9e principale de l&rsquo;\u00e9cocentre, situ\u00e9e rue Saint-Domingue, sur l&rsquo;\u00eele de Nantes, on peut apercevoir un panneau \u00e0 l&rsquo;entr\u00e9e. Sur ce dernier, il est inscrit : \u00ab\u00a0Nous nous impliquons pour : limiter les nuisances sur le cadre de vie, pr\u00e9server les ressources, prot\u00e9ger le sol et la nappe phr\u00e9atique, r\u00e9duire et trier nos d\u00e9chets\u00a0\u00bb.<\/p>\n<p>\u00c0 quelques encablures de l\u00e0, dans son appartement du 6\u1d49 \u00e9tage, pas s\u00fbr que Didier Richard soit convaincu par ces principes peut-\u00eatre pas toujours respect\u00e9s, selon lui.<\/p>\n<p><a data-article-figure=\"\" href=\"https:\/\/france3-regions.franceinfo.fr\/image\/5r0xSCuWIobx8MiuJWGDRpqrTo8\/1536x2048\/regions\/2026\/08\/31\/6a959e428ea79463401966.jpg\" data-pswp-width=\"1536\" data-pswp-height=\"2048\" target=\"_blank\" rel=\"nofollow noopener\"><\/p>\n<p>          <img width=\"600\" height=\"400\" class=\"article-image lazy\" data-src=\"https:\/\/www.europesays.com\/fr\/wp-content\/uploads\/2026\/09\/6a959e428ea79463401966.jpg\" alt=\"Un panneau \u00e0 l'entr\u00e9e de l'\u00c9cocentre, explique les engagements du site\" fetchpriority=\"high\" as=\"image\"\/><\/p>\n<p>\n            Un panneau \u00e0 l&rsquo;entr\u00e9e de l&rsquo;\u00c9cocentre, explique les engagements du site<br \/>\n                           \u2022<br \/>\n                                      \u00a9 Quentin Carudel \/ FTV\n                      <\/p>\n<p><\/a><\/p>\n<p>Quand on arrive chez lui, impossible de ne pas tiquer sur la pollution sonore dans l&rsquo;appartement. Les fen\u00eatres sont ouvertes et le bruit est omnipr\u00e9sent. On entend parfaitement des ouvriers en train de scier des portions de rails, ainsi que la concasseuse, mise en route ce 31 ao\u00fbt pour une p\u00e9riode de deux semaines.<\/p>\n<p>\u00ab\u00a0Cela g\u00e9n\u00e8re du bruit au quotidien, toute la journ\u00e9e. C&rsquo;est un bruit sourd, r\u00e9current, d\u00e9taille ce r\u00e9sident nantais. On ne peut pas ouvrir nos fen\u00eatres, alors qu&rsquo;on est fin ao\u00fbt, d\u00e9but septembre, et qu&rsquo;il fait \u00e0 peu pr\u00e8s beau.\u00a0\u00bb<\/p>\n<blockquote class=\"ftvi_content_quote\">\n<p class=\"ftvi_citation_quote\">Les gens ne peuvent pas profiter de leur appartement en faisant du t\u00e9l\u00e9travail. Quand il fait chaud, ils ne peuvent pas ouvrir les fen\u00eatres pour a\u00e9rer et profiter de l&rsquo;ext\u00e9rieur.  <\/p>\n<p>Didier Richard<\/p>\n<p class=\"ftvi_citation_source\">Membre du comit\u00e9 de suivi et riverain<\/p>\n<\/blockquote>\n<p>Selon lui, le site poss\u00e8de aussi une cribleuse hydrolavante, qui trie les mat\u00e9riaux et les lave, qui fait un \u00ab\u00a0boucan du tonnerre\u00a0\u00bb. Des nuisances sonores constantes, qui p\u00e8sent sur le moral des habitants du coin qui n&rsquo;en peuvent plus de cette situation. \u00ab\u00a0Quand on discute avec les riverains, il y en a qui sont \u00e0 deux doigts de la d\u00e9pression. Ce n&rsquo;est pas caricatur\u00e9, il y a des gens qui en ont ras-le-bol\u00a0\u00bb, insiste Didier Richard.<\/p>\n<p>Autre nuisance : la poussi\u00e8re que g\u00e9n\u00e8rent les all\u00e9es et venues des machines, et le d\u00e9placement des gravats et de la terre. \u00ab\u00a0Nous, \u00e0 l&rsquo;appartement, on a de la poussi\u00e8re tous les jours. C&rsquo;est franchement aga\u00e7ant, et on ne sait pas ce qu&rsquo;on respire\u00a0\u00bb, s&rsquo;inqui\u00e8te le Nantais.<\/p>\n<p>Si des petits d\u00e9tecteurs ont \u00e9t\u00e9 plac\u00e9s au pied des b\u00e2timents pour analyser la qualit\u00e9 de l&rsquo;air, c&rsquo;est loin de le rassurer. \u00ab\u00a0Quand notre petite-fille vient, elle ne va pas sur le balcon et elle ne va pas aux abords du site, dans le jardin de l&rsquo;Estuaire, pour s&rsquo;amuser \u00bb, confie-t-il.<\/p>\n<p>Plusieurs riverains ont propos\u00e9 que la p\u00e9riode de concassage se d\u00e9roule en hiver, \u00e0 une p\u00e9riode o\u00f9 la poussi\u00e8re et le bruit seraient moins nuisibles. Mais cette \u00e9ventualit\u00e9 n&rsquo;a pas \u00e9t\u00e9 retenue.<\/p>\n<p><a data-article-figure=\"\" href=\"https:\/\/france3-regions.franceinfo.fr\/image\/Ca636W5Kbw_mI43stWpWzuKNBNk\/2048x1536\/regions\/2026\/08\/31\/6a95b02ea1190429733398.jpg\" data-pswp-width=\"2048\" data-pswp-height=\"1536\" target=\"_blank\" rel=\"nofollow noopener\"><\/p>\n<p>          <img width=\"600\" height=\"400\" class=\"article-image lazy\" data-src=\"https:\/\/www.europesays.com\/fr\/wp-content\/uploads\/2026\/09\/6a95b02ea1190429733398.jpg\" alt=\"Didier Richard, comme d'autres riverains, ne supportent plus les nuisances sonores et de la poussi\u00e8re\" fetchpriority=\"high\" as=\"image\"\/><\/p>\n<p>\n            Didier Richard, comme d&rsquo;autres riverains, ne supportent plus les nuisances sonores et de la poussi\u00e8re<br \/>\n                           \u2022<br \/>\n                                      \u00a9 Quentin Carudel \/ FTV\n                      <\/p>\n<p><\/a><\/p>\n<p>Membre du comit\u00e9 de suivi sur l&rsquo;\u00e9cocentre, Didier Richard partage les revendications du collectif \u00ab\u00a0Stop \u00c9cocentre \u00cele de Nantes\u00a0\u00bb sur les nuisances, mais \u00e9galement sur l&rsquo;arrosage du site avec de l&rsquo;eau potable ou encore la destination des terres valoris\u00e9es et stock\u00e9es sur place.<\/p>\n<p><a href=\"https:\/\/www.iledenantes.com\/operations\/ecocentre\/\" target=\"_blank\" rel=\"noopener noreferrer nofollow\" data-tooltip-url=\"https:\/\/www.iledenantes.com\/operations\/ecocentre\/\">Sur le site de la Samoa<\/a>, qui g\u00e8re les lieux, on explique que cet \u00e9cocentre permet \u00ab\u00a0d&rsquo;entreposer, trier et recycler en circuit les terres et les mat\u00e9riaux issus des chantiers de l&rsquo;\u00cele de Nantes\u00a0\u00bb. Mais est-ce le cas r\u00e9ellement ?<\/p>\n<p>Selon Didier Richard, ce n&rsquo;est pas forc\u00e9ment vrai et pour en \u00eatre s\u00fbr, il a, avec d&rsquo;autres personnes, suivi les trajets de certains camions au d\u00e9part de Nantes.<\/p>\n<p>\u00ab\u00a0Il y a un gros tas, qu&rsquo;on a estim\u00e9 \u00e0 peu pr\u00e8s \u00e0 10 000 tonnes, et qui s&rsquo;en va \u00e0 la carri\u00e8re de la Grande-Garde \u00e0 Saint-Colombans, explique-t-il. Certains mat\u00e9riaux s&rsquo;en vont aussi \u00e0 la clairi\u00e8re des Mara\u00eech\u00e8res, \u00e0 Bougenais, ou \u00e0 la carri\u00e8re de la Clart\u00e9 \u00e0 Herbignac.\u00a0\u00bb<\/p>\n<p>Au total, selon eux, 26 000 kilom\u00e8tres parcourus par ces camions sur le mois d&rsquo;ao\u00fbt sur le d\u00e9partement. \u00ab\u00a0On est loin de la promesse de la Samoa et de Br\u00e9zillion (l&rsquo;entreprise qui exploite le site) qui \u00e9tait d&rsquo;avoir un syst\u00e8me tr\u00e8s vertueux\u00a0\u00bb.<\/p>\n<p>Vivement point\u00e9e du doigt, la Samoa, aux manettes du projet d&rsquo;\u00e9cocentre sur l&rsquo;\u00eele de Nantes, a accept\u00e9 de r\u00e9pondre \u00e0 nos questions, par le biais de son directeur adjoint au projet urbain Guillaume Petit.<\/p>\n<p>Sur la question des nuisances sonores, ce dernier explique que \u00ab\u00a0c&rsquo;est un sujet qui a \u00e9t\u00e9 appr\u00e9hend\u00e9 de longue date par rapport \u00e0 l&rsquo;installation de cet \u00e9quipement sur l&rsquo;\u00eele de Nantes, avec une discussion aupr\u00e8s des riverains qui s&rsquo;est install\u00e9e depuis trois ans, et un comit\u00e9 de suivi\u00a0\u00bb.<\/p>\n<p>Il ajoute que des capteurs permettent de contr\u00f4ler les niveaux de poussi\u00e8re et les niveaux sonores li\u00e9s \u00e0 l&rsquo;activit\u00e9 de l&rsquo;\u00e9cocentre.<\/p>\n<p>Cependant, Guillaume Petit admet que ces derniers temps, l&rsquo;\u00e9cocentre est tr\u00e8s actif \u00e0 cause du r\u00e9emploi de mat\u00e9riaux n\u00e9cessaires pour le d\u00e9but du chantier de la facult\u00e9 de sant\u00e9. Cela est coupl\u00e9 au chantier des Jardins de l&rsquo;Estuaire, qui lui aussi, selon eux, \u00ab\u00a0g\u00e9n\u00e8re des nuisances, poussi\u00e8res et bruit\u00a0\u00bb.<\/p>\n<blockquote class=\"ftvi_content_quote\">\n<p class=\"ftvi_citation_quote\">On a bien conscience que dans les phases tr\u00e8s denses comme ces 15 premiers jours de septembre, il reste des nuisances qui sont inh\u00e9rentes \u00e0 ces chantiers, mais on essaie de les ma\u00eetriser.<\/p>\n<p>Guillaume Petit<\/p>\n<p class=\"ftvi_citation_source\">Directeur adjoint au projet urbain de la Samoa<\/p>\n<\/blockquote>\n<p>Arrosage de la terre, mise en fonction de syst\u00e8mes moins bruyants au niveau des machines&#8230; La Samoa explique essayer de faire des efforts.<\/p>\n<p>Selon le directeur adjoint au projet urbain de la Samoa, la multiplication des chantiers sur l&rsquo;\u00eele de Nantes g\u00e9n\u00e8re donc une activit\u00e9 et des nuisances suppl\u00e9mentaires. Une phase selon l&rsquo;entreprise, \u00ab\u00a0n\u00e9cessaire avant un cadre de vie qui sera fortement am\u00e9lior\u00e9 d&rsquo;ici quelques mois\u00a0\u00bb.<\/p>\n<p>Un d\u00e9calage de la p\u00e9riode de concassage n&rsquo;\u00e9tait pas non plus possible selon eux, car \u00ab\u00a0le chantier de la facult\u00e9 de sant\u00e9 a besoin de ces mat\u00e9riaux fin septembre\u00a0\u00bb et il n&rsquo;\u00e9tait pas question de retarder les travaux.<\/p>\n<p><a data-article-figure=\"\" href=\"https:\/\/france3-regions.franceinfo.fr\/image\/pjM5j6BLnOTwoq3rPtKuWYjgFuE\/2048x1536\/regions\/2026\/08\/31\/6a95b1528cc6c808328560.jpg\" data-pswp-width=\"2048\" data-pswp-height=\"1536\" target=\"_blank\" rel=\"nofollow noopener\"><\/p>\n<p>          <img width=\"600\" height=\"400\" class=\"article-image lazy\" data-src=\"https:\/\/www.europesays.com\/fr\/wp-content\/uploads\/2026\/09\/6a95b1528cc6c808328560.jpg\" alt=\"Mis en service il y a un an et demi, l'\u00e9cocentre a \u00e9t\u00e9 cr\u00e9\u00e9 pour stocker, traiter et r\u00e9utiliser les mat\u00e9riaux des chantiers de l'\u00eele de Nantes\" fetchpriority=\"high\" as=\"image\"\/><\/p>\n<p>\n            Mis en service il y a un an et demi, l&rsquo;\u00e9cocentre a \u00e9t\u00e9 cr\u00e9\u00e9 pour stocker, traiter et r\u00e9utiliser les mat\u00e9riaux des chantiers de l&rsquo;\u00eele de Nantes<br \/>\n                           \u2022<br \/>\n                                      \u00a9 Quentin Carudel \/ FTV\n                      <\/p>\n<p><\/a><\/p>\n<p>Concernant la destination des mat\u00e9riaux trait\u00e9s et stock\u00e9s sur le site de l&rsquo;\u00e9cocentre de l&rsquo;\u00eele de Nantes, Guillaume Petit insiste sur le bienfait de l&rsquo;\u00e9conomie circulaire inh\u00e9rente au projet et explique que la Samoa a \u00e9t\u00e9 transparente concernant le fait que certains mat\u00e9riaux \u00e9taient destin\u00e9s \u00e0 d&rsquo;autres zones.<\/p>\n<p>\u00ab\u00a0On n&rsquo;a pas la capacit\u00e9 \u00e0 traiter 100 % des mat\u00e9riaux sur l&rsquo;\u00eele de Nantes en \u00e9conomie circulaire, notamment car on a un volume en d\u00e9blai qui est plus important qu&rsquo;en remblai. Et l&rsquo;id\u00e9e c&rsquo;est d&rsquo;\u00e9quilibrer au maximum.\u00a0\u00bb<\/p>\n<p>Les mat\u00e9riaux qui pr\u00e9sentent des teneurs en pollution trop importantes, et ceux qui n&rsquo;ont pas les caract\u00e9ristiques techniques requises, ne sont donc pas trait\u00e9s sur l&rsquo;\u00eele de Nantes.<\/p>\n<p>Au cours de l&rsquo;interview avec Didier Ricard, riverain m\u00e9content, il a \u00e9t\u00e9 \u00e9voqu\u00e9 des mat\u00e9riaux avec des teneurs de plomb m\u00e9lang\u00e9es \u00e0 d&rsquo;autres mat\u00e9riaux. De son c\u00f4t\u00e9, la Samoa explique avoir tout de suite sollicit\u00e9 l&rsquo;entreprise Br\u00e9zillion pour v\u00e9rifier que tout \u00e9tait en r\u00e8gle. \u00ab\u00a0On a eu confirmation, avant l&rsquo;envoi des mat\u00e9riaux sur l&rsquo;\u00e9cocentre, qu&rsquo;on \u00e9tait bien conforme avec les limites fix\u00e9es par la r\u00e9glementation au sein de l&rsquo;\u00e9cocentre.\u00a0\u00bb<\/p>\n<p>Pour parler de tous ces sujets, une r\u00e9union entre les \u00e9lus du quartier, les riverains et les responsables de la Samoa, avait lieu ce 31 ao\u00fbt en fin de journ\u00e9e. Chaque partie esp\u00e8re \u00eatre entendue et comprise. Dans le cas contraire, certains riverains pensent saisir la pr\u00e9fecture ainsi que la Direction r\u00e9gionale de l&rsquo;environnement, de l&rsquo;am\u00e9nagement et du logement (DREAL) afin de faire bouger les choses.<\/p>\n<p><strong>Retrouvez-nous\u00a0sur nos r\u00e9seaux sociaux et sur<\/strong><a href=\"https:\/\/www.france.tv\/france-3\/pays-de-la-loire\/\" target=\"_blank\" rel=\"noopener noreferrer nofollow\" data-tooltip-url=\"https:\/\/www.france.tv\/france-3\/pays-de-la-loire\/\"><strong>\u00a0<\/strong><\/a><a href=\"https:\/\/france3-regions.franceinfo.fr\/pays-de-la-loire\/\" target=\"_blank\" rel=\"noopener noreferrer nofollow\" data-tooltip-url=\"https:\/\/france3-regions.franceinfo.fr\/pays-de-la-loire\/\"><strong>france.tv<\/strong><\/a><\/p>\n","protected":false},"excerpt":{"rendered":"Situ\u00e9 sur l&rsquo;\u00eele de Nantes, non loin de la Loire, l&rsquo;\u00e9cocentre a \u00e9t\u00e9 mis en place pour valoriser&hellip;\n","protected":false},"author":2,"featured_media":1160471,"comment_status":"","ping_status":"","sticky":false,"template":"","format":"standard","meta":{"footnotes":"","_share_on_mastodon":"0"},"categories":[2818],"tags":[1111,11,1777,674,1011,27,766,12,2636,25],"class_list":["post-1160470","post","type-post","status-publish","format-standard","has-post-thumbnail","category-nantes","tag-actu","tag-actualites","tag-eu","tag-europe","tag-fr","tag-france","tag-nantes","tag-news","tag-pays-de-la-loire","tag-republique-francaise"],"share_on_mastodon":{"url":"https:\/\/pubeurope.com\/@fr\/117194022420122692","error":""},"_links":{"self":[{"href":"https:\/\/www.europesays.com\/fr\/wp-json\/wp\/v2\/posts\/1160470","targetHints":{"allow":["GET"]}}],"collection":[{"href":"https:\/\/www.europesays.com\/fr\/wp-json\/wp\/v2\/posts"}],"about":[{"href":"https:\/\/www.europesays.com\/fr\/wp-json\/wp\/v2\/types\/post"}],"author":[{"embeddable":true,"href":"https:\/\/www.europesays.com\/fr\/wp-json\/wp\/v2\/users\/2"}],"replies":[{"embeddable":true,"href":"https:\/\/www.europesays.com\/fr\/wp-json\/wp\/v2\/comments?post=1160470"}],"version-history":[{"count":0,"href":"https:\/\/www.europesays.com\/fr\/wp-json\/wp\/v2\/posts\/1160470\/revisions"}],"wp:featuredmedia":[{"embeddable":true,"href":"https:\/\/www.europesays.com\/fr\/wp-json\/wp\/v2\/media\/1160471"}],"wp:attachment":[{"href":"https:\/\/www.europesays.com\/fr\/wp-json\/wp\/v2\/media?parent=1160470"}],"wp:term":[{"taxonomy":"category","embeddable":true,"href":"https:\/\/www.europesays.com\/fr\/wp-json\/wp\/v2\/categories?post=1160470"},{"taxonomy":"post_tag","embeddable":true,"href":"https:\/\/www.europesays.com\/fr\/wp-json\/wp\/v2\/tags?post=1160470"}],"curies":[{"name":"wp","href":"https:\/\/api.w.org\/{rel}","templated":true}]}}