{"id":1160492,"date":"2026-09-01T05:14:14","date_gmt":"2026-09-01T05:14:14","guid":{"rendered":"https:\/\/www.europesays.com\/fr\/1160492\/"},"modified":"2026-09-01T05:14:14","modified_gmt":"2026-09-01T05:14:14","slug":"les-valeurs-a-suivre-a-paris-et-en-europe-01-09-2026-a-0643","status":"publish","type":"post","link":"https:\/\/www.europesays.com\/fr\/1160492\/","title":{"rendered":"Les valeurs \u00e0 suivre \u00e0 Paris et en Europe &#8211; 01\/09\/2026 \u00e0 06:43"},"content":{"rendered":"<p>\n * Variation des futures sur indice CAC 40  0#FCE:\n<\/p>\n<p>\n * Variation des futures sur indice Stoxx 600  0#FXXP:\n<\/p>\n<p>\n * Valeurs qui se traitent ex-dividende  .EX.PA\n<\/p>\n<p>\n * Le point sur les march\u00e9s europ\u00e9ens  .EUFR\n<\/p>\n<p>\n Les valeurs \u00e0 suivre mardi \u00e0<br \/>\nla Bourse de Paris et en Europe :\n<\/p>\n<p>\n * SECTEUR AUTOMOBILE &#8211; Les immatriculations de voitures<br \/>\nneuves en France ont augment\u00e9 en ao\u00fbt de 7,40% en rythme annuel,<br \/>\nselon les donn\u00e9es communiqu\u00e9es mardi par la Plateforme<br \/>\nautomobile (PFA).\n<\/p>\n<p>\n * AIR LIQUIDE<br \/>\n <a href=\"https:\/\/www.boursorama.com\/cours\/1rPAI\/\" title=\"AIR LIQUIDE\" rel=\"nofollow noopener\" target=\"_blank\"><br \/>\n  AIRP.PA<br \/>\n <\/a><br \/>\n &#8211; L&rsquo;investisseur activiste Elliott<br \/>\nInvestment Management a pris une participation dans le<br \/>\nsp\u00e9cialiste des gaz industriels et l&rsquo;exhorte \u00e0 am\u00e9liorer ses<br \/>\nmarges, ont indiqu\u00e9 \u00e0 Reuters des sources proches du dossier.\n<\/p>\n<p>\n * SWISS LIFE<br \/>\n <a href=\"https:\/\/www.boursorama.com\/cours\/2aSLHN\/\" title=\"SWISS LIFE HLDG\" rel=\"nofollow noopener\" target=\"_blank\"><br \/>\n  SLHN.S<br \/>\n <\/a><br \/>\n doit publier ses r\u00e9sultats avant la<br \/>\ncloche.\n<\/p>\n<p>\n L&rsquo;AGENDA FRANCE &amp; INTERNATIONAL \u00c0 7 JOURS:<br \/>\n nL8N44P1DT\n<\/p>\n<p>\n (R\u00e9dig\u00e9 par Coralie Lamarque, \u00e9dit\u00e9 par Augustin Turpin)<\/p>\n","protected":false},"excerpt":{"rendered":"* Variation des futures sur indice CAC 40 0#FCE: * Variation des futures sur indice Stoxx 600 0#FXXP:&hellip;\n","protected":false},"author":2,"featured_media":607076,"comment_status":"","ping_status":"","sticky":false,"template":"","format":"standard","meta":{"footnotes":"","_share_on_mastodon":"0"},"categories":[1888],"tags":[400,1111,1928,11,1927,398,408,405,1777,674,1011,27,403,402,399,404,12,1926,626,1925,25,401,406,407],"class_list":["post-1160492","post","type-post","status-publish","format-standard","has-post-thumbnail","category-paris","tag-action-cac-40","tag-actu","tag-actu-paris","tag-actualites","tag-actualites-paris","tag-bourse-de-paris","tag-boursorama","tag-cotations","tag-eu","tag-europe","tag-fr","tag-france","tag-indices-devises","tag-investir","tag-investissement","tag-marche-boursier","tag-news","tag-news-paris","tag-paris","tag-paris-news","tag-republique-francaise","tag-sicav","tag-trackers","tag-warrants"],"share_on_mastodon":{"url":"https:\/\/pubeurope.com\/@fr\/117194081337245033","error":""},"_links":{"self":[{"href":"https:\/\/www.europesays.com\/fr\/wp-json\/wp\/v2\/posts\/1160492","targetHints":{"allow":["GET"]}}],"collection":[{"href":"https:\/\/www.europesays.com\/fr\/wp-json\/wp\/v2\/posts"}],"about":[{"href":"https:\/\/www.europesays.com\/fr\/wp-json\/wp\/v2\/types\/post"}],"author":[{"embeddable":true,"href":"https:\/\/www.europesays.com\/fr\/wp-json\/wp\/v2\/users\/2"}],"replies":[{"embeddable":true,"href":"https:\/\/www.europesays.com\/fr\/wp-json\/wp\/v2\/comments?post=1160492"}],"version-history":[{"count":0,"href":"https:\/\/www.europesays.com\/fr\/wp-json\/wp\/v2\/posts\/1160492\/revisions"}],"wp:featuredmedia":[{"embeddable":true,"href":"https:\/\/www.europesays.com\/fr\/wp-json\/wp\/v2\/media\/607076"}],"wp:attachment":[{"href":"https:\/\/www.europesays.com\/fr\/wp-json\/wp\/v2\/media?parent=1160492"}],"wp:term":[{"taxonomy":"category","embeddable":true,"href":"https:\/\/www.europesays.com\/fr\/wp-json\/wp\/v2\/categories?post=1160492"},{"taxonomy":"post_tag","embeddable":true,"href":"https:\/\/www.europesays.com\/fr\/wp-json\/wp\/v2\/tags?post=1160492"}],"curies":[{"name":"wp","href":"https:\/\/api.w.org\/{rel}","templated":true}]}}