{"id":1160495,"date":"2026-09-01T05:16:14","date_gmt":"2026-09-01T05:16:14","guid":{"rendered":"https:\/\/www.europesays.com\/fr\/1160495\/"},"modified":"2026-09-01T05:16:14","modified_gmt":"2026-09-01T05:16:14","slug":"on-nous-a-empeche-de-prendre-la-parole-le-representant-du-controverse-projet-dincinerateur-a-vitry-sort-du-silence","status":"publish","type":"post","link":"https:\/\/www.europesays.com\/fr\/1160495\/","title":{"rendered":"\u00ab\u00a0On nous a emp\u00each\u00e9 de prendre la parole\u00a0\u00bb : le repr\u00e9sentant du controvers\u00e9 projet d&rsquo;incin\u00e9rateur \u00e0 Vitry sort du silence"},"content":{"rendered":"<p>                    Par<br \/>\n        <strong><br \/>\n            <a href=\"https:\/\/actu.fr\/auteur\/marie-amelie-marchal\" title=\"Consulter tous les articles de Marie Amelie Marchal\" rel=\"nofollow noopener\" target=\"_blank\">Marie Amelie Marchal<\/a><br \/>\n                    <\/strong><\/p>\n<p>        Publi\u00e9 le<\/p>\n<p>            1 sept. 2026 \u00e0 6h58        <\/p>\n<p>Mardi 1er septembre 2026 s\u2019ouvre la <a href=\"https:\/\/actu.fr\/ile-de-france\/vitry-sur-seine_94081\/thermo-sur-seine-cinq-questions-sur-le-projet-d-incinerateur-qui-fait-polemique-dans-le-val-de-marne_64720995.html\" rel=\"nofollow noopener\" target=\"_blank\">concertation pr\u00e9alable<\/a> au <a href=\"https:\/\/actu.fr\/ile-de-france\/vitry-sur-seine_94081\/le-projet-d-usine-d-incineration-de-la-ville-de-paris-a-vitry-sur-seine-suscite-la-controverse_63732310.html\" rel=\"nofollow noopener\" target=\"_blank\">projet d\u2019incin\u00e9rateur<\/a> Thermo-sur-Seine \u00e0 Vitry (Val-de-Marne). Du c\u00f4t\u00e9 des <a href=\"https:\/\/actu.fr\/ile-de-france\/vitry-sur-seine_94081\/val-de-marne-vs-paris-nouveau-round-contre-le-projet-d-incinerateur-une-manifestation-prevue_64294152.html\" rel=\"nofollow noopener\" target=\"_blank\">habitants<\/a> et des <a href=\"https:\/\/actu.fr\/ile-de-france\/creteil_94028\/incinerateur-a-vitry-on-attaquera-chaque-decision-promet-olivier-capitanio-president-du-val-de-marne_63953039.html\" rel=\"nofollow noopener\" target=\"_blank\">\u00e9lus<\/a>, l\u2019opposition est farouche depuis la \u00ab\u00a0d\u00e9couverte\u00a0\u00bb des ambitions de Dalkia sur l\u2019ancien site EDF. Beno\u00eet Guiblin, directeur r\u00e9gional Dalkia \u00cele-de-France et repr\u00e9sentant du projet, a accord\u00e9 un entretien \u00e0 actu Paris. L\u2019occasion de revenir sur le<strong> silence assourdissant<\/strong> du groupement qui a ravi <a href=\"https:\/\/actu.fr\/ile-de-france\/paris_75056\/marche-du-chauffage-a-paris-pourquoi-la-facture-pourrait-baisser-pour-pres-d-un-million-de-personnes_63489228.html\" rel=\"nofollow noopener\" target=\"_blank\">le \u00ab\u00a0contrat du si\u00e8cle\u00a0\u00bb \u00e0 Engie<\/a>, l\u2019int\u00e9r\u00eat de la concertation pr\u00e9alable ou encore les<strong> rejets attendus<\/strong> des trois lignes de production \u00e0 venir.\u00a0<\/p>\n<p>actu Paris : \u00c0 quoi va servir la concertation pr\u00e9alable\u2009?<\/p>\n<p class=\" wall-content\"><strong>Beno\u00eet Guiblin :<\/strong> Compte tenu de la taille du projet, cette concertation est pr\u00e9vue par la loi et se d\u00e9roulera sous l\u2019\u00e9gide de la <a href=\"https:\/\/www.debatpublic.fr\/reseau-de-chauffage-urbain-de-paris-thermo-sur-seine-avec-des-infrastructures-situees-vitry-sur\" rel=\"nofollow noopener\" target=\"_blank\">Commission nationale du d\u00e9bat public (CNDP)<\/a>. L\u2019objectif est de mettre \u00e0 la disposition du public une information dont la<strong> CNDP garantit l\u2019objectivit\u00e9 et la r\u00e9alit\u00e9 des informations<\/strong>. L\u2019id\u00e9e est aussi de battre en br\u00e8che un certain nombre d\u2019interrogations\u2009: qu\u2019est-ce que ce projet\u2009? Quels en sont les b\u00e9n\u00e9fices et les int\u00e9r\u00eats pour le territoire\u2009?<\/p>\n<p class=\" wall-content\">On souhaite aussi r\u00e9pondre aux inqui\u00e9tudes et aux choses inexactes qui ont \u00e9t\u00e9 diffus\u00e9es. La concertation va donner<strong> plus de transparence<\/strong>. Elle va faire partie des pi\u00e8ces vers\u00e9es au dossier et compl\u00e8tera l\u2019enqu\u00eate publique \u00e0 venir.<\/p>\n<p>actu Paris : \u00c0 quelles informations inexactes faites vous r\u00e9f\u00e9rence ?\u00a0<\/p>\n<p class=\" wall-content\"><strong>B. G. :<\/strong> Prenons l\u2019exemple du combustible. L\u2019installation va utiliser le combustible solide de r\u00e9cup\u00e9ration (CSR). On entend, on lit, qu\u2019il va y avoir un incin\u00e9rateur de plus \u00e0 Vitry alors qu\u2019il existe <strong>d\u00e9j\u00e0 trois incin\u00e9rateurs<\/strong> dans le Val-de-Marne. C\u2019est une chose inexacte. Le processus de combustion va comprendre une flamme certes, mais quand on entend incin\u00e9rateur, on pense incin\u00e9rateur d\u2019ordures m\u00e9nag\u00e8res. L\u00e0 non, \u00e7a sera un<strong> combustible CSR<\/strong> et \u00e7a change beaucoup de choses au niveau des \u00e9missions, des rejets mais aussi sur le plan du fonctionnement.<\/p>\n<p class=\" wall-content\">L\u2019incin\u00e9ration, c\u2019est 24h\/24 et 7j\/7. L\u2019objet alors, c\u2019est de prendre tout ce qui rentre, le mettre dans une chaudi\u00e8re pour \u00e9viter que \u00e7a soit enfoui. \u00c7a produit de la chaleur mais de mani\u00e8re marginale.<\/p>\n<p class=\" wall-content\">Avec Thermo-sur-Seine, <strong>l\u2019installation ne fonctionnera pas toute l\u2019ann\u00e9e,<\/strong> elle suivra les besoins en chauffage et eau chaude sanitaire. Je le r\u00e9p\u00e8te, nous n\u2019allons pas br\u00fbler d\u2019ordures m\u00e9nag\u00e8res \u00e0 Vitry, mais des CSR issus de mati\u00e8res qui aujourd\u2019hui ne sont ni r\u00e9utilis\u00e9es, ni recycl\u00e9es, ni revaloris\u00e9es mais enfouies. \u00c7a repr\u00e9sente 2 millions de tonnes de d\u00e9chets par an en \u00cele-de-France.<\/p>\n<p>actu Paris : Pourquoi n\u2019a-t-on pas entendu parler du projet plus t\u00f4t\u2009?<\/p>\n<p class=\" wall-content\"><strong>B. G. :<\/strong> Nous avons \u00e9t\u00e9 emp\u00each\u00e9s de pr\u00e9senter le projet depuis plusieurs mois. \u00c0 l\u2019issue de l\u2019attribution du contrat par la mairie de Paris le 17 d\u00e9cembre 2025, <strong>notre concurrent Engie a fait des recours<\/strong>, ce que lui permet la loi. Et donc, l\u00e9galement, pendant la p\u00e9riode de recours, nous ne pouvions pas communiquer.\u00a0\u00a0<\/p>\n<p class=\" wall-content\">Il ne nous a pas \u00e9chapp\u00e9 que le contexte \u00e9lectoral n\u2019\u00e9tait pas favorable au projet et a laiss\u00e9 prosp\u00e9rer des id\u00e9es. Dans le m\u00eame temps, on nous a emp\u00each\u00e9 de prendre la parole.\u00a0Je ne peux pas imaginer qu\u2019en dehors de positionnements politiques, les enjeux port\u00e9s par Thermo-sur-Seine comme la <strong>souverainet\u00e9 \u00e9nerg\u00e9tique<\/strong> ne trouvent pas \u00e9cho chez les \u00e9lus locaux.<\/p>\n<p>actu Paris : La chaufferie devrait \u00eatre construite \u00e0 la place des <a href=\"https:\/\/actu.fr\/ile-de-france\/vitry-sur-seine_94081\/menacees-de-destruction-les-cheminees-edf-heritage-de-la-sueur-et-du-sang-des-ouvriers-de-vitry_60170367.html\" rel=\"nofollow noopener\" target=\"_blank\">deux chemin\u00e9es EDF<\/a> mais ne sont-elles pas prot\u00e9g\u00e9es par le PLU\u2009?<\/p>\n<p class=\" wall-content\"><strong>B. G. :<\/strong> Si, <a href=\"https:\/\/actu.fr\/ile-de-france\/vitry-sur-seine_94081\/val-de-marne-du-sursis-pour-les-cheminees-de-la-centrale-edf-de-vitry-sur-seine_50213051.html\" rel=\"nofollow noopener\" target=\"_blank\">elles le sont<\/a>. On travaille avec la ville et les <a href=\"https:\/\/www.facebook.com\/p\/Comit%C3%A9-de-Sauvegarde-des-Chemin%C3%A9es-de-Vitry-100083522314603\/?paipv=0&amp;eav=Afa9IR_qMWhPr-xjbvoLlqpO__winwdP8urlTABwl1lizZeQUxPaZDSrOpj2J_7Pkic&amp;_rdr\" rel=\"nofollow noopener\" target=\"_blank\">associations de d\u00e9fense<\/a> de ces chemin\u00e9es. On conna\u00eet le poids symbolique de ces chemin\u00e9es et il ne s\u2019agit pas de tout raser pour un terrain vague. On va<strong> redonner une dynamique<\/strong> industrielle \u00e0 cette friche de 38 ha.<\/p>\n<p class=\" wall-content\">Avec le cabinet d\u2019architectes, nous avons tent\u00e9 de voir comment mieux valoriser ce symbole, comment int\u00e9grer notre projet. Il ne faut pas qu\u2019une installation ancienne condamne toute \u00e9volution du site. Thermo-sur-Seine ce n\u2019est pas la fin de ces chemin\u00e9es, c\u2019est le d\u00e9but d\u2019une nouvelle histoire qui s\u2019inscrit dans la continuit\u00e9 de leur pass\u00e9 patrimoniale.\u00a0<\/p>\n<p>actu Paris : Si le projet \u00e0 Vitry rencontre de trop grosses difficult\u00e9s, les autres sites identifi\u00e9s au pr\u00e9alable (Saint-Ouen, Choisy) pourraient-ils devenir des alternatives ?<\/p>\n<p class=\" wall-content\"><strong>B. G. :<\/strong> Pour comprendre pourquoi Vitry a \u00e9t\u00e9 choisie, faisons le portrait robot d\u2019un site qui peut accueillir une telle infrastructure. Il faudrait 7 ou 8 ha minimum, donc du foncier disponible. La proximit\u00e9 avec le r\u00e9seau parisien est importante car la vapeur se transporte mal sur une longue distance, du fait de la condensation.\u00a0<\/p>\n<p class=\" wall-content\">Il faut aussi prendre en compte qu\u2019on ne peut pas artificialiser les sols depuis <a href=\"https:\/\/actu.fr\/economie\/crise-de-l-immobilier-la-loi-zan-fait-elle-flamber-les-prix-des-terrains_60948600.html\" rel=\"nofollow noopener\" target=\"_blank\">la loi \u00ab\u00a0z\u00e9ro artificialisation nette\u00a0\u00bb (ZAN)<\/a>, d\u2019o\u00f9 le fait d\u2019avoir cibl\u00e9 un terrain qui avait historiquement une destination industrielle. Nous avions identifi\u00e9 trois sites. Un \u00e0 Saint-Ouen (Seine-Saint-Denis) mais ajouter un outil de production dans le Nord aurait d\u00e9s\u00e9quilibr\u00e9 le r\u00e9seau parisien, un \u00e0 Choisy-le-Roi sur l\u2019ancien site Renault qu\u2019on a tent\u00e9 d\u2019acheter mais en vain et un autre \u00e0 Vitry mais sa superficie \u00e9tait insuffisante.\u00a0<\/p>\n<p class=\" wall-content\">Sur ce site de 38 ha, on va pouvoir se projeter et r\u00e9fl\u00e9chir \u00e0 comment am\u00e9nager un parc urbain pour redonner acc\u00e8s \u00e0 la Seine notamment.\u00a0<\/p>\n<p>actu Paris : Que r\u00e9pondre aux habitants de Vitry et des communes voisines, qui s\u2019inqui\u00e8tent de la pollution \u00e0 venir ?\u00a0<\/p>\n<p class=\" wall-content\"><strong>B. G. : <\/strong>Quand on br\u00fble du CSR, on n\u2019envoie pas de fum\u00e9e aux petits oiseaux sans avoir proc\u00e9d\u00e9 au traitement. Le fait de br\u00fbler un combustible homog\u00e8ne rend la combustion stable. Thermo-sur-Seine va fonctionner \u00e0 <strong>1 200 degr\u00e9s<\/strong> alors qu\u2019un incin\u00e9rateur classique br\u00fble \u00e0 700 degr\u00e9s. Cette tr\u00e8s haute temp\u00e9rature permettra d\u2019\u00e9liminer des polluants.\u00a0<\/p>\n<p class=\" wall-content\">Je r\u00e9sume : avec la<strong> ma\u00eetrise du combustible entrant<\/strong> et la combustion, on va pouvoir limiter un certain nombre de gaz produits par la combustion. Des capteurs permettront de <strong>mesurer les rejets atmosph\u00e9riques<\/strong>. Ces derniers devront respecter des normes tr\u00e8s pr\u00e9cises et d\u00e8s qu\u2019elles seront d\u00e9pass\u00e9es, l\u2019installation s\u2019arr\u00eatera.<\/p>\n<p>actu Paris : Les riverains et associations proches du Syctom \u00e0 Ivry se battent pour une information en temps r\u00e9el des rejets de l\u2019incin\u00e9rateur. Seriez-vous pr\u00eats \u00e0 proposer une telle mesure ?\u00a0<\/p>\n<p class=\" wall-content\"><strong>B. G. :<\/strong> Oui, on est favorable \u00e0 un suivi en temps r\u00e9el des rejets pour plus de transparence. Par ailleurs, on imagine d\u00e9j\u00e0 un comit\u00e9 de suivi citoyen.\u00a0<\/p>\n<p><strong>Infos pratiques\u00a0<\/strong><br \/>Tout au long de la concertation, des temps d\u2019\u00e9change auront lieu. La premi\u00e8re\u00a0rencontre mobile\u00a0se tiendra au march\u00e9 du centre-ville de Vitry-sur-Seine, mercredi 2\u00a0septembre de 9h30 \u00e0 midi.<br \/>Mardi 15\u00a0septembre se tiendra une\u00a0r\u00e9union publique d\u2019information\u00a0\u00e0 partir de 18h30 \u00e0 la salle Robespierre, 2 all\u00e9e du Puits-Farouche.<\/p>\n<p class=\" wall-content\">Personnalisez votre actualit\u00e9 en ajoutant vos villes et m\u00e9dias en favori avec <a href=\"https:\/\/moncompte.actu.fr\" title=\"D\u00e9couvez Mon Actu\" rel=\"nofollow noopener\" data-trk=\"{&quot;cta&quot;:{&quot;action&quot;:&quot;https:\\\/\\\/moncompte.actu.fr&quot;,&quot;category&quot;:&quot;mon compte&quot;,&quot;from&quot;:&quot;article footer&quot;,&quot;name&quot;:&quot;Mon actu&quot;,&quot;type&quot;:&quot;cta&quot;}}\" target=\"_blank\">Mon Actu<\/a>.<\/p>\n","protected":false},"excerpt":{"rendered":"Par Marie Amelie Marchal Publi\u00e9 le 1 sept. 2026 \u00e0 6h58 Mardi 1er septembre 2026 s\u2019ouvre la concertation&hellip;\n","protected":false},"author":2,"featured_media":1160496,"comment_status":"","ping_status":"","sticky":false,"template":"","format":"standard","meta":{"footnotes":"","_share_on_mastodon":"0"},"categories":[1888],"tags":[11,3008,4427,436,1777,674,1011,27,12,626,52,1800,25],"class_list":["post-1160495","post","type-post","status-publish","format-standard","has-post-thumbnail","category-paris","tag-actualites","tag-dechets","tag-energies","tag-environnement","tag-eu","tag-europe","tag-fr","tag-france","tag-news","tag-paris","tag-planete","tag-pollution","tag-republique-francaise"],"share_on_mastodon":{"url":"https:\/\/pubeurope.com\/@fr\/117194089249694606","error":""},"_links":{"self":[{"href":"https:\/\/www.europesays.com\/fr\/wp-json\/wp\/v2\/posts\/1160495","targetHints":{"allow":["GET"]}}],"collection":[{"href":"https:\/\/www.europesays.com\/fr\/wp-json\/wp\/v2\/posts"}],"about":[{"href":"https:\/\/www.europesays.com\/fr\/wp-json\/wp\/v2\/types\/post"}],"author":[{"embeddable":true,"href":"https:\/\/www.europesays.com\/fr\/wp-json\/wp\/v2\/users\/2"}],"replies":[{"embeddable":true,"href":"https:\/\/www.europesays.com\/fr\/wp-json\/wp\/v2\/comments?post=1160495"}],"version-history":[{"count":0,"href":"https:\/\/www.europesays.com\/fr\/wp-json\/wp\/v2\/posts\/1160495\/revisions"}],"wp:featuredmedia":[{"embeddable":true,"href":"https:\/\/www.europesays.com\/fr\/wp-json\/wp\/v2\/media\/1160496"}],"wp:attachment":[{"href":"https:\/\/www.europesays.com\/fr\/wp-json\/wp\/v2\/media?parent=1160495"}],"wp:term":[{"taxonomy":"category","embeddable":true,"href":"https:\/\/www.europesays.com\/fr\/wp-json\/wp\/v2\/categories?post=1160495"},{"taxonomy":"post_tag","embeddable":true,"href":"https:\/\/www.europesays.com\/fr\/wp-json\/wp\/v2\/tags?post=1160495"}],"curies":[{"name":"wp","href":"https:\/\/api.w.org\/{rel}","templated":true}]}}