{"id":116050,"date":"2025-05-21T05:15:08","date_gmt":"2025-05-21T05:15:08","guid":{"rendered":"https:\/\/www.europesays.com\/fr\/116050\/"},"modified":"2025-05-21T05:15:08","modified_gmt":"2025-05-21T05:15:08","slug":"un-diner-chez-yann-et-loic-parents-de-rose-2-ans-pietonniser-paris-cest-une-super-idee","status":"publish","type":"post","link":"https:\/\/www.europesays.com\/fr\/116050\/","title":{"rendered":"Un d\u00eener chez\u2026 Yann et Lo\u00efc, parents de Rose, 2 ans\u00a0: \u00ab\u00a0Pi\u00e9tonniser Paris, c\u2019est une super id\u00e9e\u00a0\u00bb"},"content":{"rendered":"<p class=\"paragraph text_align_left\">Yann, 44 ans, et son mari, Lo\u00efc, 35 ans, ont v\u00e9cu les JO depuis leur salon, devant la t\u00e9l\u00e9 \u00e0 c\u00f4t\u00e9 de l\u2019aquarium mais aussi \u00e0 leur fen\u00eatre. \u00ab On \u00e9tait compl\u00e8tement dans l\u2019ambiance. On avait toute la furie du monde sous nos yeux, les foules qui descendaient enthousiastes pour assister aux \u00e9preuves et qui remontaient en faisant la gueule quand leurs compatriotes avaient perdu \u00bb, se souviennent-ils. Car ils sont locataires d\u2019un appartement situ\u00e9 au rez-de-chauss\u00e9e d\u2019un immeuble donnant sur le boulevard en face du parc des Expositions de la porte de Versailles (Paris XVe), th\u00e9\u00e2tre des \u00e9preuves de tennis de table, de volley ou de boccia durant les Jeux olympiques et paralympiques. \u00ab Tout le monde a dit que \u00e7a allait \u00eatre le foutoir mais, nous, <a href=\"https:\/\/www.leparisien.fr\/jo-paris-2024\/entre-passion-ferveur-et-fierte-les-francais-ont-vecu-les-jo-de-paris-2024-a-fond-12-08-2024-HTTC2HNTKZFBBHFRMWAY5LIJTM.php\" target=\"_blank\" rel=\"nofollow noopener\">on \u00e9tait fiers de recevoir les JO<\/a> et \u00e7a s\u2019est super bien pass\u00e9 \u00bb, applaudit Yann, fonctionnaire natif du Sud-Ouest.<\/p>\n","protected":false},"excerpt":{"rendered":"Yann, 44 ans, et son mari, Lo\u00efc, 35 ans, ont v\u00e9cu les JO depuis leur salon, devant la&hellip;\n","protected":false},"author":2,"featured_media":116051,"comment_status":"","ping_status":"","sticky":false,"template":"","format":"standard","meta":{"footnotes":""},"categories":[1888],"tags":[11,5949,1777,674,1011,27,3554,12,626,316,25],"class_list":{"0":"post-116050","1":"post","2":"type-post","3":"status-publish","4":"format-standard","5":"has-post-thumbnail","7":"category-paris","8":"tag-actualites","9":"tag-elections","10":"tag-eu","11":"tag-europe","12":"tag-fr","13":"tag-france","14":"tag-municipales","15":"tag-news","16":"tag-paris","17":"tag-politique","18":"tag-republique-francaise"},"share_on_mastodon":{"url":"https:\/\/pubeurope.com\/@fr\/114544123864741072","error":""},"_links":{"self":[{"href":"https:\/\/www.europesays.com\/fr\/wp-json\/wp\/v2\/posts\/116050","targetHints":{"allow":["GET"]}}],"collection":[{"href":"https:\/\/www.europesays.com\/fr\/wp-json\/wp\/v2\/posts"}],"about":[{"href":"https:\/\/www.europesays.com\/fr\/wp-json\/wp\/v2\/types\/post"}],"author":[{"embeddable":true,"href":"https:\/\/www.europesays.com\/fr\/wp-json\/wp\/v2\/users\/2"}],"replies":[{"embeddable":true,"href":"https:\/\/www.europesays.com\/fr\/wp-json\/wp\/v2\/comments?post=116050"}],"version-history":[{"count":0,"href":"https:\/\/www.europesays.com\/fr\/wp-json\/wp\/v2\/posts\/116050\/revisions"}],"wp:featuredmedia":[{"embeddable":true,"href":"https:\/\/www.europesays.com\/fr\/wp-json\/wp\/v2\/media\/116051"}],"wp:attachment":[{"href":"https:\/\/www.europesays.com\/fr\/wp-json\/wp\/v2\/media?parent=116050"}],"wp:term":[{"taxonomy":"category","embeddable":true,"href":"https:\/\/www.europesays.com\/fr\/wp-json\/wp\/v2\/categories?post=116050"},{"taxonomy":"post_tag","embeddable":true,"href":"https:\/\/www.europesays.com\/fr\/wp-json\/wp\/v2\/tags?post=116050"}],"curies":[{"name":"wp","href":"https:\/\/api.w.org\/{rel}","templated":true}]}}