{"id":116052,"date":"2025-05-21T05:16:10","date_gmt":"2025-05-21T05:16:10","guid":{"rendered":"https:\/\/www.europesays.com\/fr\/116052\/"},"modified":"2025-05-21T05:16:10","modified_gmt":"2025-05-21T05:16:10","slug":"lozere-et-si-la-future-miss-paris-etait-une-ancienne-miss-mende","status":"publish","type":"post","link":"https:\/\/www.europesays.com\/fr\/116052\/","title":{"rendered":"Loz\u00e8re. Et si la future Miss Paris \u00e9tait&#8230; une ancienne Miss Mende\u00a0!"},"content":{"rendered":"<p>            Par<br \/>\n        <strong><br \/>\n            <a href=\"https:\/\/actu.fr\/auteur\/fabien-hisbacq-actu-fr\" title=\"Consulter tous les articles de Fabien Hisbacq\" rel=\"nofollow noopener\" target=\"_blank\">Fabien Hisbacq<\/a><br \/>\n        <\/strong><\/p>\n<p>        Publi\u00e9 le<\/p>\n<p>            21 mai 2025 \u00e0 7h04        <\/p>\n<p>On l\u2019a vu r\u00e9cemment, les statistiques sont implacables. <a href=\"https:\/\/actu.fr\/occitanie\/marvejols_48092\/qui-va-devenir-la-prochaine-miss-lozere-et-quelles-sont-ses-chances-de-decrocher-le-titre-national_62542152.html\" rel=\"nofollow noopener\" target=\"_blank\">Les chances pour une Miss Loz\u00e8re de devenir Miss France<\/a> sont quasi-nulles (ce qui ne veut pas dire que c\u2019est impossible bien s\u00fbr). Mais <strong>les chances d\u2019une Miss Mende de devenir Miss Paris ?<\/strong><\/p>\n<p class=\" wall-content\">Car oui, il y a bien une candidate de <strong><a href=\"https:\/\/actu.fr\/occitanie\/lozere_48\" rel=\"nofollow noopener\" target=\"_blank\">Loz\u00e8re<\/a><\/strong> \u00e0 la couronne de Miss dans la capitale. Elle s\u2019appelle <a href=\"https:\/\/www.instagram.com\/candiceq10\/?hl=fr\" rel=\"nofollow noopener\" target=\"_blank\">Candice Gauch<\/a>.<\/p>\n<p class=\" wall-content\"><a href=\"https:\/\/www.instagram.com\/candiceq10\/p\/DIOx1iGNoRU\/embed\" title=\"Ouvrir le lien sur Instagram\" rel=\"nofollow noopener\" target=\"_blank\">Visualiser le contenu sur Instagram<\/a><\/p>\n<p>Onze ans plus tard<\/p>\n<p class=\" wall-content\">Ag\u00e9e de 27 ans, elle habite dans le deuxi\u00e8me arrondissement de Paris. Mais cette <strong>\u00ab\u00a0consultante en transformation des organisations\u00a0\u00bb<\/strong> n\u2019en est pas \u00e0 sa premi\u00e8re tentative \u00e0 un concours de Miss puisqu\u2019elle avait \u00e9t\u00e9 \u00e9lue, donc, Miss Mende. C\u2019\u00e9tait il y a plus de dix ans, alors qu\u2019elle \u00e9tait encore mineure, en 2014.<\/p>\n<p class=\" wall-content\">La Loz\u00e9rienne de 1,77 m, <strong>fan de natation<\/strong>, aime le sport, mais aussi les arts, les voyages et la \u00ab\u00a0pop culture\u00a0\u00bb. Si elle devait \u00ab\u00a0incarner une figure embl\u00e9matique du spectacle\u00a0\u00bb, ce serait Stefani Germanotta, plus connue sous le nom de <strong>Lady Gaga.<\/strong><\/p>\n<p class=\" wall-content\">Elle devra lutter face \u00e0 11 concurrentes <strong>le jeudi 22 mai \u00e0 18 heures au th\u00e9\u00e2tre Gaveau de Paris.<\/strong><\/p>\n<p>Vid\u00e9os : en ce moment sur Actu<br \/>\n    <a href=\"https:\/\/www.facebook.com\/plugins\/post.php?href=https%3A%2F%2Fwww.facebook.com%2FElectionMissParis%2Fposts%2F1122119299952156&amp;show_text=true&amp;width=350\" title=\"Ouvrie le lien\" rel=\"nofollow noopener\" target=\"_blank\">Cliquez ici pour visualiser le contenu<\/a><\/p>\n<p>Une Miss Paris r\u00e9cemment devenue Miss France<\/p>\n<p class=\" wall-content\">Un titre qui ouvre des portes puisque Diane Leyre Miss Paris 2021, est devenue successivement miss Ile-de-France 2022 et miss France 2022, tandis qu\u2019Elena Faliez est devenue Miss Ile-de-France 2023\u2026<\/p>\n<p>    <a href=\"https:\/\/www.facebook.com\/plugins\/post.php?href=https%3A%2F%2Fwww.facebook.com%2Fcomitedesfetesdemende%2Fposts%2F732254452659466&amp;show_text=true&amp;width=350\" title=\"Ouvrie le lien\" rel=\"nofollow noopener\" target=\"_blank\">Cliquez ici pour visualiser le contenu<\/a><\/p>\n<p>Pour soutenir Candice Gauch, il faut envoyer MISSPARIS7 au 71515. <a href=\"https:\/\/election-missparis.fr\/\" rel=\"nofollow noopener\" target=\"_blank\">Plus d\u2019infos sur l\u2019\u00e9lection ici.<\/a><\/p>\n<p class=\" wall-content\">Suivez toute l\u2019actualit\u00e9 de vos villes et m\u00e9dias favoris en vous inscrivant \u00e0 <a href=\"https:\/\/moncompte.actu.fr\" title=\"D\u00e9couvez Mon Actu\" rel=\"nofollow noopener\" data-trk=\"{&quot;cta&quot;:{&quot;action&quot;:&quot;https:\\\/\\\/moncompte.actu.fr&quot;,&quot;category&quot;:&quot;mon compte&quot;,&quot;from&quot;:&quot;article footer&quot;,&quot;name&quot;:&quot;Mon actu&quot;,&quot;type&quot;:&quot;cta&quot;}}\" target=\"_blank\">Mon Actu<\/a>.<\/p>\n<p>                    <script async src=\"\/\/www.instagram.com\/embed.js\"><\/script><\/p>\n","protected":false},"excerpt":{"rendered":"Par Fabien Hisbacq Publi\u00e9 le 21 mai 2025 \u00e0 7h04 On l\u2019a vu r\u00e9cemment, les statistiques sont implacables.&hellip;\n","protected":false},"author":2,"featured_media":116053,"comment_status":"","ping_status":"","sticky":false,"template":"","format":"standard","meta":{"footnotes":""},"categories":[1888],"tags":[11,1777,674,1011,27,1757,1305,12,626,25],"class_list":{"0":"post-116052","1":"post","2":"type-post","3":"status-publish","4":"format-standard","5":"has-post-thumbnail","7":"category-paris","8":"tag-actualites","9":"tag-eu","10":"tag-europe","11":"tag-fr","12":"tag-france","13":"tag-insolite","14":"tag-lifestyle","15":"tag-news","16":"tag-paris","17":"tag-republique-francaise"},"share_on_mastodon":{"url":"https:\/\/pubeurope.com\/@fr\/114544127685318382","error":""},"_links":{"self":[{"href":"https:\/\/www.europesays.com\/fr\/wp-json\/wp\/v2\/posts\/116052","targetHints":{"allow":["GET"]}}],"collection":[{"href":"https:\/\/www.europesays.com\/fr\/wp-json\/wp\/v2\/posts"}],"about":[{"href":"https:\/\/www.europesays.com\/fr\/wp-json\/wp\/v2\/types\/post"}],"author":[{"embeddable":true,"href":"https:\/\/www.europesays.com\/fr\/wp-json\/wp\/v2\/users\/2"}],"replies":[{"embeddable":true,"href":"https:\/\/www.europesays.com\/fr\/wp-json\/wp\/v2\/comments?post=116052"}],"version-history":[{"count":0,"href":"https:\/\/www.europesays.com\/fr\/wp-json\/wp\/v2\/posts\/116052\/revisions"}],"wp:featuredmedia":[{"embeddable":true,"href":"https:\/\/www.europesays.com\/fr\/wp-json\/wp\/v2\/media\/116053"}],"wp:attachment":[{"href":"https:\/\/www.europesays.com\/fr\/wp-json\/wp\/v2\/media?parent=116052"}],"wp:term":[{"taxonomy":"category","embeddable":true,"href":"https:\/\/www.europesays.com\/fr\/wp-json\/wp\/v2\/categories?post=116052"},{"taxonomy":"post_tag","embeddable":true,"href":"https:\/\/www.europesays.com\/fr\/wp-json\/wp\/v2\/tags?post=116052"}],"curies":[{"name":"wp","href":"https:\/\/api.w.org\/{rel}","templated":true}]}}