{"id":1160526,"date":"2026-09-01T05:38:32","date_gmt":"2026-09-01T05:38:32","guid":{"rendered":"https:\/\/www.europesays.com\/fr\/1160526\/"},"modified":"2026-09-01T05:38:32","modified_gmt":"2026-09-01T05:38:32","slug":"pierre-choblet-passe-pro-dans-une-continentale-francaise-actualite","status":"publish","type":"post","link":"https:\/\/www.europesays.com\/fr\/1160526\/","title":{"rendered":"Pierre Choblet passe pro dans une Continentale fran\u00e7aise &#8211; Actualit\u00e9"},"content":{"rendered":"<p>Membre du VC Pays de Loud\u00e9ac depuis 2023, Pierre Choblet va passer professionnel en 2027. Le coureur de 21 ans s\u2019est engag\u00e9 avec une \u00e9quipe Continentale, \u00e0 savoir CIC Pro Cycling Academy.<\/p>\n<p>L\u2019Espoir 3e ann\u00e9e compte trois victoires cette saison : la 3e \u00e9tape et le classement g\u00e9n\u00e9ral de la Route Vend\u00e9enne, ainsi que la derni\u00e8re \u00e9tape du Tour de Bretagne, en Classe 2.<\/p>\n<p>Pierre Choblet a \u00e9galement termin\u00e9 3e du Circuit du Men\u00e9, du Tour de la Manche et du Championnat de France Espoirs du contre-la-montre, 6e du Caux Tour Troph\u00e9e Philippe Anquetil-Souvenir Andr\u00e9 Mallet (en Coupe de France N1) ou encore 11e de la Fl\u00e8che de Locmin\u00e9.<\/p>\n<p>Retrouvez tous les transferts de l&rsquo;intersaison 2026-2027 <strong><a style=\"color: #000000; text-decoration: underline;\" href=\"https:\/\/www.directvelo.com\/mutations\/2027#pro-conti_pro\" target=\"_blank\" rel=\"noopener nofollow\">en cliquant ici<\/a><\/strong>.\u00a0<\/p>\n","protected":false},"excerpt":{"rendered":"Membre du VC Pays de Loud\u00e9ac depuis 2023, Pierre Choblet va passer professionnel en 2027. Le coureur de&hellip;\n","protected":false},"author":2,"featured_media":1160527,"comment_status":"","ping_status":"","sticky":false,"template":"","format":"standard","meta":{"footnotes":"","_share_on_mastodon":"0"},"categories":[1411],"tags":[834,828,836,829,837,827,83,826,824,823,1154,207,814,817,815,816,822,821,832,211,839,1011,27,820,818,819,835,831,830,833,838,60,212,208,825],"class_list":["post-1160526","post","type-post","status-publish","format-standard","has-post-thumbnail","category-cyclisme","tag-attaque","tag-belgique","tag-braquet","tag-bretagne","tag-chute","tag-competition","tag-coupe-de-france","tag-coureur","tag-course-cyclisme","tag-course-cycliste","tag-cycling","tag-cyclisme","tag-direct","tag-direct-velo","tag-directvelo","tag-directvelo-com","tag-epreuve","tag-epreuve-cycliste","tag-federation-francaise-de-cyclisme","tag-ffc","tag-flandres","tag-fr","tag-france","tag-live","tag-live-course","tag-live-epreuve","tag-peloton","tag-radio-peloton","tag-radio-tour","tag-ravitaillement","tag-relance","tag-sports","tag-uci","tag-velo","tag-velos"],"share_on_mastodon":{"url":"https:\/\/pubeurope.com\/@fr\/117194175751944045","error":""},"_links":{"self":[{"href":"https:\/\/www.europesays.com\/fr\/wp-json\/wp\/v2\/posts\/1160526","targetHints":{"allow":["GET"]}}],"collection":[{"href":"https:\/\/www.europesays.com\/fr\/wp-json\/wp\/v2\/posts"}],"about":[{"href":"https:\/\/www.europesays.com\/fr\/wp-json\/wp\/v2\/types\/post"}],"author":[{"embeddable":true,"href":"https:\/\/www.europesays.com\/fr\/wp-json\/wp\/v2\/users\/2"}],"replies":[{"embeddable":true,"href":"https:\/\/www.europesays.com\/fr\/wp-json\/wp\/v2\/comments?post=1160526"}],"version-history":[{"count":0,"href":"https:\/\/www.europesays.com\/fr\/wp-json\/wp\/v2\/posts\/1160526\/revisions"}],"wp:featuredmedia":[{"embeddable":true,"href":"https:\/\/www.europesays.com\/fr\/wp-json\/wp\/v2\/media\/1160527"}],"wp:attachment":[{"href":"https:\/\/www.europesays.com\/fr\/wp-json\/wp\/v2\/media?parent=1160526"}],"wp:term":[{"taxonomy":"category","embeddable":true,"href":"https:\/\/www.europesays.com\/fr\/wp-json\/wp\/v2\/categories?post=1160526"},{"taxonomy":"post_tag","embeddable":true,"href":"https:\/\/www.europesays.com\/fr\/wp-json\/wp\/v2\/tags?post=1160526"}],"curies":[{"name":"wp","href":"https:\/\/api.w.org\/{rel}","templated":true}]}}