{"id":116055,"date":"2025-05-21T05:18:14","date_gmt":"2025-05-21T05:18:14","guid":{"rendered":"https:\/\/www.europesays.com\/fr\/116055\/"},"modified":"2025-05-21T05:18:14","modified_gmt":"2025-05-21T05:18:14","slug":"en-pologne-des-refugies-ukrainiens-de-moins-en-moins-bienvenus-liberation","status":"publish","type":"post","link":"https:\/\/www.europesays.com\/fr\/116055\/","title":{"rendered":"En Pologne, des r\u00e9fugi\u00e9s ukrainiens de moins en moins bienvenus \u2013 Lib\u00e9ration"},"content":{"rendered":"<p class=\"sc-ksZaOG ehjQrN text-element\">Mais depuis, le ton a chang\u00e9. A Kyiv, le 8 mai, aux c\u00f4t\u00e9s de Volodymyr Zelensky, le Premier ministre polonais Donald Tusk a certes rappel\u00e9 que \u00ables Polonais ont ouvert leur c\u0153ur\u00bb il y a trois ans, la r\u00e9alit\u00e9 est aujourd\u2019hui tout autre, pour quelque 1,5 million d\u2019Ukrainiens vivant en Pologne. Une lassitude s\u2019est install\u00e9e, prenant la forme de discours grin\u00e7ants \u00e0 l\u2019encontre des r\u00e9fugi\u00e9s ukrainiens ; et les sondages en attestent.<\/p>\n<p class=\"sc-ksZaOG ehjQrN text-element\">Ils sont d\u00e9sormais 38 % \u00e0 d\u00e9clarer ainsi ressentir une aversion \u00e0 l\u2019\u00e9gard des Ukrainiens, quand 30 % de Polonais disent \u00e9prouver de la sympathie, et 27 % de l\u2019indiff\u00e9rence, selon u<\/p>\n","protected":false},"excerpt":{"rendered":"Mais depuis, le ton a chang\u00e9. A Kyiv, le 8 mai, aux c\u00f4t\u00e9s de Volodymyr Zelensky, le Premier&hellip;\n","protected":false},"author":2,"featured_media":116056,"comment_status":"","ping_status":"","sticky":false,"template":"","format":"standard","meta":{"footnotes":""},"categories":[1590],"tags":[11,1777,674,12,2437,220,297],"class_list":{"0":"post-116055","1":"post","2":"type-post","3":"status-publish","4":"format-standard","5":"has-post-thumbnail","7":"category-ukraine","8":"tag-actualites","9":"tag-eu","10":"tag-europe","11":"tag-news","12":"tag-pologne","13":"tag-ukraine","14":"tag-ukraine-la-crise"},"share_on_mastodon":{"url":"https:\/\/pubeurope.com\/@fr\/114544135770176730","error":""},"_links":{"self":[{"href":"https:\/\/www.europesays.com\/fr\/wp-json\/wp\/v2\/posts\/116055","targetHints":{"allow":["GET"]}}],"collection":[{"href":"https:\/\/www.europesays.com\/fr\/wp-json\/wp\/v2\/posts"}],"about":[{"href":"https:\/\/www.europesays.com\/fr\/wp-json\/wp\/v2\/types\/post"}],"author":[{"embeddable":true,"href":"https:\/\/www.europesays.com\/fr\/wp-json\/wp\/v2\/users\/2"}],"replies":[{"embeddable":true,"href":"https:\/\/www.europesays.com\/fr\/wp-json\/wp\/v2\/comments?post=116055"}],"version-history":[{"count":0,"href":"https:\/\/www.europesays.com\/fr\/wp-json\/wp\/v2\/posts\/116055\/revisions"}],"wp:featuredmedia":[{"embeddable":true,"href":"https:\/\/www.europesays.com\/fr\/wp-json\/wp\/v2\/media\/116056"}],"wp:attachment":[{"href":"https:\/\/www.europesays.com\/fr\/wp-json\/wp\/v2\/media?parent=116055"}],"wp:term":[{"taxonomy":"category","embeddable":true,"href":"https:\/\/www.europesays.com\/fr\/wp-json\/wp\/v2\/categories?post=116055"},{"taxonomy":"post_tag","embeddable":true,"href":"https:\/\/www.europesays.com\/fr\/wp-json\/wp\/v2\/tags?post=116055"}],"curies":[{"name":"wp","href":"https:\/\/api.w.org\/{rel}","templated":true}]}}