{"id":1160554,"date":"2026-09-01T06:00:23","date_gmt":"2026-09-01T06:00:23","guid":{"rendered":"https:\/\/www.europesays.com\/fr\/1160554\/"},"modified":"2026-09-01T06:00:23","modified_gmt":"2026-09-01T06:00:23","slug":"saint-etienne-les-mediatheques-sont-gratuites-des-aujourdhui","status":"publish","type":"post","link":"https:\/\/www.europesays.com\/fr\/1160554\/","title":{"rendered":"Saint-Etienne : Les m\u00e9diath\u00e8ques sont gratuites d\u00e8s aujourd&rsquo;hui"},"content":{"rendered":"<p><img decoding=\"async\" class=\"\" style=\"width:100%\" src=\"https:\/\/www.europesays.com\/fr\/wp-content\/uploads\/2026\/09\/IMG_05861705055098535.png\" alt=\"m\u00e9diath\u00e8que de tarentaize livres \"\/><\/p>\n<p>Les coulisses de la m\u00e9diath\u00e8que de Tarentaize seront ouvertes.<\/p>\n<p>Cr\u00e9dit : Activ Radio<\/p>\n<p>C&rsquo;\u00e9tait une mesure annonc\u00e9e, elle entre d\u00e9sormais en vigueur. A partir de ce mardi 1er septembre, toutes les m\u00e9diath\u00e8ques municipales de Saint-Etienne sont totalement gratuites pour tous. Il est d\u00e9sormais possible d&#8217;emprunter\u00a0 des livres, des CD, des jeux vid\u00e9os ou encore des DVD sans\u00a0 d\u00e9bourser le moindre centime. Un choix justifi\u00e9 par la municipalit\u00e9 dans le but de garantir un acc\u00e8s \u00e9gal \u00e0 la culture. \u00ab\u00a0La gratuit\u00e9 n\u2019est pas une finalit\u00e9 en soi, c\u2019est un moyen de garantir un acc\u00e8s \u00e9gal \u00e0 la culture pour tous, sans distinction de revenus. Supprimer cette barri\u00e8re financi\u00e8re favorisera une fr\u00e9quentation plus large. C\u2019est l\u00e0 notre choix de service public : permettre \u00e0 tous les citoyens d\u2019acc\u00e9der \u00e0 ces lieux de vie et de culture, qui contribuent au lien social et au d\u00e9veloppement personnel\u00a0\u00bb indique\u00a0Laetitia Valentin, adjointe aux Arts et cultures. Jusqu&rsquo;\u00e0 pr\u00e9sent, la gratuit\u00e9 \u00e9tait r\u00e9serv\u00e9e aux moins de 25 ans, aux \u00e9tudiants et aux personnes non imposables.\u00a0<\/p>\n","protected":false},"excerpt":{"rendered":"Les coulisses de la m\u00e9diath\u00e8que de Tarentaize seront ouvertes. Cr\u00e9dit : Activ Radio C&rsquo;\u00e9tait une mesure annonc\u00e9e, elle&hellip;\n","protected":false},"author":2,"featured_media":1160555,"comment_status":"","ping_status":"","sticky":false,"template":"","format":"standard","meta":{"footnotes":"","_share_on_mastodon":"0"},"categories":[9653],"tags":[1111,11,2430,251,1777,674,1011,27,326,3367,5916,12,25,4001],"class_list":["post-1160554","post","type-post","status-publish","format-standard","has-post-thumbnail","category-saint-etienne","tag-actu","tag-actualites","tag-auvergne-rhone-alpes","tag-culture","tag-eu","tag-europe","tag-fr","tag-france","tag-gratuit","tag-loire","tag-mediatheques","tag-news","tag-republique-francaise","tag-saint-etienne"],"share_on_mastodon":{"url":"https:\/\/pubeurope.com\/@fr\/117194264506782049","error":""},"_links":{"self":[{"href":"https:\/\/www.europesays.com\/fr\/wp-json\/wp\/v2\/posts\/1160554","targetHints":{"allow":["GET"]}}],"collection":[{"href":"https:\/\/www.europesays.com\/fr\/wp-json\/wp\/v2\/posts"}],"about":[{"href":"https:\/\/www.europesays.com\/fr\/wp-json\/wp\/v2\/types\/post"}],"author":[{"embeddable":true,"href":"https:\/\/www.europesays.com\/fr\/wp-json\/wp\/v2\/users\/2"}],"replies":[{"embeddable":true,"href":"https:\/\/www.europesays.com\/fr\/wp-json\/wp\/v2\/comments?post=1160554"}],"version-history":[{"count":0,"href":"https:\/\/www.europesays.com\/fr\/wp-json\/wp\/v2\/posts\/1160554\/revisions"}],"wp:featuredmedia":[{"embeddable":true,"href":"https:\/\/www.europesays.com\/fr\/wp-json\/wp\/v2\/media\/1160555"}],"wp:attachment":[{"href":"https:\/\/www.europesays.com\/fr\/wp-json\/wp\/v2\/media?parent=1160554"}],"wp:term":[{"taxonomy":"category","embeddable":true,"href":"https:\/\/www.europesays.com\/fr\/wp-json\/wp\/v2\/categories?post=1160554"},{"taxonomy":"post_tag","embeddable":true,"href":"https:\/\/www.europesays.com\/fr\/wp-json\/wp\/v2\/tags?post=1160554"}],"curies":[{"name":"wp","href":"https:\/\/api.w.org\/{rel}","templated":true}]}}