{"id":1160557,"date":"2026-09-01T06:05:51","date_gmt":"2026-09-01T06:05:51","guid":{"rendered":"https:\/\/www.europesays.com\/fr\/1160557\/"},"modified":"2026-09-01T06:05:51","modified_gmt":"2026-09-01T06:05:51","slug":"linterview-du-samedi-pierre-francois-mourier-recteur-de-lacademie-nancy-metz-les-reseaux-sociaux-sont-des-armes-a-decerebrer","status":"publish","type":"post","link":"https:\/\/www.europesays.com\/fr\/1160557\/","title":{"rendered":"L\u2019interview du samedi. Pierre-Fran\u00e7ois Mourier, recteur de l\u2019Acad\u00e9mie Nancy-Metz\u00a0: \u00ab\u00a0Les r\u00e9seaux sociaux sont des armes \u00e0 d\u00e9c\u00e9r\u00e9brer\u00a0\u00bb"},"content":{"rendered":"<blockquote class=\"question\"><p>\u00ab\u00a0\u00c9cole au c\u0153ur\u00a0\u00bb<\/p><\/blockquote>\n<p><strong>Pierre-Fran\u00e7ois Mourier :<\/strong> \u00ab\u00a0Cette rentr\u00e9e, qui ne concerne pas moins de 11,6\u00a0millions d\u2019\u00e9l\u00e8ves au niveau national, se place sous le mot d\u2019ordre de \u00ab\u00a0L\u2019\u00c9cole au c\u0153ur\u00a0\u00bb. C\u2019est une formule polys\u00e9mique\u00a0: l\u2018\u00e9cole au c\u0153ur de la R\u00e9publique, au c\u0153ur de la France, et au c\u0153ur des pr\u00e9occupations des Fran\u00e7ais. C\u2019est aussi une d\u00e9claration d\u2019amour \u00e0 l\u2019\u00e9cole, qui est le creuset de la R\u00e9publique et le catalyseur de l\u2019avenir de notre nation. Notre boussole est de faire r\u00e9ussir tous les \u00e9l\u00e8ves. Pour cela, nous suivons le cap fix\u00e9 par le ministre de l\u2019\u00c9ducation nationale (<a href=\"https:\/\/www.estrepublicain.fr\/p\/edouard-geffray\" target=\"_blank\" rel=\"nofollow noopener\">\u00c9douard Geffray<\/a>)\u00a0: instruire, prot\u00e9ger et unir.\u00a0\u00bb<\/p>\n<p>\u00ab\u00a0C\u0153ur de m\u00e9tier\u00a0\u00bb<\/p>\n<p>\u00ab\u00a0La priorit\u00e9 absolue est le pilotage p\u00e9dagogique. Nous devons nous recentrer sur notre c\u0153ur de m\u00e9tier\u00a0: donner aux \u00e9l\u00e8ves les outils indispensables pour construire leur chemin de vie. Cela passe d\u2019abord par la ma\u00eetrise du langage, car la&#8230;<\/p>\n","protected":false},"excerpt":{"rendered":"\u00ab\u00a0\u00c9cole au c\u0153ur\u00a0\u00bb Pierre-Fran\u00e7ois Mourier : \u00ab\u00a0Cette rentr\u00e9e, qui ne concerne pas moins de 11,6\u00a0millions d\u2019\u00e9l\u00e8ves au niveau&hellip;\n","protected":false},"author":2,"featured_media":1160558,"comment_status":"","ping_status":"","sticky":false,"template":"","format":"standard","meta":{"footnotes":"","_share_on_mastodon":"0"},"categories":[9635],"tags":[1111,11,3599,1704,1057,1777,674,10961,5016,1011,27,775,3457,1702,1703,12,3456,25],"class_list":["post-1160557","post","type-post","status-publish","format-standard","has-post-thumbnail","category-nancy","tag-actu","tag-actualites","tag-college-lycee","tag-edition-nancy-et-agglomeration","tag-education","tag-eu","tag-europe","tag-examen-diplome","tag-formation-orientation","tag-fr","tag-france","tag-grand-est","tag-meurthe-et-moselle","tag-nancy","tag-nancy-ville-54b","tag-news","tag-region-lorraine","tag-republique-francaise"],"share_on_mastodon":{"url":"https:\/\/pubeurope.com\/@fr\/117194285783890001","error":""},"_links":{"self":[{"href":"https:\/\/www.europesays.com\/fr\/wp-json\/wp\/v2\/posts\/1160557","targetHints":{"allow":["GET"]}}],"collection":[{"href":"https:\/\/www.europesays.com\/fr\/wp-json\/wp\/v2\/posts"}],"about":[{"href":"https:\/\/www.europesays.com\/fr\/wp-json\/wp\/v2\/types\/post"}],"author":[{"embeddable":true,"href":"https:\/\/www.europesays.com\/fr\/wp-json\/wp\/v2\/users\/2"}],"replies":[{"embeddable":true,"href":"https:\/\/www.europesays.com\/fr\/wp-json\/wp\/v2\/comments?post=1160557"}],"version-history":[{"count":0,"href":"https:\/\/www.europesays.com\/fr\/wp-json\/wp\/v2\/posts\/1160557\/revisions"}],"wp:featuredmedia":[{"embeddable":true,"href":"https:\/\/www.europesays.com\/fr\/wp-json\/wp\/v2\/media\/1160558"}],"wp:attachment":[{"href":"https:\/\/www.europesays.com\/fr\/wp-json\/wp\/v2\/media?parent=1160557"}],"wp:term":[{"taxonomy":"category","embeddable":true,"href":"https:\/\/www.europesays.com\/fr\/wp-json\/wp\/v2\/categories?post=1160557"},{"taxonomy":"post_tag","embeddable":true,"href":"https:\/\/www.europesays.com\/fr\/wp-json\/wp\/v2\/tags?post=1160557"}],"curies":[{"name":"wp","href":"https:\/\/api.w.org\/{rel}","templated":true}]}}