{"id":116057,"date":"2025-05-21T05:19:11","date_gmt":"2025-05-21T05:19:11","guid":{"rendered":"https:\/\/www.europesays.com\/fr\/116057\/"},"modified":"2025-05-21T05:19:11","modified_gmt":"2025-05-21T05:19:11","slug":"quand-donald-trump-sinspire-disrael-lexpress","status":"publish","type":"post","link":"https:\/\/www.europesays.com\/fr\/116057\/","title":{"rendered":"quand Donald Trump s\u2019inspire d\u2019Isra\u00ebl \u2013 L&rsquo;Express"},"content":{"rendered":"<p class=\"paragraph article-body-paragraph article__item   article-body-paragraph--first \"><a href=\"https:\/\/www.lexpress.fr\/monde\/amerique\/donald-trump_1702460.html\" target=\"_self\" rel=\"noopener\" title=\"https:\/\/www.lexpress.fr\/monde\/amerique\/donald-trump_1702460.html\">Donald Trump<\/a> a annonc\u00e9 mardi 20 mai que <a href=\"https:\/\/www.lexpress.fr\/idees-et-debats\/johan-norberg-les-etats-unis-de-trump-montrent-des-signes-inquietants-dune-civilisation-sur-le-DYPQSY74QNDAZH3VGO3OPNBXUA\/\" target=\"_self\" rel=\"noopener\" title=\"https:\/\/www.lexpress.fr\/idees-et-debats\/johan-norberg-les-etats-unis-de-trump-montrent-des-signes-inquietants-dune-civilisation-sur-le-DYPQSY74QNDAZH3VGO3OPNBXUA\/\">les Etats-Unis<\/a> construiraient un syst\u00e8me de d\u00e9fense antimissiles sur le mod\u00e8le du \u00ab\u00a0D\u00f4me de fer\u00a0\u00bb isra\u00e9lien, et que le pr\u00e9sident am\u00e9ricain a baptis\u00e9 \u00ab\u00a0D\u00f4me d\u2019or\u00a0\u00bb. \u00ab\u00a0J\u2019ai le plaisir d\u2019annoncer que nous avons officiellement s\u00e9lectionn\u00e9 une architecture pour ce syst\u00e8me dernier cri\u00a0\u00bb, a d\u00e9clar\u00e9 Donald Trump \u00e0 la presse dans le bureau Ovale de la Maison-Blanche, pr\u00e9cisant que le Canada rejoindrait cette initiative.<\/p>\n<p class=\"paragraph article-body-paragraph article__item   \">\u00ab\u00a0Une fois achev\u00e9, le D\u00f4me d\u2019or sera capable d\u2019intercepter des missiles m\u00eame s\u2019ils sont lanc\u00e9s de l\u2019autre c\u00f4t\u00e9 de la Terre et m\u00eame s\u2019ils sont lanc\u00e9s depuis l\u2019espace\u00a0\u00bb, a-t-il ajout\u00e9. \u00ab\u00a0C\u2019est tr\u00e8s important pour la r\u00e9ussite et m\u00eame la survie de notre pays\u00a0\u00bb, a assur\u00e9 le r\u00e9publicain. Le syst\u00e8me sera op\u00e9rationnel d\u2019ici la fin de son mandat, a-t-il pr\u00e9cis\u00e9, et co\u00fbtera au total \u00ab\u00a0environ 175 milliards de dollars une fois termin\u00e9\u00a0\u00bb.<\/p>\n<p><strong class=\"article-body-link-list__item text-gray-800 article-body-link-list__item--one-item\">LIRE AUSSI : <a class=\"article-body-link-list__item-link\" href=\"https:\/\/www.lexpress.fr\/idees-et-debats\/johan-norberg-les-etats-unis-de-trump-montrent-des-signes-inquietants-dune-civilisation-sur-le-DYPQSY74QNDAZH3VGO3OPNBXUA\/\" target=\"_blank\" rel=\"noreferrer noopener\">Johan Norberg : \u00ab\u00a0Les Etats-Unis de Trump montrent des signes inqui\u00e9tants d\u2019une civilisation sur le d\u00e9clin\u00a0\u00bb<\/a><\/strong><\/p>\n<p class=\"paragraph article-body-paragraph article__item   \">Selon une agence du Congr\u00e8s am\u00e9ricain sans affiliation partisane, le co\u00fbt estim\u00e9 d\u2019un syst\u00e8me d\u2019interception bas\u00e9 dans l\u2019espace pour contrer un nombre limit\u00e9 de missiles balistiques intercontinentaux est d\u2019entre 161 milliards de dollars et 542 milliards sur 20 ans.<\/p>\n<p>Critiques russes et chinoises<\/p>\n<p class=\"paragraph article-body-paragraph article__item   \">Fin janvier, Donald Trump avait sign\u00e9 un d\u00e9cret pour d\u00e9velopper un \u00ab\u00a0D\u00f4me de fer am\u00e9ricain\u00a0\u00bb, soit selon la Maison-Blanche un bouclier de d\u00e9fense antimissiles total pour prot\u00e9ger le territoire am\u00e9ricain. La Russie et la Chine avaient alors critiqu\u00e9 cette annonce, <a href=\"https:\/\/www.lexpress.fr\/monde\/la-russie-de-vladimir-poutine-sattaque-au-projet-de-dome-de-fer-de-donald-trump-KDQPASCHSNB53IHISXCKGNBQNQ\/\" target=\"_self\" rel=\"noopener\" title=\"https:\/\/www.lexpress.fr\/monde\/la-russie-de-vladimir-poutine-sattaque-au-projet-de-dome-de-fer-de-donald-trump-KDQPASCHSNB53IHISXCKGNBQNQ\/\">Moscou y voyant un plan \u00ab\u00a0comparable \u00e0 la guerre des \u00e9toiles\u00a0\u00bb<\/a> soutenu par Ronald Reagan durant la Guerre froide.<\/p>\n<p class=\"paragraph article-body-paragraph article__item   \">L\u2019expression \u00ab\u00a0D\u00f4me de fer\u00a0\u00bb fait r\u00e9f\u00e9rence \u00e0 l\u2019un des syst\u00e8mes de d\u00e9fense d\u2019Isra\u00ebl, qui prot\u00e8ge le pays des attaques par missiles et roquettes mais aussi par drones. Ce syst\u00e8me a intercept\u00e9 des milliers de roquettes depuis sa mise en service en 2011. Il a un taux d\u2019interception d\u2019environ 90 %, selon l\u2019entreprise militaire isra\u00e9lienne Rafael, qui a particip\u00e9 \u00e0 sa conception.<\/p>\n<p><strong class=\"article-body-link-list__item text-gray-800 article-body-link-list__item--one-item\">LIRE AUSSI : <a class=\"article-body-link-list__item-link\" href=\"https:\/\/www.lexpress.fr\/idees-et-debats\/comment-le-destin-de-donald-trump-a-bascule-en-1987-RAWVKUNJ3JE7ZE7EYGD3PHZI4Y\/\" target=\"_blank\" rel=\"noreferrer noopener\">Comment le destin de Donald Trump a bascul\u00e9 en 1987<\/a><\/strong><\/p>\n<p class=\"paragraph article-body-paragraph article__item   \"><a href=\"https:\/\/www.lexpress.fr\/societe\/guerre-a-gaza-les-francais-juifs-sont-ils-legitimes-a-sexprimer-par-simone-harari-beaulieu-RA32XEVBCNAXJMZI7U6XZ74YLQ\/\" target=\"_self\" rel=\"noopener\" title=\"https:\/\/www.lexpress.fr\/societe\/guerre-a-gaza-les-francais-juifs-sont-ils-legitimes-a-sexprimer-par-simone-harari-beaulieu-RA32XEVBCNAXJMZI7U6XZ74YLQ\/\">Isra\u00ebl<\/a> a d\u2019abord d\u00e9velopp\u00e9 seul le \u00ab\u00a0D\u00f4me de fer\u00a0\u00bb apr\u00e8s la guerre du Liban de 2006, avant d\u2019\u00eatre rejoint par les Etats-Unis, qui ont apport\u00e9 leur savoir-faire en mati\u00e8re de d\u00e9fense et des milliards de dollars de soutien financier.<\/p>\n<p class=\"paragraph article-body-paragraph article__item   \">Donald Trump avait d\u00e9j\u00e0 \u00e9voqu\u00e9 ce projet de bouclier antimissiles dans sa campagne, mais les experts soulignent que ces syst\u00e8mes sont con\u00e7us \u00e0 l\u2019origine pour r\u00e9pondre \u00e0 des attaques men\u00e9es \u00e0 courte ou moyenne distance, et non pas pour intercepter des missiles \u00e0 port\u00e9e intercontinentale susceptibles de frapper les Etats-Unis.<\/p>\n<p>Menaces croissantes<\/p>\n<p class=\"paragraph article-body-paragraph article__item   \">En 2022, la derni\u00e8re \u00e9valuation de l\u2019arm\u00e9e am\u00e9ricaine dans le domaine des missiles (Missile Defense Review) faisait \u00e9tat de menaces croissantes de la Russie et de la Chine. P\u00e9kin se rapproche de Washington en mati\u00e8re de missiles balistiques et hypersoniques, tandis que Moscou modernise ses syst\u00e8mes de missiles de port\u00e9e intercontinentale et am\u00e9liore ses missiles de pr\u00e9cision, selon ce document.<\/p>\n<p><strong class=\"article-body-link-list__item text-gray-800 article-body-link-list__item--one-item\">LIRE AUSSI : <a class=\"article-body-link-list__item-link\" href=\"https:\/\/www.lexpress.fr\/idees-et-debats\/clay-risen-new-york-times-donald-trump-realise-les-reves-les-plus-fous-de-joseph-mccarthy-DA526TAJHJAA5O7RIMRKLVAXMM\/\" target=\"_blank\" rel=\"noreferrer noopener\">Clay Risen (New York Times) : \u00ab\u00a0Donald Trump r\u00e9alise les r\u00eaves les plus fous de Joseph McCarthy\u00a0\u00bb<\/a><\/strong><\/p>\n<p class=\"paragraph article-body-paragraph article__item   \">Il affirme \u00e9galement que la menace des drones &#8211; qui jouent un r\u00f4le cl\u00e9 dans la guerre en Ukraine &#8211; est susceptible de s\u2019accro\u00eetre et met en garde contre le danger des missiles balistiques de la <a href=\"https:\/\/www.lexpress.fr\/idees-et-debats\/robert-a-manning-la-coree-du-nord-pourrait-etre-lallumette-qui-declenche-un-chaos-mondial-OBJSWD5R5ZCC5JKSYCICCFHBIU\/\" target=\"_self\" rel=\"noopener\" title=\"https:\/\/www.lexpress.fr\/idees-et-debats\/robert-a-manning-la-coree-du-nord-pourrait-etre-lallumette-qui-declenche-un-chaos-mondial-OBJSWD5R5ZCC5JKSYCICCFHBIU\/\">Cor\u00e9e du Nord<\/a> et de l\u2019Iran, ainsi que des menaces de roquettes et de missiles provenant d\u2019acteurs non \u00e9tatiques.<\/p>\n<p class=\"paragraph article-body-paragraph article__item    article__text__endpicto\">Ces derni\u00e8res ann\u00e9es, les Etats-Unis ont acquis une exp\u00e9rience pr\u00e9cieuse en mati\u00e8re de d\u00e9fense contre les missiles et les drones. En <a href=\"https:\/\/www.lexpress.fr\/monde\/europe\/l-ukraine-hesite-entre-est-et-ouest_1302698.html\" target=\"_self\" rel=\"noopener\" title=\"https:\/\/www.lexpress.fr\/monde\/europe\/l-ukraine-hesite-entre-est-et-ouest_1302698.html\">Ukraine<\/a>, les syst\u00e8mes am\u00e9ricains ont \u00e9t\u00e9 utilis\u00e9s pour contrer les missiles russes, tandis que les avions et les navires de guerre am\u00e9ricains ont aid\u00e9 \u00e0 d\u00e9fendre Isra\u00ebl contre les attaques iraniennes l\u2019ann\u00e9e derni\u00e8re et ont abattu \u00e0 plusieurs reprises des missiles et des drones lanc\u00e9s sur des navires par les rebelles houthis du Y\u00e9men, soutenus par T\u00e9h\u00e9ran.<\/p>\n","protected":false},"excerpt":{"rendered":"Donald Trump a annonc\u00e9 mardi 20 mai que les Etats-Unis construiraient un syst\u00e8me de d\u00e9fense antimissiles sur le&hellip;\n","protected":false},"author":2,"featured_media":116058,"comment_status":"","ping_status":"","sticky":false,"template":"","format":"standard","meta":{"footnotes":""},"categories":[1589],"tags":[11,782,73,1866,74,12,1864,1865,1863,308],"class_list":{"0":"post-116057","1":"post","2":"type-post","3":"status-publish","4":"format-standard","5":"has-post-thumbnail","7":"category-etats-unis","8":"tag-actualites","9":"tag-ameriques","10":"tag-etats-unis","11":"tag-etats-unis-damerique","12":"tag-monde","13":"tag-news","14":"tag-united-states","15":"tag-united-states-of-america","16":"tag-us","17":"tag-usa"},"share_on_mastodon":{"url":"https:\/\/pubeurope.com\/@fr\/114544139650560721","error":""},"_links":{"self":[{"href":"https:\/\/www.europesays.com\/fr\/wp-json\/wp\/v2\/posts\/116057","targetHints":{"allow":["GET"]}}],"collection":[{"href":"https:\/\/www.europesays.com\/fr\/wp-json\/wp\/v2\/posts"}],"about":[{"href":"https:\/\/www.europesays.com\/fr\/wp-json\/wp\/v2\/types\/post"}],"author":[{"embeddable":true,"href":"https:\/\/www.europesays.com\/fr\/wp-json\/wp\/v2\/users\/2"}],"replies":[{"embeddable":true,"href":"https:\/\/www.europesays.com\/fr\/wp-json\/wp\/v2\/comments?post=116057"}],"version-history":[{"count":0,"href":"https:\/\/www.europesays.com\/fr\/wp-json\/wp\/v2\/posts\/116057\/revisions"}],"wp:featuredmedia":[{"embeddable":true,"href":"https:\/\/www.europesays.com\/fr\/wp-json\/wp\/v2\/media\/116058"}],"wp:attachment":[{"href":"https:\/\/www.europesays.com\/fr\/wp-json\/wp\/v2\/media?parent=116057"}],"wp:term":[{"taxonomy":"category","embeddable":true,"href":"https:\/\/www.europesays.com\/fr\/wp-json\/wp\/v2\/categories?post=116057"},{"taxonomy":"post_tag","embeddable":true,"href":"https:\/\/www.europesays.com\/fr\/wp-json\/wp\/v2\/tags?post=116057"}],"curies":[{"name":"wp","href":"https:\/\/api.w.org\/{rel}","templated":true}]}}