{"id":1160582,"date":"2026-09-01T06:31:16","date_gmt":"2026-09-01T06:31:16","guid":{"rendered":"https:\/\/www.europesays.com\/fr\/1160582\/"},"modified":"2026-09-01T06:31:16","modified_gmt":"2026-09-01T06:31:16","slug":"vente-artisanat-marche-solidaire-la-folie-des-plantes-revient-ce-week-end-a-nantes","status":"publish","type":"post","link":"https:\/\/www.europesays.com\/fr\/1160582\/","title":{"rendered":"Vente, artisanat, march\u00e9 solidaire : la Folie des Plantes revient ce week-end \u00e0 Nantes"},"content":{"rendered":"<p>                    Par<br \/>\n        <strong><br \/>\n            <a href=\"https:\/\/actu.fr\/auteur\/farah-sadallah\" title=\"Consulter tous les articles de Farah Sadallah\" rel=\"nofollow noopener\" target=\"_blank\">Farah Sadallah<\/a><br \/>\n                    <\/strong><\/p>\n<p>        Publi\u00e9 le<\/p>\n<p>            1 sept. 2026 \u00e0 7h30        <\/p>\n<p>Depuis 39 ans, la Folie des Plantes accueille les amoureux des v\u00e9g\u00e9taux du Grand Ouest. Organis\u00e9 par la Ville de Nantes, cet \u00e9v\u00e9nement aura lieu du <b>samedi 5 au dimanche 6 septembre 2026, au parc du Grand Blottereau<\/b>. Pour cette nouvelle \u00e9dition, plus de 180 exposants de plantes sont pr\u00e9vus, <a href=\"https:\/\/medias-metropole.nantes.fr\/s3fs-public\/documents\/2026-08\/D%C3%A9pliant_FDP_2026%20-%20web.pdf?fbclid=IwY2xjawT-dcVwZG9mAWV4dG4DYWVtAjEwAGJyaWQRMWkwelF5a1hwRW0xMExCcGxzcnRjBmFwcF9pZBAyMjIwMzkxNzg4MjAwODkyAAEegdNzFxBIgsbfRM6ia5_otHcEjEKjziPatzB8viTF43qL7T0cW_mlqcqzYYE_aem__d030Nc2ZuwYBx6-Fu7_mg\" rel=\"nofollow noopener\" target=\"_blank\">selon Nantes M\u00e9tropole.<\/a> Les \u00e9tals seront r\u00e9partis sur deux circuits de visite r\u00e9unissant<b> producteurs, p\u00e9pini\u00e9ristes, collectionneurs et associations. <\/b>Chaque ann\u00e9e, l\u2019\u00e9v\u00e9nement rassemble pr\u00e8s de 40 000 visiteurs.<\/p>\n<p>Des exposants du r\u00e9seau des \u00c9cossolies<\/p>\n<p class=\" wall-content\">Cette ann\u00e9e \u00ab\u00a0la Folie des Plantes accueille les Jeunes pousses, de jeunes structures locales qui viennent de se lancer, auxquelles l\u2019\u00e9v\u00e9nement offre un coup de pouce pour bien d\u00e9marrer leur activit\u00e9\u00a0\u00bb, annoncent les organisateurs dans leur d\u00e9pliant.\u00a0<\/p>\n<p class=\" wall-content\">Seront \u00e9galement pr\u00e9sents <b>des cr\u00e9ateurs d\u2019\u0153uvres et d\u2019objets pour le jardin<\/b>, mais aussi des exposants du r\u00e9seau <a href=\"https:\/\/www.ecossolies.fr\/\" rel=\"nofollow noopener\" target=\"_blank\">des \u00c9cossolies<\/a>, <b>soit 40 acteurs de l\u2019\u00e9conomie sociale et solidaire de Loire-Atlantique<\/b>, engag\u00e9s dans les fili\u00e8res du v\u00e9g\u00e9tal et des circuits courts.<\/p>\n<p class=\" wall-content\">Ces derniers exposeront <b>du mobilier de jardin de seconde main, des produits gourmands et des cosm\u00e9tiques naturels.<\/b>\u00a0En parall\u00e8le, des professionnels partageront \u00ab\u00a0leurs secrets de fabrication et conseils sur le jardinage ou le compost avec des animations et des d\u00e9monstrations en continu\u00a0\u00bb.<\/p>\n<p>    <a href=\"https:\/\/www.facebook.com\/plugins\/post.php?href=https%3A%2F%2Fwww.facebook.com%2Fecossolies%2Fposts%2Fpfbid02qUgEpjSb8A62Bdtdo7pziBySGsowUjjYhCAUGFEmYuHtri8ZbfegPDNXgG62gzPFl&amp;show_text=true&amp;width=350\" title=\"Ouvrie le lien\" rel=\"nofollow noopener\" target=\"_blank\">Cliquez ici pour visualiser le contenu<\/a><\/p>\n<p>Des ateliers cr\u00e9atifs<\/p>\n<p class=\" wall-content\">Pour cette \u00e9dition 2026, \u00ab\u00a0la terre et le sol vivant\u00a0\u00bb seront mis \u00e0 l\u2019honneur, annonce Nantes M\u00e9tropole. Pour ce faire, \u00ab\u00a0un p\u00f4le th\u00e9matique et diverses animations permettront d\u2019en apprendre davantage sur ce qui se passe sous nos pieds\u00a0\u00bb. Des acteurs locaux et des chercheurs aborderont <b>les diff\u00e9rents types de sols<\/b>, la biologie des micro-organismes, les gestes favorables \u00e0 la vie du sol ou encore <b>le recyclage de la mati\u00e8re organique<\/b>.<\/p>\n<p class=\" wall-content\">Par exemple,<a href=\"https:\/\/collectifserres.fr\/\" rel=\"nofollow noopener\" target=\"_blank\"> le Collectif Serres<\/a>, regroupant des artistes, des chercheurs et des m\u00e9diateurs scientifiques nantais d\u00e9sireux de mettre en culture les sciences du vivant, proposera<b> trois ateliers pour d\u00e9couvrir ce qui vit sous nos pieds<\/b>, comme modeler de l\u2019argile (sur r\u00e9servation), cr\u00e9er une affiche et faire chanter \u00ab\u00a0un dr\u00f4le d\u2019instrument racinaire\u00a0\u00bb. Ces ateliers auront lieu de 10 h \u00e0 12 h et de 14 h \u00e0 17 h.\u00a0<\/p>\n<p>Des expositions<\/p>\n<p class=\" wall-content\">Des expositions sont \u00e9galement pr\u00e9vues comme celle du\u00a0Conservatoire des collections v\u00e9g\u00e9tales sp\u00e9cialis\u00e9es (CCVS). Ce dernier proposera \u00ab\u00a0V\u00e9g\u00e9taux Latino\u00a0\u00bb. Elle pr\u00e9sentera <b>les plantes import\u00e9es d\u2019Am\u00e9rique du Sud au 15\u1d49 si\u00e8cle<\/b>. \u00ab\u00a0Leur arriv\u00e9e en Europe a marqu\u00e9 un tournant dans l\u2019alimentation avec l\u2019introduction de nombreux fruits et l\u00e9gumes. Elle a \u00e9galement transform\u00e9 le visage de nos jardins gr\u00e2ce \u00e0 des esp\u00e8ces ornementales aujourd\u2019hui tr\u00e8s r\u00e9pandues\u00a0\u00bb, indique le d\u00e9pliant.\u00a0<\/p>\n<p>Samedi 5 et dimanche 6 septembre, de 10 h \u00e0 18 h 30 au parc du Grand Blottereau. Entr\u00e9e libre.\u00a0<\/p>\n<p class=\" wall-content\">Personnalisez votre actualit\u00e9 en ajoutant vos villes et m\u00e9dias en favori avec <a href=\"https:\/\/moncompte.actu.fr\" title=\"D\u00e9couvez Mon Actu\" rel=\"nofollow noopener\" data-trk=\"{&quot;cta&quot;:{&quot;action&quot;:&quot;https:\\\/\\\/moncompte.actu.fr&quot;,&quot;category&quot;:&quot;mon compte&quot;,&quot;from&quot;:&quot;article footer&quot;,&quot;name&quot;:&quot;Mon actu&quot;,&quot;type&quot;:&quot;cta&quot;}}\" target=\"_blank\">Mon Actu<\/a>.<\/p>\n","protected":false},"excerpt":{"rendered":"Par Farah Sadallah Publi\u00e9 le 1 sept. 2026 \u00e0 7h30 Depuis 39 ans, la Folie des Plantes accueille&hellip;\n","protected":false},"author":2,"featured_media":1160583,"comment_status":"","ping_status":"","sticky":false,"template":"","format":"standard","meta":{"footnotes":"","_share_on_mastodon":"0"},"categories":[2818],"tags":[1111,11,1063,1130,436,1777,674,1011,27,766,12,2636,52,25],"class_list":["post-1160582","post","type-post","status-publish","format-standard","has-post-thumbnail","category-nantes","tag-actu","tag-actualites","tag-animations","tag-biodiversite","tag-environnement","tag-eu","tag-europe","tag-fr","tag-france","tag-nantes","tag-news","tag-pays-de-la-loire","tag-planete","tag-republique-francaise"],"share_on_mastodon":{"url":"https:\/\/pubeurope.com\/@fr\/117194384276240597","error":""},"_links":{"self":[{"href":"https:\/\/www.europesays.com\/fr\/wp-json\/wp\/v2\/posts\/1160582","targetHints":{"allow":["GET"]}}],"collection":[{"href":"https:\/\/www.europesays.com\/fr\/wp-json\/wp\/v2\/posts"}],"about":[{"href":"https:\/\/www.europesays.com\/fr\/wp-json\/wp\/v2\/types\/post"}],"author":[{"embeddable":true,"href":"https:\/\/www.europesays.com\/fr\/wp-json\/wp\/v2\/users\/2"}],"replies":[{"embeddable":true,"href":"https:\/\/www.europesays.com\/fr\/wp-json\/wp\/v2\/comments?post=1160582"}],"version-history":[{"count":0,"href":"https:\/\/www.europesays.com\/fr\/wp-json\/wp\/v2\/posts\/1160582\/revisions"}],"wp:featuredmedia":[{"embeddable":true,"href":"https:\/\/www.europesays.com\/fr\/wp-json\/wp\/v2\/media\/1160583"}],"wp:attachment":[{"href":"https:\/\/www.europesays.com\/fr\/wp-json\/wp\/v2\/media?parent=1160582"}],"wp:term":[{"taxonomy":"category","embeddable":true,"href":"https:\/\/www.europesays.com\/fr\/wp-json\/wp\/v2\/categories?post=1160582"},{"taxonomy":"post_tag","embeddable":true,"href":"https:\/\/www.europesays.com\/fr\/wp-json\/wp\/v2\/tags?post=1160582"}],"curies":[{"name":"wp","href":"https:\/\/api.w.org\/{rel}","templated":true}]}}