{"id":116059,"date":"2025-05-21T05:20:08","date_gmt":"2025-05-21T05:20:08","guid":{"rendered":"https:\/\/www.europesays.com\/fr\/116059\/"},"modified":"2025-05-21T05:20:08","modified_gmt":"2025-05-21T05:20:08","slug":"qui-est-lady-charlotte-wellesley-la-trentenaire-la-plus-riche-du-royaume-uni","status":"publish","type":"post","link":"https:\/\/www.europesays.com\/fr\/116059\/","title":{"rendered":"Qui est Lady Charlotte Wellesley, la trentenaire la plus riche du Royaume-Uni ?"},"content":{"rendered":"<p>Elle pointe en troisi\u00e8me position, et en tant que premi\u00e8re femme dans le classement des 40 personnes de moins de 40 ans les plus riches du Royaume-Uni, publi\u00e9 par le Sunday Time le 18 mai.<\/p>\n<p class=\"fig-paragraph\">\u00c0 34 ans, Charlotte Wellesley vient d\u2019\u00eatre d\u00e9sign\u00e9e comme la femme de moins de 40 ans la plus riche du Royaume-Uni par le\u00a0<a href=\"https:\/\/www.thetimes.com\/sunday-times-rich-list\/feature\/article\/richest-people-under-40-uk-2025-h2l6mqpb2\" target=\"_blank\" rel=\"nofollow noopener\" data-gtm-custom-categorie=\"navigation\" data-gtm-custom-action=\"crossclick\" data-gtm-custom-label=\"Contextuel\" data-gtm-event=\"customEventSPE\">Sunday Times Rich List 2025<\/a>. Habitu\u00e9e du classement depuis 2016, elle affiche aujourd\u2019hui une fortune estim\u00e9e \u00e0 2,6 milliards de livres sterling (3 milliards d\u2019euros). N\u00e9e dans l\u2019aristocratie britannique, la trentenaire a h\u00e9rit\u00e9 d\u2019un nom, d\u2019un patrimoine et d\u2019une histoire, qu\u2019elle a su conjuguer avec brio.<\/p>\n<p class=\"fig-paragraph\">Fille du 9e duc de Wellington, Charles Wellesley, et de la princesse Antonia de Prusse, actuelle duchesse de Wellington, Charlotte Wellesley descend de plusieurs grandes lign\u00e9es aristocratiques europ\u00e9ennes. Elle est par sa m\u00e8re, l\u2019arri\u00e8re-arri\u00e8re-arri\u00e8re-arri\u00e8re-petite-fille de la reine Victoria, et l\u2019arri\u00e8re-arri\u00e8re-petite-fille de l\u2019empereur allemand Guillaume II.<\/p>\n<p>De l\u2019aristocratie \u00e0 la vie mondaine<\/p>\n<p class=\"fig-paragraph\">N\u00e9e le 8 octobre 1990 \u00e0 l\u2019h\u00f4pital St Mary de Londres, elle est la petite s\u0153ur d\u2019Arthur, comte de Mornington, ainsi que de Lady Honor, Lady Marie Louise et Lord Frederick Wellesley. Elle grandit dans la demeure familiale de Stratfield Saye House, offerte \u00e0 son anc\u00eatre par la Couronne britannique dans le Hampshire, \u00e0 la campagne. Apr\u00e8s des \u00e9tudes secondaires \u00e0 Wycombe Abbey, prestigieuse \u00e9cole pour filles, elle rejoint l\u2019Universit\u00e9 d\u2019Oxford pour y \u00e9tudier l\u2019arch\u00e9ologie et l\u2019anthropologie. Passionn\u00e9e de culture, elle commence en tant que productrice en collaborant pendant un an avec le c\u00e9l\u00e8bre photographe Mario Testino.<\/p>\n<p class=\"fig-paragraph\">Derni\u00e8rement, Charlotte Wellesley s\u2019est lanc\u00e9e dans la restauration de luxe. Aux c\u00f4t\u00e9s du restaurateur argentin Juan Santa Cruz, elle a particip\u00e9 \u00e0 l\u2019ouverture de Casa Cruz \u00e0 New York, version am\u00e9ricaine du c\u00e9l\u00e8bre \u00e9tablissement londonien. Situ\u00e9 sur l\u2019Upper East Side, le lieu est rapidement devenu l\u2019un des spots les plus en vue de Manhattan, fr\u00e9quent\u00e9 par des personnalit\u00e9s comme Nicky Hilton Rothschild ou Katie Holmes.<\/p>\n<p>Sang bleu, compte en or<\/p>\n<p class=\"fig-paragraph\">En mai 2016, \u00e0 l\u2019\u00e2ge de 25 ans, elle \u00e9pouse Alejandro Santo Domingo, un homme d\u2019affaires am\u00e9ricano-colombien, h\u00e9ritier de par son p\u00e8re Julio Mario Santo Domingo (d\u00e9c\u00e9d\u00e9 en 2011) d\u2019un empire industriel colossal. Dipl\u00f4m\u00e9 d\u2019Harvard, Alejandro Santo Domingo est l\u2019un des principaux actionnaires du g\u00e9ant de la bi\u00e8re Anheuser-Busch InBev, propri\u00e9taire de marques telles que Budweiser ou Corona. Il pr\u00e9side la Fundaci\u00f3n Santo Domingo en Colombie, si\u00e8ge au conseil du Metropolitan Museum of Art de New York, et soutient la fondation Pies Descalzos de la chanteuse Shakira. Il est \u00e9galement pr\u00e9sident de la Wildlife Conservation Society depuis 2025, apr\u00e8s en avoir \u00e9t\u00e9 vice-pr\u00e9sident pendant pr\u00e8s de dix ans.<\/p>\n<p class=\"fig-paragraph\">Le mariage a \u00e9t\u00e9 c\u00e9l\u00e9br\u00e9 dans la r\u00e9sidence du duc de Wellington, en pr\u00e9sence de celle qui \u00e9tait alors duchesse de Cornouailles et est devenue la<a href=\"https:\/\/madame.lefigaro.fr\/tag\/camilla-parker-bowles\" target=\"_blank\" rel=\"noopener\" data-gtm-custom-categorie=\"navigation\" data-gtm-custom-action=\"crossclick\" data-gtm-custom-label=\"Contextuel\" data-gtm-event=\"customEventSPE\">\u00a0reine Camilla,<\/a>\u00a0et de l\u2019ancien roi d\u2019Espagne,\u00a0<a href=\"https:\/\/madame.lefigaro.fr\/tag\/juan-carlos\" target=\"_blank\" rel=\"noopener\" data-gtm-custom-categorie=\"navigation\" data-gtm-custom-action=\"crossclick\" data-gtm-custom-label=\"Contextuel\" data-gtm-event=\"customEventSPE\">Juan Carlos<\/a>\u00a0qui ont pu admirer la mari\u00e9e dans une somptueuse robe sign\u00e9e<a href=\"https:\/\/madame.lefigaro.fr\/tag\/defiles-emilia-wickstead\" target=\"_blank\" rel=\"noopener\" data-gtm-custom-categorie=\"navigation\" data-gtm-custom-action=\"crossclick\" data-gtm-custom-label=\"Contextuel\" data-gtm-event=\"customEventSPE\">\u00a0Emilia Wickstead<\/a>, l\u2019une des stylistes pr\u00e9f\u00e9r\u00e9es de\u00a0<a href=\"https:\/\/madame.lefigaro.fr\/tag\/kate-middleton\" target=\"_blank\" rel=\"noopener\" data-gtm-custom-categorie=\"navigation\" data-gtm-custom-action=\"crossclick\" data-gtm-custom-label=\"Contextuel\" data-gtm-event=\"customEventSPE\">Kate Middleton<\/a>. Depuis, le couple a eu deux enfants, n\u00e9s en 2017 et 2019. Un parcours \u00e0 l\u2019image d\u2019une h\u00e9riti\u00e8re qui trace sa voie entre tradition, culture et entrepreneuriat.<\/p>\n","protected":false},"excerpt":{"rendered":"Elle pointe en troisi\u00e8me position, et en tant que premi\u00e8re femme dans le classement des 40 personnes de&hellip;\n","protected":false},"author":2,"featured_media":116060,"comment_status":"","ping_status":"","sticky":false,"template":"","format":"standard","meta":{"footnotes":""},"categories":[1588],"tags":[1296,1284,1291,11,1286,35,1285,1287,1289,1290,1288,1292,1777,674,1295,1294,1293,638,977,1930,12,973,473,1853,1851,1850,1852],"class_list":{"0":"post-116059","1":"post","2":"type-post","3":"status-publish","4":"format-standard","5":"has-post-thumbnail","7":"category-royaume-uni","8":"tag-accessoires","9":"tag-actu-business","10":"tag-actu-societe","11":"tag-actualites","12":"tag-article-business","13":"tag-business","14":"tag-business-au-feminin","15":"tag-business-detox","16":"tag-business-style","17":"tag-business-with-attitute","18":"tag-coaching-carriere","19":"tag-debat","20":"tag-eu","21":"tag-europe","22":"tag-feminin","23":"tag-femme","24":"tag-femmes-influentes","25":"tag-figaro","26":"tag-madame","27":"tag-mariage","28":"tag-news","29":"tag-people","30":"tag-royaume-uni","31":"tag-royaume-uni-de-grande-bretagne-et-dirlande-du-nord","32":"tag-uk","33":"tag-united-kingdom","34":"tag-united-kingdom-of-great-britain-and-northern-ireland"},"share_on_mastodon":{"url":"https:\/\/pubeurope.com\/@fr\/114544143467977184","error":""},"_links":{"self":[{"href":"https:\/\/www.europesays.com\/fr\/wp-json\/wp\/v2\/posts\/116059","targetHints":{"allow":["GET"]}}],"collection":[{"href":"https:\/\/www.europesays.com\/fr\/wp-json\/wp\/v2\/posts"}],"about":[{"href":"https:\/\/www.europesays.com\/fr\/wp-json\/wp\/v2\/types\/post"}],"author":[{"embeddable":true,"href":"https:\/\/www.europesays.com\/fr\/wp-json\/wp\/v2\/users\/2"}],"replies":[{"embeddable":true,"href":"https:\/\/www.europesays.com\/fr\/wp-json\/wp\/v2\/comments?post=116059"}],"version-history":[{"count":0,"href":"https:\/\/www.europesays.com\/fr\/wp-json\/wp\/v2\/posts\/116059\/revisions"}],"wp:featuredmedia":[{"embeddable":true,"href":"https:\/\/www.europesays.com\/fr\/wp-json\/wp\/v2\/media\/116060"}],"wp:attachment":[{"href":"https:\/\/www.europesays.com\/fr\/wp-json\/wp\/v2\/media?parent=116059"}],"wp:term":[{"taxonomy":"category","embeddable":true,"href":"https:\/\/www.europesays.com\/fr\/wp-json\/wp\/v2\/categories?post=116059"},{"taxonomy":"post_tag","embeddable":true,"href":"https:\/\/www.europesays.com\/fr\/wp-json\/wp\/v2\/tags?post=116059"}],"curies":[{"name":"wp","href":"https:\/\/api.w.org\/{rel}","templated":true}]}}