{"id":1160600,"date":"2026-09-01T06:43:25","date_gmt":"2026-09-01T06:43:25","guid":{"rendered":"https:\/\/www.europesays.com\/fr\/1160600\/"},"modified":"2026-09-01T06:43:25","modified_gmt":"2026-09-01T06:43:25","slug":"incident-technique-sur-les-lignes-de-metro-a-marseille-fin-de-la-perturbation-et-retour-progressif-a-la-normale","status":"publish","type":"post","link":"https:\/\/www.europesays.com\/fr\/1160600\/","title":{"rendered":"Incident technique sur les lignes de m\u00e9tro \u00e0 Marseille\u00a0: fin de la perturbation et retour progressif \u00e0 la normale"},"content":{"rendered":"<p>Dans un communiqu\u00e9 sur son site, la <a href=\"https:\/\/www.rtm.fr\/infos-trafic\/8991126047848293693\" target=\"_blank\" rel=\"nofollow noopener\">RTM <\/a>annon\u00e7ait les choses suivantes : ce mardi matin \u00ab\u00a04 stations non desservies sur la ligne 2 du m\u00e9tro. Il s&rsquo;agit de <strong>Jules Guesde ; Saint-Charles ; Noailles et Notre-Dame du Mont. <\/strong>Le\u00a0 service est ainsi interrompu entre Joliette et Castellane.\u00a0\u00bb <\/p>\n<p>Sur la ligne 1, deux stations sont non desservies : <strong>\u00ab\u00a0Cinq Avenues Longchamp et R\u00e9form\u00e9s Canebi\u00e8re<\/strong>. Le service est ainsi interrompu entre les Chartreux et Saint-Charles.\u00a0\u00bb<\/p>\n<p>La raison : un \u00ab\u00a0incident technique station Saint-Charles\u00a0\u00bb, pr\u00e9cise la r\u00e9gie des transports. Les lignes seront r\u00e9tablies d\u00e8s que les \u00ab\u00a0conditions seront r\u00e9unies\u00a0\u00bb.<\/p>\n<p>Depuis 8 heures, l&rsquo;incident a pris fin. \u00ab\u00a0Un retour progressif \u00e0 la normale est en cours.\u00a0\u00bb<\/p>\n","protected":false},"excerpt":{"rendered":"Dans un communiqu\u00e9 sur son site, la RTM annon\u00e7ait les choses suivantes : ce mardi matin \u00ab\u00a04 stations&hellip;\n","protected":false},"author":2,"featured_media":1160601,"comment_status":"","ping_status":"","sticky":false,"template":"","format":"standard","meta":{"footnotes":"","_share_on_mastodon":"0"},"categories":[2814],"tags":[5734,1111,11,1777,674,1011,27,35535,151,8391,884,4047,12,882,16,25,3356,6233],"class_list":["post-1160600","post","type-post","status-publish","format-standard","has-post-thumbnail","category-marseille","tag-5734","tag-actu","tag-actualites","tag-eu","tag-europe","tag-fr","tag-france","tag-incident","tag-les","tag-lignes","tag-marseille","tag-metro","tag-news","tag-provence-alpes-cote-dazur","tag-region","tag-republique-francaise","tag-sur","tag-technique"],"share_on_mastodon":{"url":"https:\/\/pubeurope.com\/@fr\/117194431279268767","error":""},"_links":{"self":[{"href":"https:\/\/www.europesays.com\/fr\/wp-json\/wp\/v2\/posts\/1160600","targetHints":{"allow":["GET"]}}],"collection":[{"href":"https:\/\/www.europesays.com\/fr\/wp-json\/wp\/v2\/posts"}],"about":[{"href":"https:\/\/www.europesays.com\/fr\/wp-json\/wp\/v2\/types\/post"}],"author":[{"embeddable":true,"href":"https:\/\/www.europesays.com\/fr\/wp-json\/wp\/v2\/users\/2"}],"replies":[{"embeddable":true,"href":"https:\/\/www.europesays.com\/fr\/wp-json\/wp\/v2\/comments?post=1160600"}],"version-history":[{"count":0,"href":"https:\/\/www.europesays.com\/fr\/wp-json\/wp\/v2\/posts\/1160600\/revisions"}],"wp:featuredmedia":[{"embeddable":true,"href":"https:\/\/www.europesays.com\/fr\/wp-json\/wp\/v2\/media\/1160601"}],"wp:attachment":[{"href":"https:\/\/www.europesays.com\/fr\/wp-json\/wp\/v2\/media?parent=1160600"}],"wp:term":[{"taxonomy":"category","embeddable":true,"href":"https:\/\/www.europesays.com\/fr\/wp-json\/wp\/v2\/categories?post=1160600"},{"taxonomy":"post_tag","embeddable":true,"href":"https:\/\/www.europesays.com\/fr\/wp-json\/wp\/v2\/tags?post=1160600"}],"curies":[{"name":"wp","href":"https:\/\/api.w.org\/{rel}","templated":true}]}}