{"id":1160621,"date":"2026-09-01T06:59:22","date_gmt":"2026-09-01T06:59:22","guid":{"rendered":"https:\/\/www.europesays.com\/fr\/1160621\/"},"modified":"2026-09-01T06:59:22","modified_gmt":"2026-09-01T06:59:22","slug":"allemagne-baisse-surprise-des-ventes-au-detail-en-juillet-01-09-2026-a-0843","status":"publish","type":"post","link":"https:\/\/www.europesays.com\/fr\/1160621\/","title":{"rendered":"Allemagne: Baisse surprise des ventes au d\u00e9tail en juillet &#8211; 01\/09\/2026 \u00e0 08:43"},"content":{"rendered":"<p>        <img decoding=\"async\" src=\"https:\/\/www.europesays.com\/fr\/wp-content\/uploads\/2026\/09\/c85240baa4fc5a713b40e509848ab556-760x444.jpg\" alt=\"Le centre commercial Arkaden \u00e0 Berlin\" loading=\"eager\" fetchpriority=\"high\" width=\"760\" height=\"444\" style=\"max-width: 100%!important; height: auto;\"\/><\/p>\n<p class=\"c-image-news__legend\">Le centre commercial Arkaden \u00e0 Berlin<\/p>\n<p>\n \u200cLes ventes au \u200bd\u00e9tail en Allemagne ont baiss\u00e9 de 3,4% \u200ben juillet sur un \u200bmois, de \u2060fa\u00e7on inattendue, montrent \u200cles donn\u00e9es publi\u00e9es mardi par l&rsquo;Office \u200bf\u00e9d\u00e9ral \u200cde la statistique.\n<\/p>\n<p>\n Les \u2060\u00e9conomistes interrog\u00e9s par Reuters avaient tabl\u00e9 \u2060sur une \u200chausse de 0,4% \u2060en juillet, \u200capr\u00e8s une \u2060stabilit\u00e9 (r\u00e9vis\u00e9 de -0,7%) le mois \u2060pr\u00e9c\u00e9dent.\n<\/p>\n<p>\n Sur \u200cun an, les ventes \u200bau \u200cd\u00e9tail en Allemagne ont \u00e9galement baiss\u00e9 \u200bde 2,5%, apr\u00e8s \u2060une hausse de 5,3% (r\u00e9vis\u00e9 de 0,0%) en juin.\n<\/p>\n<p>\n (R\u00e9dig\u00e9 par Rihab Latrache, \u00e9dit\u00e9 par Augustin \u200bTurpin)<\/p>\n","protected":false},"excerpt":{"rendered":"Le centre commercial Arkaden \u00e0 Berlin \u200cLes ventes au \u200bd\u00e9tail en Allemagne ont baiss\u00e9 de 3,4% \u200ben juillet&hellip;\n","protected":false},"author":2,"featured_media":1160622,"comment_status":"","ping_status":"","sticky":false,"template":"","format":"standard","meta":{"footnotes":"","_share_on_mastodon":"0"},"categories":[1587],"tags":[400,11,672,398,408,1804,405,1805,1803,1777,674,1801,403,402,399,404,12,1802,401,406,407],"class_list":["post-1160621","post","type-post","status-publish","format-standard","has-post-thumbnail","category-allemagne","tag-action-cac-40","tag-actualites","tag-allemagne","tag-bourse-de-paris","tag-boursorama","tag-bundesrepublik-deutschland","tag-cotations","tag-de","tag-deutschland","tag-eu","tag-europe","tag-germany","tag-indices-devises","tag-investir","tag-investissement","tag-marche-boursier","tag-news","tag-republique-federale-dallemagne","tag-sicav","tag-trackers","tag-warrants"],"share_on_mastodon":{"url":"https:\/\/pubeurope.com\/@fr\/117194496151041219","error":""},"_links":{"self":[{"href":"https:\/\/www.europesays.com\/fr\/wp-json\/wp\/v2\/posts\/1160621","targetHints":{"allow":["GET"]}}],"collection":[{"href":"https:\/\/www.europesays.com\/fr\/wp-json\/wp\/v2\/posts"}],"about":[{"href":"https:\/\/www.europesays.com\/fr\/wp-json\/wp\/v2\/types\/post"}],"author":[{"embeddable":true,"href":"https:\/\/www.europesays.com\/fr\/wp-json\/wp\/v2\/users\/2"}],"replies":[{"embeddable":true,"href":"https:\/\/www.europesays.com\/fr\/wp-json\/wp\/v2\/comments?post=1160621"}],"version-history":[{"count":0,"href":"https:\/\/www.europesays.com\/fr\/wp-json\/wp\/v2\/posts\/1160621\/revisions"}],"wp:featuredmedia":[{"embeddable":true,"href":"https:\/\/www.europesays.com\/fr\/wp-json\/wp\/v2\/media\/1160622"}],"wp:attachment":[{"href":"https:\/\/www.europesays.com\/fr\/wp-json\/wp\/v2\/media?parent=1160621"}],"wp:term":[{"taxonomy":"category","embeddable":true,"href":"https:\/\/www.europesays.com\/fr\/wp-json\/wp\/v2\/categories?post=1160621"},{"taxonomy":"post_tag","embeddable":true,"href":"https:\/\/www.europesays.com\/fr\/wp-json\/wp\/v2\/tags?post=1160621"}],"curies":[{"name":"wp","href":"https:\/\/api.w.org\/{rel}","templated":true}]}}