{"id":116065,"date":"2025-05-21T05:23:16","date_gmt":"2025-05-21T05:23:16","guid":{"rendered":"https:\/\/www.europesays.com\/fr\/116065\/"},"modified":"2025-05-21T05:23:16","modified_gmt":"2025-05-21T05:23:16","slug":"avant-meme-son-entree-en-vigueur-le-virage-pro-business-de-lue-menace-la-loi-sur-le-devoir-de-vigilance-des-entreprises-20-05-2025-a-1705","status":"publish","type":"post","link":"https:\/\/www.europesays.com\/fr\/116065\/","title":{"rendered":"Avant m\u00eame son entr\u00e9e en vigueur, le virage pro-business de l&rsquo;UE menace la loi sur le devoir de vigilance des entreprises &#8211; 20\/05\/2025 \u00e0 17:05"},"content":{"rendered":"<p> Bouscul\u00e9e sur le plan \u00e9conomique, l&rsquo;Union europ\u00e9enne a r\u00e9solument embrass\u00e9 une politique pro-entreprises, promettant des mesures de \u00ab\u00a0simplification\u00a0\u00bb tous azimuts pour all\u00e9ger leurs \u00ab\u00a0charges\u00a0\u00bb administratives.<\/p>\n<p>        <img fetchpriority=\"high\" decoding=\"async\" src=\"https:\/\/www.europesays.com\/fr\/wp-content\/uploads\/2025\/05\/8e0233cc3daa1174c757d23bade38688-760x507.jpg\" alt=\"Le Parlement europ\u00e9en \u00e0 Strasbourg. ( AFP \/ FREDERICK FLORIN )\" loading=\"eager\" width=\"760\" height=\"507\" style=\"max-width: 100%!important; height: auto;\"\/><\/p>\n<p class=\"c-image-news__legend\">Le Parlement europ\u00e9en \u00e0 Strasbourg. ( AFP \/ FREDERICK FLORIN )<\/p>\n<p>\n La loi europ\u00e9enne sur la \u00ab\u00a0vigilance\u00a0\u00bb sociale et environnementale des grandes entreprises est-elle encore \u00ab\u00a0vivante\u00a0\u00bb ? N\u00e9goci\u00e9e pendant cinq ans et pr\u00e9vue pour entrer en vigueur en 2028, elle a \u00e9t\u00e9 vis\u00e9e coup sur coup par le chancelier allemand et par le pr\u00e9sident fran\u00e7ais, qui a demand\u00e9 lundi 19 mai<br \/>\n <a href=\"https:\/\/www.boursorama.com\/actualite-economique\/actualites\/simplification-macron-veut-la-suppression-pure-et-simple-de-la-directive-cs3d-sur-le-devoir-de-vigilance-des-entreprises-f1ef2ae0e191d16537a9f0c2de6f01a8\" rel=\"nofollow noopener\" target=\"_blank\"><br \/>\n  sa suppression pure et simple<br \/>\n <\/a><br \/>\n .\n<\/p>\n<p>\n La prise de position du pr\u00e9sident fran\u00e7ais et du chancelier allemand pourrait porter le coup de gr\u00e2ce \u00e0 ce texte, cens\u00e9<br \/>\n <strong><br \/>\n  contraindre les multinationales \u00e0 veiller au respect de l&rsquo;environnement et des droits humains<br \/>\n <\/strong><br \/>\n dans leurs cha\u00eenes de valeur. D&rsquo;autant que l&rsquo;Union europ\u00e9enne, en plein virage pro-business, a d\u00e9j\u00e0 report\u00e9 d&rsquo;un an l&rsquo;entr\u00e9e en vigueur de la loi, de 2027 \u00e0 2028, malgr\u00e9 les protestations des organisations environnementales.\n<\/p>\n<p>\n Interrog\u00e9e mardi, la porte-parole de la Commission Paula Pinho a assur\u00e9 que ce texte sur le \u00ab\u00a0devoir de vigilance\u00a0\u00bb (CS3D), \u00e9tait encore \u00ab\u00a0vivant\u00a0\u00bb, avec<br \/>\n <strong><br \/>\n  une proposition de simplification mise sur la table par l&rsquo;ex\u00e9cutif europ\u00e9en.<br \/>\n <\/strong><br \/>\n Au Parlement europ\u00e9en, la gauche et les centristes \u00e9rigeaient volontiers cette directive en symbole des compromis \u00e0 l&rsquo;europ\u00e9enne, arrach\u00e9s au forceps face au lobbying des multinationales.\n<\/p>\n<p>\n Avec cette loi, les grandes entreprises seraient tenues, sous peine de sanctions, de pr\u00e9venir et de rem\u00e9dier aux violations de droits humains<br \/>\n <strong><br \/>\n  (travail des enfants, travail forc\u00e9, s\u00e9curit\u00e9&#8230;)<br \/>\n <\/strong><br \/>\n et dommages environnementaux<br \/>\n <strong><br \/>\n  (d\u00e9forestation, pollution&#8230;)<br \/>\n <\/strong><br \/>\n dans leurs cha\u00eenes de valeur partout dans le monde. Y compris chez leurs fournisseurs, sous-traitants et filiales.\n<\/p>\n<p>\n D\u00e8s 2021, les eurod\u00e9put\u00e9s avaient adopt\u00e9 une r\u00e9solution pour que la Commission prenne position. Un an apr\u00e8s, l&rsquo;ex\u00e9cutif avait fini par pr\u00e9senter un texte, ouvrant la voie \u00e0 d&rsquo;\u00e2pres n\u00e9gociations entre Etats membres et institutions europ\u00e9ennes, racont\u00e9es dans un documentaire diffus\u00e9 sur la cha\u00eene Arte, Le Compromis (coproduit par Factstory, une filiale de l&rsquo;<\/p>\n<p>  AFP<\/p>\n<p> ). Apr\u00e8s des concessions pour limiter son impact,<br \/>\n <strong><br \/>\n  la loi avait \u00e9t\u00e9 adopt\u00e9e in extremis, en avril 2024<br \/>\n <\/strong><br \/>\n , \u00e0 la toute fin du pr\u00e9c\u00e9dent mandat d&rsquo;Ursula von der Leyen.\n<\/p>\n<p> Virage pro-entreprises<\/p>\n<p>\n Mais les \u00e9lections europ\u00e9ennes, marqu\u00e9es par la pouss\u00e9e de l&rsquo;extr\u00eame droite, sont pass\u00e9es par l\u00e0. Et Donald Trump a \u00e9t\u00e9 \u00e9lu aux \u00c9tats-Unis.\n<\/p>\n<p>\n Bouscul\u00e9e sur le plan \u00e9conomique,<br \/>\n <strong><br \/>\n  l&rsquo;Union europ\u00e9enne a r\u00e9solument embrass\u00e9 une politique pro-entreprises<br \/>\n <\/strong><br \/>\n , promettant des mesures de \u00ab\u00a0simplification\u00a0\u00bb tous azimuts pour all\u00e9ger leurs \u00ab\u00a0charges\u00a0\u00bb administratives. Et c&rsquo;est au nom de la lutte contre la bureaucratie que Friedrich Merz puis Emmanuel Macron ont r\u00e9clam\u00e9 la suppression de cette loi, qui exige des entreprises des informations d\u00e9taill\u00e9es sur le respect de leurs obligations.\n<\/p>\n<p>\n Les deux dirigeants vont dans le sens des organisations patronales qui consid\u00e8rent cette loi comme un \u00ab\u00a0fardeau administratif\u00a0\u00bb qui<br \/>\n <strong><br \/>\n  p\u00e8serait sur la comp\u00e9titivit\u00e9 des entreprises \u00ab\u00a0au m\u00e9pris des r\u00e9alit\u00e9s op\u00e9rationnelles\u00a0\u00bb<br \/>\n <\/strong><br \/>\n .\n<\/p>\n<p>\n Au Parlement, la Fran\u00e7aise Manon Aubry (LFI, gauche radicale) et la sociale-d\u00e9mocrate n\u00e9erlandaise Lara Wolters, -les deux eurod\u00e9put\u00e9es qui ont planch\u00e9 pendant 150 heures sur cette loi- sont furieuses.\n<\/p>\n<p> Un \u00ab\u00a0totem d&rsquo;immunit\u00e9 aux multinationales\u00a0\u00bb<\/p>\n<p>\n Emmanuel Macron offre un \u00ab\u00a0totem d&rsquo;immunit\u00e9 aux multinationales\u00a0\u00bb, accuse Manon Aubry. \u00ab\u00a0La pire r\u00e9ponse \u00e0 Donald Trump est de l&rsquo;imiter\u00a0\u00bb, rench\u00e9rit Lara Wolters.<br \/>\n <strong><br \/>\n  \u00ab\u00a0Je trouve choquant et arrogant de revenir sur un compromis obtenu de haute lutte\u00a0\u00bb<br \/>\n <\/strong><br \/>\n , d\u00e9clare-t-elle \u00e0 l&rsquo;<\/p>\n<p>  AFP<\/p>\n<p> . Cette sociale-d\u00e9mocrate souligne que le chancelier Merz a \u00e9t\u00e9 contredit par des membres de sa coalition sur le sujet. \u00ab\u00a0Les choses bougent encore\u00a0\u00bb, veut-elle croire.\n<\/p>\n<p>\n Des ONG comme Oxfam et les Amis de la Terre sont \u00e9galement mont\u00e9es au cr\u00e9neau, en reprochant \u00e0 Emmanuel Macron d&rsquo;attaquer \u00ab\u00a0frontalement un texte crucial pour responsabiliser les multinationales\u00a0\u00bb.\n<\/p>\n<p>\n Les eurod\u00e9put\u00e9s pr\u00e9sentaient cette directive comme une r\u00e9ponse \u00e0 la catastrophe de Rana Plaza, du nom de l&rsquo;immeuble abritant un atelier de confection de pr\u00eat-\u00e0-porter au Bangladesh qui s&rsquo;\u00e9tait effondr\u00e9 en avril 2013, faisant 1.130 morts. Lors de son adoption au Parlement europ\u00e9en en avril 2024, les superlatifs ne manquaient pas pour saluer le caract\u00e8re \u00ab\u00a0historique\u00a0\u00bb de cette loi, y compris chez les macronistes, dont la pr\u00e9sidente actuelle du groupe Renew Val\u00e9rie Hayer.<\/p>\n","protected":false},"excerpt":{"rendered":"Bouscul\u00e9e sur le plan \u00e9conomique, l&rsquo;Union europ\u00e9enne a r\u00e9solument embrass\u00e9 une politique pro-entreprises, promettant des mesures de \u00ab\u00a0simplification\u00a0\u00bb&hellip;\n","protected":false},"author":2,"featured_media":116066,"comment_status":"","ping_status":"","sticky":false,"template":"","format":"standard","meta":{"footnotes":""},"categories":[1586],"tags":[400,11,398,408,405,1777,674,1779,1011,27,403,402,399,404,12,25,401,406,1778,364,407],"class_list":{"0":"post-116065","1":"post","2":"type-post","3":"status-publish","4":"format-standard","5":"has-post-thumbnail","7":"category-europe","8":"tag-action-cac-40","9":"tag-actualites","10":"tag-bourse-de-paris","11":"tag-boursorama","12":"tag-cotations","13":"tag-eu","14":"tag-europe","15":"tag-european-union","16":"tag-fr","17":"tag-france","18":"tag-indices-devises","19":"tag-investir","20":"tag-investissement","21":"tag-marche-boursier","22":"tag-news","23":"tag-republique-francaise","24":"tag-sicav","25":"tag-trackers","26":"tag-ue","27":"tag-union-europeenne","28":"tag-warrants"},"share_on_mastodon":{"url":"https:\/\/pubeurope.com\/@fr\/114544155296650391","error":""},"_links":{"self":[{"href":"https:\/\/www.europesays.com\/fr\/wp-json\/wp\/v2\/posts\/116065","targetHints":{"allow":["GET"]}}],"collection":[{"href":"https:\/\/www.europesays.com\/fr\/wp-json\/wp\/v2\/posts"}],"about":[{"href":"https:\/\/www.europesays.com\/fr\/wp-json\/wp\/v2\/types\/post"}],"author":[{"embeddable":true,"href":"https:\/\/www.europesays.com\/fr\/wp-json\/wp\/v2\/users\/2"}],"replies":[{"embeddable":true,"href":"https:\/\/www.europesays.com\/fr\/wp-json\/wp\/v2\/comments?post=116065"}],"version-history":[{"count":0,"href":"https:\/\/www.europesays.com\/fr\/wp-json\/wp\/v2\/posts\/116065\/revisions"}],"wp:featuredmedia":[{"embeddable":true,"href":"https:\/\/www.europesays.com\/fr\/wp-json\/wp\/v2\/media\/116066"}],"wp:attachment":[{"href":"https:\/\/www.europesays.com\/fr\/wp-json\/wp\/v2\/media?parent=116065"}],"wp:term":[{"taxonomy":"category","embeddable":true,"href":"https:\/\/www.europesays.com\/fr\/wp-json\/wp\/v2\/categories?post=116065"},{"taxonomy":"post_tag","embeddable":true,"href":"https:\/\/www.europesays.com\/fr\/wp-json\/wp\/v2\/tags?post=116065"}],"curies":[{"name":"wp","href":"https:\/\/api.w.org\/{rel}","templated":true}]}}