{"id":1160673,"date":"2026-09-01T07:39:14","date_gmt":"2026-09-01T07:39:14","guid":{"rendered":"https:\/\/www.europesays.com\/fr\/1160673\/"},"modified":"2026-09-01T07:39:14","modified_gmt":"2026-09-01T07:39:14","slug":"vinci-immobilier-grand-est-lance-les-travaux-de-son-programme-signature-trois-maisons-a-nancy","status":"publish","type":"post","link":"https:\/\/www.europesays.com\/fr\/1160673\/","title":{"rendered":"Vinci Immobilier Grand Est lance les travaux de son programme \u00abSignature &#8211; Trois Maisons\u00bb \u00e0 Nancy"},"content":{"rendered":"<p>R\u00e9habilitation en cours d\u2019un ancien site industriel du 59 rue Charles-Keller \u00e0 Nancy ! Vinci Immobilier vient de d\u00e9buter cette vaste op\u00e9ration dans le cadre de son programme \u00abSignature &#8211; Trois Maisons\u00bb.\u00a0<\/p>\n<p>\u00c0 terme pr\u00e8s de 80 nouveaux appartements devraient prendre place dans deux immeubles distincts le tout dans un environnement v\u00e9g\u00e9talis\u00e9 annonc\u00e9.\u00a0<\/p>\n<p>Les b\u00e2timents, situ\u00e9s du 59 au 72 de la rue Charles-Keller seront \u00e9galement r\u00e9habilit\u00e9s pour accueillir des logements sociaux en lien avec bailleur Vivest.\u00a0<\/p>\n<p>Au total, le chantier devrait durer deux ans pour une livraison fin 2028 !\u00a0<\/p>\n","protected":false},"excerpt":{"rendered":"R\u00e9habilitation en cours d\u2019un ancien site industriel du 59 rue Charles-Keller \u00e0 Nancy ! Vinci Immobilier vient de&hellip;\n","protected":false},"author":2,"featured_media":1160674,"comment_status":"","ping_status":"","sticky":false,"template":"","format":"standard","meta":{"footnotes":"","_share_on_mastodon":"0"},"categories":[9635],"tags":[1111,11,1777,674,1011,27,775,1702,12,5781,25],"class_list":["post-1160673","post","type-post","status-publish","format-standard","has-post-thumbnail","category-nancy","tag-actu","tag-actualites","tag-eu","tag-europe","tag-fr","tag-france","tag-grand-est","tag-nancy","tag-news","tag-rehabilitation","tag-republique-francaise"],"share_on_mastodon":{"url":"https:\/\/pubeurope.com\/@fr\/117194651265266601","error":""},"_links":{"self":[{"href":"https:\/\/www.europesays.com\/fr\/wp-json\/wp\/v2\/posts\/1160673","targetHints":{"allow":["GET"]}}],"collection":[{"href":"https:\/\/www.europesays.com\/fr\/wp-json\/wp\/v2\/posts"}],"about":[{"href":"https:\/\/www.europesays.com\/fr\/wp-json\/wp\/v2\/types\/post"}],"author":[{"embeddable":true,"href":"https:\/\/www.europesays.com\/fr\/wp-json\/wp\/v2\/users\/2"}],"replies":[{"embeddable":true,"href":"https:\/\/www.europesays.com\/fr\/wp-json\/wp\/v2\/comments?post=1160673"}],"version-history":[{"count":0,"href":"https:\/\/www.europesays.com\/fr\/wp-json\/wp\/v2\/posts\/1160673\/revisions"}],"wp:featuredmedia":[{"embeddable":true,"href":"https:\/\/www.europesays.com\/fr\/wp-json\/wp\/v2\/media\/1160674"}],"wp:attachment":[{"href":"https:\/\/www.europesays.com\/fr\/wp-json\/wp\/v2\/media?parent=1160673"}],"wp:term":[{"taxonomy":"category","embeddable":true,"href":"https:\/\/www.europesays.com\/fr\/wp-json\/wp\/v2\/categories?post=1160673"},{"taxonomy":"post_tag","embeddable":true,"href":"https:\/\/www.europesays.com\/fr\/wp-json\/wp\/v2\/tags?post=1160673"}],"curies":[{"name":"wp","href":"https:\/\/api.w.org\/{rel}","templated":true}]}}