{"id":116069,"date":"2025-05-21T05:25:10","date_gmt":"2025-05-21T05:25:10","guid":{"rendered":"https:\/\/www.europesays.com\/fr\/116069\/"},"modified":"2025-05-21T05:25:10","modified_gmt":"2025-05-21T05:25:10","slug":"le-parti-renaissance-souhaite-interdire-le-voile-pour-les-moins-de-15-ans-et-prone-une-deuxieme-loi-separatisme","status":"publish","type":"post","link":"https:\/\/www.europesays.com\/fr\/116069\/","title":{"rendered":"Le parti Renaissance souhaite interdire le voile pour les moins de 15 ans et pr\u00f4ne \u00abune deuxi\u00e8me loi s\u00e9paratisme\u00bb"},"content":{"rendered":"<p>Face \u00e0 une \u00abrigorisation de la pratique religieuse\u00bb, le parti pr\u00e9sidentiel souhaite adopter une deuxi\u00e8me loi s\u00e9paratisme nomm\u00e9e \u00abloi contre l\u2019entrisme islamisme\u00bb.<\/p>\n<p class=\"fig-paragraph\">Renaissance, dirig\u00e9 par Gabriel Attal,\u00a0<a href=\"http:\/\/www.lefigaro.fr\/actualite-france\/face-a-l-offensive-des-freres-musulmans-l-etat-veut-frapper-tous-azimuts-20250520\" data-fig-type=\"Article\" data-gtm-custom-categorie=\"navigation\" data-gtm-custom-action=\"crossclick\" data-gtm-custom-label=\"Contextuel\" data-gtm-event=\"customEventSPE\" data-fig-domain=\"LEFIGARO\" target=\"_blank\" rel=\"noopener\">souhaite interdire le voile<\/a>\u00a0dans l&rsquo;espace public pour les mineures de moins de quinze ans, et pr\u00f4ne une \u00abdeuxi\u00e8me loi s\u00e9paratisme\u00bb apr\u00e8s celle adopt\u00e9e en 2021, a-t-on appris mardi aupr\u00e8s du parti, confirmant une information du Parisien. Un rapport sur les Fr\u00e8res musulmans\u00a0<a href=\"http:\/\/www.lefigaro.fr\/politique\/entrisme-des-freres-musulmans-leur-objectif-est-de-faire-basculer-toute-la-societe-francaise-dans-la-charia-met-en-garde-bruno-retailleau-20250520\" data-fig-type=\"NewsFlash\" data-gtm-custom-categorie=\"navigation\" data-gtm-custom-action=\"crossclick\" data-gtm-custom-label=\"Contextuel\" data-gtm-event=\"customEventSPE\" data-fig-domain=\"LEFIGARO\" target=\"_blank\" rel=\"noopener\">command\u00e9 par le gouvernement<\/a>\u00a0et\u00a0<a href=\"http:\/\/www.lefigaro.fr\/actualite-france\/reseaux-tentaculaires-organisation-secrete-quartiers-islamises-le-rapport-choc-sur-les-freres-musulmans-qui-veulent-instaurer-la-charia-en-france-20250520\" data-fig-type=\"Article\" data-gtm-custom-categorie=\"navigation\" data-gtm-custom-action=\"crossclick\" data-gtm-custom-label=\"Contextuel\" data-gtm-event=\"customEventSPE\" data-fig-domain=\"LEFIGARO\" target=\"_blank\" rel=\"noopener\">r\u00e9v\u00e9l\u00e9 par Le Figaro<\/a>, pointe une \u00abmenace pour la coh\u00e9sion nationale\u00bb avec le d\u00e9veloppement d&rsquo;un islamisme \u00abpar le bas\u00bb, au niveau des municipalit\u00e9s, selon le texte qui doit \u00eatre examin\u00e9 mercredi en Conseil de d\u00e9fense.<\/p>\n<p class=\"fig-paragraph\">Les auteurs de ce texte s&rsquo;inqui\u00e8tent notamment d&rsquo;une \u00abrigorisation de la pratique religieuse\u00bb, avec une \u00abexplosion du nombre de jeunes filles portant une abaya et l&rsquo;augmentation massive et visible de petites filles portant le voile\u00bb. Ph\u00e9nom\u00e8ne touchant des jeunes filles \u00abparfois [\u00e2g\u00e9es de] 5-6 ans\u00bb, qui \u00abappara\u00eet soutenu par un puissant r\u00e9seau wahhabo-salafiste\u00bb.<\/p>\n<p>\u00abLoi contre l\u2019entrisme islamiste\u00bb<\/p>\n<p class=\"fig-paragraph\">Renaissance propose en cons\u00e9quence \u00abpour les mineurs de moins de 15 ans, d&rsquo;interdire le port du voile dans l&rsquo;espace public, notamment car cela porte gravement atteinte \u00e0 l&rsquo;\u00e9galit\u00e9 homme-femmes et \u00e0 la protection de l&rsquo;enfance\u00bb. Le parti, qui tiendra lundi une convention th\u00e9matique sur les questions r\u00e9galiennes, souhaite instaurer \u00abun d\u00e9lit de contrainte au port du voile contre les parents qui contraindraient leurs jeunes filles mineures \u00e0 porter le voile\u00bb. Renaissance pr\u00e9conise par ailleurs l&rsquo;adoption d&rsquo;une \u00abdeuxi\u00e8me loi s\u00e9paratisme appel\u00e9e \u201cloi contre l&rsquo;entrisme islamiste\u201d\u00bb, apr\u00e8s celle adopt\u00e9e en 2021, port\u00e9e par le ministre de l&rsquo;Int\u00e9rieur de l&rsquo;\u00e9poque, G\u00e9rald Darmanin.<\/p>\n<p class=\"fig-paragraph\">Ce texte porterait la cr\u00e9ation d&rsquo;un \u00abd\u00e9lit de communautarisme qui compl\u00e8tera le d\u00e9lit de s\u00e9paratisme\u00bb, \u00absanctionnant l&rsquo;appel \u00e0 refuser les lois de la R\u00e9publique ou la volont\u00e9 d&rsquo;imposer dans un territoire ou une association des r\u00e8gles contraires \u00e0 celles de la R\u00e9publique\u00bb. Renaissance tient lundi la premi\u00e8re restitution des conventions th\u00e9matiques initi\u00e9es par Gabriel Attal, qui dirige le parti depuis d\u00e9cembre. Les sujets \u00e9conomiques et sociaux feront l&rsquo;objet d&rsquo;une convention le 10 juin. Celle consacr\u00e9e \u00e0 l&rsquo;\u00e9cologie est pr\u00e9vue fin juin.<\/p>\n","protected":false},"excerpt":{"rendered":"Face \u00e0 une \u00abrigorisation de la pratique religieuse\u00bb, le parti pr\u00e9sidentiel souhaite adopter une deuxi\u00e8me loi s\u00e9paratisme nomm\u00e9e&hellip;\n","protected":false},"author":2,"featured_media":116070,"comment_status":"","ping_status":"","sticky":false,"template":"","format":"standard","meta":{"footnotes":""},"categories":[2],"tags":[11,426,427,422,423,1011,27,418,424,425,420,421,12,419,316,429,3370,25,428,3223],"class_list":{"0":"post-116069","1":"post","2":"type-post","3":"status-publish","4":"format-standard","5":"has-post-thumbnail","7":"category-actualites","8":"tag-actualites","9":"tag-candidat","10":"tag-candidats","11":"tag-depute","12":"tag-deputes","13":"tag-fr","14":"tag-france","15":"tag-gouvernement","16":"tag-institution","17":"tag-institutions","18":"tag-loi","19":"tag-lois","20":"tag-news","21":"tag-opposition","22":"tag-politique","23":"tag-ps","24":"tag-renaissance","25":"tag-republique-francaise","26":"tag-ump","27":"tag-voile-islamique"},"share_on_mastodon":{"url":"https:\/\/pubeurope.com\/@fr\/114544163290321416","error":""},"_links":{"self":[{"href":"https:\/\/www.europesays.com\/fr\/wp-json\/wp\/v2\/posts\/116069","targetHints":{"allow":["GET"]}}],"collection":[{"href":"https:\/\/www.europesays.com\/fr\/wp-json\/wp\/v2\/posts"}],"about":[{"href":"https:\/\/www.europesays.com\/fr\/wp-json\/wp\/v2\/types\/post"}],"author":[{"embeddable":true,"href":"https:\/\/www.europesays.com\/fr\/wp-json\/wp\/v2\/users\/2"}],"replies":[{"embeddable":true,"href":"https:\/\/www.europesays.com\/fr\/wp-json\/wp\/v2\/comments?post=116069"}],"version-history":[{"count":0,"href":"https:\/\/www.europesays.com\/fr\/wp-json\/wp\/v2\/posts\/116069\/revisions"}],"wp:featuredmedia":[{"embeddable":true,"href":"https:\/\/www.europesays.com\/fr\/wp-json\/wp\/v2\/media\/116070"}],"wp:attachment":[{"href":"https:\/\/www.europesays.com\/fr\/wp-json\/wp\/v2\/media?parent=116069"}],"wp:term":[{"taxonomy":"category","embeddable":true,"href":"https:\/\/www.europesays.com\/fr\/wp-json\/wp\/v2\/categories?post=116069"},{"taxonomy":"post_tag","embeddable":true,"href":"https:\/\/www.europesays.com\/fr\/wp-json\/wp\/v2\/tags?post=116069"}],"curies":[{"name":"wp","href":"https:\/\/api.w.org\/{rel}","templated":true}]}}