{"id":1160707,"date":"2026-09-01T08:07:11","date_gmt":"2026-09-01T08:07:11","guid":{"rendered":"https:\/\/www.europesays.com\/fr\/1160707\/"},"modified":"2026-09-01T08:07:11","modified_gmt":"2026-09-01T08:07:11","slug":"festival-expositions-dart-et-spectacles-de-rue-vont-envahir-ce-petit-village-situe-entre-toulouse-et-carcassonne","status":"publish","type":"post","link":"https:\/\/www.europesays.com\/fr\/1160707\/","title":{"rendered":"Festival : expositions d\u2019art et spectacles de rue vont envahir ce petit village situ\u00e9 entre Toulouse et Carcassonne"},"content":{"rendered":"<p>                    Par<br \/>\n        <strong><br \/>\n            <a href=\"https:\/\/actu.fr\/auteur\/valentine-gaxieu-actu-fr\" title=\"Consulter tous les articles de Valentine Gaxieu\" rel=\"nofollow noopener\" target=\"_blank\">Valentine Gaxieu<\/a><br \/>\n                    <\/strong><\/p>\n<p>        Publi\u00e9 le<\/p>\n<p>            1 sept. 2026 \u00e0 10h01        <\/p>\n<p>Comme chaque ann\u00e9e depuis maintenant sept ans, le village de <a href=\"https:\/\/actu.fr\/occitanie\/saint-michel-de-lanes_11359\" rel=\"nofollow noopener\" target=\"_blank\">Saint-Michel-de-Lan\u00e8s<\/a>, situ\u00e9 entre <a href=\"https:\/\/actu.fr\/occitanie\/villefranche-de-lauragais_31582\" rel=\"nofollow noopener\" target=\"_blank\">Villefranche-de-Lauragais<\/a> et <a href=\"https:\/\/actu.fr\/occitanie\/castelnaudary_11076\" rel=\"nofollow noopener\" target=\"_blank\">Castelnaudary<\/a>, se m\u00e9tamorphose \u00e0 l\u2019occasion du <b>festival Saint-Michel de l\u2019art<\/b>. Durant toute la journ\u00e9e du samedi 5\u00a0septembre 2026, des <b>a<\/b><b>rtistes locaux<\/b> \u2013 professionnels comme amateurs -, en collaboration avec l\u2019association La Mar\u00e8la, <b>envahiront les ruelles<\/b> du village audois. Une journ\u00e9e qui sera aussi rythm\u00e9e par de <b>nombreux spectacles de rue<\/b> pour petits et grands. On vous d\u00e9taille le programme.<\/p>\n<p>Soir\u00e9e d\u2019ouverture<\/p>\n<p class=\" wall-content\">Le public est d\u2019abord convi\u00e9 \u00e0 la soir\u00e9e d\u2019ouverture, pr\u00e9vue le vendredi 4\u00a0septembre, \u00e0 19\u2009h. La compagnie \u00e9mergente <b>Collectif un c\u00e9tac\u00e9<\/b>\u00a0ouvrira les festivit\u00e9s avec son spectacle La Boutique.<\/p>\n<p class=\" wall-content\">Apr\u00e8s la pause repas, la soir\u00e9e se conclura en musique avec le spectacle de <b>fanfare de rue<\/b> Enfin libres\u2009! de la compagnie des Fr\u00e8res locomotive, \u00e0 21\u2009h\u200930.<\/p>\n<p>Journ\u00e9e d\u2019animations et d\u2019expositions<\/p>\n<p class=\" wall-content\">Le lendemain, de 11\u2009h \u00e0 19\u2009h, des artistes issus du village s\u2019empareront de ses ruelles et de ses espaces verts pour <b>exposer et vendre leurs cr\u00e9ations<\/b>. Le panel de choix promet d\u2019\u00eatre large. Parmi les exposants annonc\u00e9s, un vitrailliste, un po\u00e8te sur tissu, des plasticiens, des photographes ou encore des peintres.<\/p>\n<p class=\" wall-content\">En parall\u00e8le, <b>diff\u00e9rentes animations<\/b> seront propos\u00e9es au public tout le long de la journ\u00e9e, comme de la danse ou encore des spectacles de clown et de marionnettes. Toutes d\u00e9taill\u00e9es ci-dessous.<\/p>\n<p>Vid\u00e9os : en ce moment sur ActuTout le programme<\/p>\n<p>Vendredi 4\u00a0septembre\u2009:&#13;<br \/>&#8211; \u00ab\u2009La Boutique\u2009\u00bb de la compagnie Collectif un c\u00e9tac\u00e9 \u00e0 19\u2009h (45\u00a0minutes \/ tout public)&#13;<br \/>&#8211; Fanfare toto \u00ab\u2009Enfin libres\u2009!\u2009\u00bb des Fr\u00e8res locomotive, \u00e0 21\u2009h (1\u2009h\u200930 \/ tout public)&#13;<\/p>\n<p>Samedi 5\u00a0septembre\u2009:&#13;<br \/>&#8211; \u00ab\u2009Boum Taka Toum\u2009\u00bb de Shahar Itzahaki \u00e0 11\u2009h (30\u00a0minutes \/ d\u00e8s 4\u00a0ans)&#13;<br \/>&#8211; Malou &amp; Liisa (duo accord\u00e9on &#8211; saxo) \u00e0 12\u2009h (60\u00a0minutes \/ tout public)&#13;<br \/>&#8211; \u00ab\u2009P\u00e9tillant mais pas trop\u2009\u00bb de la Compagnie Bombinoff\u00a0\u00e0 15\u2009h (45\u00a0minutes \/ tout public)&#13;<br \/>&#8211; \u00ab\u2009La Recomposition des mondes\u2009\u00bb de la compagnie des Philosophe barbares \u00e0 15\u2009h (65\u00a0minutes \/ d\u00e8s 12\u00a0ans)&#13;<br \/>&#8211; \u00ab\u2009\u00c7a va mal finir\u2009\u00bb du collectif Chacun pour soi \u00e0 16\u2009h\u200930 (50\u00a0minutes \/ tout public)&#13;<br \/>&#8211; \u00ab\u2009Fibre\u2009\u00bb de la compagnie Dakipaya Danza \u00e0 16\u2009h\u200930 (35\u00a0minutes \/ tout public)&#13;<br \/>&#8211; \u00ab\u2009Bal Familial\u2009\u00bb de L\u00e9onLinette \u00e0 17\u2009h\u200930 (50\u00a0minutes \/ tout public)&#13;<br \/>&#8211; \u00ab\u2009Paul &amp; Max\u2009\u00bb de la compagnie Eliane \u00e0 18\u2009h\u200930 (50\u00a0minutes \/ tout public)&#13;<br \/>&#8211; DJ Thomas Simao de 17\u2009h\u200930 \u00e0 20\u2009h\u200930 (tout public)&#13;<br \/>&#8211; Concert de Johnny Makam \u00e0 21\u2009h\u200930 (tout public)&#13;<br \/>&#8211; Concert de Tanuki Boom Box \u00e0 23\u2009h (tout public)<\/p>\n<p class=\" wall-content\">Le festival se poursuivra par un <b>ap\u00e9ro et une soir\u00e9e DJ <\/b>set anim\u00e9e par Thomas Simao, de 17\u2009h\u200930 \u00e0 21\u2009h. Deux concerts cl\u00f4tureront ensuite la soir\u00e9e\u2009: le saxophoniste <b>Johnny Makam<\/b> \u00e0 21\u2009h\u200930 et <b>Tanuki Juke Box<\/b> (\u00e9lectro, hip-hop, saxo, musique du monde\u2026) \u00e0 23\u2009h.<\/p>\n<p><b>Infos pratiques<\/b><br \/>Festival Saint-Michel de l\u2019art, \u00e0 Saint-Michel-de-Lan\u00e8s<br \/>Les vendredi\u00a04 et samedi 5\u00a0septembre<br \/>Prix d\u2019entr\u00e9e minimum (les visiteurs sont invit\u00e9s \u00e0 donner plus selon leurs moyens). Vendredi (concert et spectacle)\u2009: 5\u00a0\u20ac et gratuit pour les moins de 18\u00a0ans. Samedi\u2009: 8\u00a0\u20ac la journ\u00e9e \/ 5\u00a0\u20ac tarif r\u00e9duit (\u00e9tudiants et minima sociaux) \/ gratuit pour les moins de 18\u00a0ans<\/p>\n<p class=\" wall-content\">Personnalisez votre actualit\u00e9 en ajoutant vos villes et m\u00e9dias en favori avec <a href=\"https:\/\/moncompte.actu.fr\" title=\"D\u00e9couvez Mon Actu\" rel=\"nofollow noopener\" data-trk=\"{&quot;cta&quot;:{&quot;action&quot;:&quot;https:\\\/\\\/moncompte.actu.fr&quot;,&quot;category&quot;:&quot;mon compte&quot;,&quot;from&quot;:&quot;article footer&quot;,&quot;name&quot;:&quot;Mon actu&quot;,&quot;type&quot;:&quot;cta&quot;}}\" target=\"_blank\">Mon Actu<\/a>.<\/p>\n","protected":false},"excerpt":{"rendered":"Par Valentine Gaxieu Publi\u00e9 le 1 sept. 2026 \u00e0 10h01 Comme chaque ann\u00e9e depuis maintenant sept ans, le&hellip;\n","protected":false},"author":2,"featured_media":1160708,"comment_status":"","ping_status":"","sticky":false,"template":"","format":"standard","meta":{"footnotes":"","_share_on_mastodon":"0"},"categories":[2816],"tags":[1111,11,1063,1477,1697,1777,674,1011,27,1652,12,2680,25,2312],"class_list":["post-1160707","post","type-post","status-publish","format-standard","has-post-thumbnail","category-toulouse","tag-actu","tag-actualites","tag-animations","tag-artisanat","tag-concert","tag-eu","tag-europe","tag-fr","tag-france","tag-loisirs-culture","tag-news","tag-occitanie","tag-republique-francaise","tag-toulouse"],"share_on_mastodon":{"url":"","error":""},"_links":{"self":[{"href":"https:\/\/www.europesays.com\/fr\/wp-json\/wp\/v2\/posts\/1160707","targetHints":{"allow":["GET"]}}],"collection":[{"href":"https:\/\/www.europesays.com\/fr\/wp-json\/wp\/v2\/posts"}],"about":[{"href":"https:\/\/www.europesays.com\/fr\/wp-json\/wp\/v2\/types\/post"}],"author":[{"embeddable":true,"href":"https:\/\/www.europesays.com\/fr\/wp-json\/wp\/v2\/users\/2"}],"replies":[{"embeddable":true,"href":"https:\/\/www.europesays.com\/fr\/wp-json\/wp\/v2\/comments?post=1160707"}],"version-history":[{"count":0,"href":"https:\/\/www.europesays.com\/fr\/wp-json\/wp\/v2\/posts\/1160707\/revisions"}],"wp:featuredmedia":[{"embeddable":true,"href":"https:\/\/www.europesays.com\/fr\/wp-json\/wp\/v2\/media\/1160708"}],"wp:attachment":[{"href":"https:\/\/www.europesays.com\/fr\/wp-json\/wp\/v2\/media?parent=1160707"}],"wp:term":[{"taxonomy":"category","embeddable":true,"href":"https:\/\/www.europesays.com\/fr\/wp-json\/wp\/v2\/categories?post=1160707"},{"taxonomy":"post_tag","embeddable":true,"href":"https:\/\/www.europesays.com\/fr\/wp-json\/wp\/v2\/tags?post=1160707"}],"curies":[{"name":"wp","href":"https:\/\/api.w.org\/{rel}","templated":true}]}}