{"id":1160718,"date":"2026-09-01T08:15:20","date_gmt":"2026-09-01T08:15:20","guid":{"rendered":"https:\/\/www.europesays.com\/fr\/1160718\/"},"modified":"2026-09-01T08:15:20","modified_gmt":"2026-09-01T08:15:20","slug":"lyon-un-homme-tue-a-larme-blanche-a-gerland-un-suspect-interpelle","status":"publish","type":"post","link":"https:\/\/www.europesays.com\/fr\/1160718\/","title":{"rendered":"Lyon : un homme tu\u00e9 \u00e0 l\u2019arme blanche \u00e0 Gerland, un suspect interpell\u00e9"},"content":{"rendered":"<p itemprop=\"description\"><strong>Un homme est mort dans la nuit de lundi \u00e0 mardi apr\u00e8s avoir \u00e9t\u00e9 poignard\u00e9 dans le quartier de Gerland, \u00e0 Lyon. Un suspect a \u00e9t\u00e9 interpell\u00e9 peu apr\u00e8s les faits gr\u00e2ce aux t\u00e9moignages recueillis par les policiers.<\/strong><\/p>\n<p>Une violente agression mortelle s\u2019est produite dans la nuit du 31 ao\u00fbt au 1er septembre dans le 7e arrondissement de Lyon.<\/p>\n<p>Vers 3h, un homme a \u00e9t\u00e9 retrouv\u00e9 gri\u00e8vement bless\u00e9 rue Jean-Jaur\u00e8s, \u00e0 proximit\u00e9 du stade de Gerland. Selon les premiers \u00e9l\u00e9ments, il aurait re\u00e7u plusieurs coups de couteau, notamment au niveau de la gorge.<\/p>\n<p>Malgr\u00e9 l\u2019intervention des secours, la victime est d\u00e9c\u00e9d\u00e9e sur place. Il s\u2019agirait d\u2019un homme sans domicile fixe.<\/p>\n<p>Les t\u00e9moignages recueillis dans la foul\u00e9e par les forces de l&rsquo;ordre ont rapidement orient\u00e9 les forces de l\u2019ordre vers un suspect. Celui-ci a \u00e9t\u00e9 interpell\u00e9 peu apr\u00e8s rue Gouy, toujours dans le quartier de Gerland, pr\u00e8s de la station de m\u00e9tro Debourg.<\/p>\n<p>Un diff\u00e9rend entre les deux hommes pourrait \u00eatre \u00e0 l\u2019origine des faits. Sa nature reste \u00e0 d\u00e9terminer.<\/p>\n","protected":false},"excerpt":{"rendered":"Un homme est mort dans la nuit de lundi \u00e0 mardi apr\u00e8s avoir \u00e9t\u00e9 poignard\u00e9 dans le quartier&hellip;\n","protected":false},"author":2,"featured_media":1160719,"comment_status":"","ping_status":"","sticky":false,"template":"","format":"standard","meta":{"footnotes":"","_share_on_mastodon":"0"},"categories":[1889],"tags":[1111,11,2813,2190,2430,1109,251,1112,2811,1777,674,118,1011,27,1922,1110,1114,2428,2810,12,241,316,25,2812,517,800],"class_list":["post-1160718","post","type-post","status-publish","format-standard","has-post-thumbnail","category-lyon","tag-actu","tag-actualites","tag-article","tag-asvel","tag-auvergne-rhone-alpes","tag-breves","tag-culture","tag-depeches","tag-economique","tag-eu","tag-europe","tag-faits-divers","tag-fr","tag-france","tag-info","tag-informations","tag-infos","tag-lyon","tag-lyonmag","tag-news","tag-ol","tag-politique","tag-republique-francaise","tag-sociale","tag-sport","tag-transports"],"share_on_mastodon":{"url":"https:\/\/pubeurope.com\/@fr\/117194792847267420","error":""},"_links":{"self":[{"href":"https:\/\/www.europesays.com\/fr\/wp-json\/wp\/v2\/posts\/1160718","targetHints":{"allow":["GET"]}}],"collection":[{"href":"https:\/\/www.europesays.com\/fr\/wp-json\/wp\/v2\/posts"}],"about":[{"href":"https:\/\/www.europesays.com\/fr\/wp-json\/wp\/v2\/types\/post"}],"author":[{"embeddable":true,"href":"https:\/\/www.europesays.com\/fr\/wp-json\/wp\/v2\/users\/2"}],"replies":[{"embeddable":true,"href":"https:\/\/www.europesays.com\/fr\/wp-json\/wp\/v2\/comments?post=1160718"}],"version-history":[{"count":0,"href":"https:\/\/www.europesays.com\/fr\/wp-json\/wp\/v2\/posts\/1160718\/revisions"}],"wp:featuredmedia":[{"embeddable":true,"href":"https:\/\/www.europesays.com\/fr\/wp-json\/wp\/v2\/media\/1160719"}],"wp:attachment":[{"href":"https:\/\/www.europesays.com\/fr\/wp-json\/wp\/v2\/media?parent=1160718"}],"wp:term":[{"taxonomy":"category","embeddable":true,"href":"https:\/\/www.europesays.com\/fr\/wp-json\/wp\/v2\/categories?post=1160718"},{"taxonomy":"post_tag","embeddable":true,"href":"https:\/\/www.europesays.com\/fr\/wp-json\/wp\/v2\/tags?post=1160718"}],"curies":[{"name":"wp","href":"https:\/\/api.w.org\/{rel}","templated":true}]}}