{"id":1160730,"date":"2026-09-01T08:25:16","date_gmt":"2026-09-01T08:25:16","guid":{"rendered":"https:\/\/www.europesays.com\/fr\/1160730\/"},"modified":"2026-09-01T08:25:16","modified_gmt":"2026-09-01T08:25:16","slug":"guerre-en-ukraine-une-attaque-russe-massive-fait-9-morts-a-kiev-et-dans-sa-region","status":"publish","type":"post","link":"https:\/\/www.europesays.com\/fr\/1160730\/","title":{"rendered":"Guerre en Ukraine\u00a0: une attaque russe \u201cmassive\u201d fait 9\u00a0morts \u00e0 Kiev et dans sa r\u00e9gion"},"content":{"rendered":"<p>                   <img fetchpriority=\"high\" decoding=\"async\" class=\"mx-auto\" src=\"data:image\/svg+xml,%3Csvg%20xmlns%3D%27http%3A%2F%2Fwww.w3.org%2F2000%2Fsvg%27%20fill%3D%22%23e4e4e4%22%20viewBox%3D%270%200%20510%20340%27%20width%3D%22510%22%20height%3D%22340%22%3E%3Cpath%20d%3D%27M0%200h510v340H0z%27%2F%3E%3C%2Fsvg%3E\"  loading=\"eager\" width=\"510\" height=\"340\" data-oncrawl-image-size=\"510x340\" alt=\"Un v\u00e9hicule de d\u00e9minage t\u00e9l\u00e9command\u00e9 sur les lieux d\u2019une attaque russe contre un d\u00e9p\u00f4t de munitions \u00e0 Myla, en r\u00e9gion de Kiev, en Ukraine, le 31\u00a0ao\u00fbt 2026.\"\/>      <\/p>\n<p class=\"latino-100m text-grey-600\">  Un v\u00e9hicule de d\u00e9minage t\u00e9l\u00e9command\u00e9 sur les lieux d\u2019une attaque russe contre un d\u00e9p\u00f4t de munitions \u00e0 Myla, en r\u00e9gion de Kiev, en Ukraine, le 31\u00a0ao\u00fbt 2026.\u00a0VOLODYMYR TARASOV\/UKRINFORM\/SIPA  <\/p>\n<p class=\"node__paragraphe antonia-750r text-grey-800 pb-24 pb-md-32\"> La Russie continue de bombarder, inlassablement, l\u2019Ukraine. Une attaque \u00ab\u00a0massive\u00a0\u00bb de missiles balistiques et de drones russes a tu\u00e9 au moins neuf personnes \u00e0 Kiev et dans sa r\u00e9gion, dont sept dans un d\u00e9p\u00f4t ferroviaire de la capitale, ont fait savoir ce mardi 1\u1d49\u02b3 septembre au matin les autorit\u00e9s ukrainiennes. <\/p>\n<p class=\"node__paragraphe antonia-750r text-grey-800 pb-24 pb-md-32\"> Dans le m\u00eame temps, le gouverneur de la r\u00e9gion russe de Leningrad a annonc\u00e9 qu\u2019un incendie s\u2019est d\u00e9clar\u00e9 dans l\u2019important port d\u2019Oust-Louga, sur le golfe de Finlande, vis\u00e9 par une attaque de drones. <\/p>\n<p>                                       \u2022 Huit morts et sept bless\u00e9s, dont trois enfants                              <\/p>\n<p class=\"node__paragraphe antonia-750r text-grey-800 pb-24 pb-md-32\"> Une nouvelle attaque russe meurtri\u00e8re en Ukraine, apr\u00e8s <a href=\"https:\/\/www.nouvelobs.com\/monde\/20260829.OBS117770\/au-moins-37-morts-apres-une-frappe-russe-sur-un-depot-de-munitions-pres-de-kiev-ce-que-l-on-sait.html\" rel=\"nofollow noopener\" target=\"_blank\">la frappe qui avait fait 38\u00a0morts dans la nuit du 28\u00a0au 29\u00a0ao\u00fbt<\/a>. \u00ab\u00a0La frappe balistique a co\u00fbt\u00e9 la vie \u00e0 sept personnes, dont six \u00e9taient nos employ\u00e9s. Un coll\u00e8gue est \u00e0 l\u2019h\u00f4pital, bless\u00e9\u00a0\u00bb, a \u00e9crit le chef des chemins de fer ukrainiens Oleksandr Pertsovskyi sur Facebook, faisant \u00e9galement \u00e9tat d\u2019\u00ab\u00a0importants d\u00e9g\u00e2ts\u00a0\u00bb. <\/p>\n<p class=\"node__paragraphe antonia-750r text-grey-800 pb-24 pb-md-32\"> Plus t\u00f4t dans la nuit, des journalistes de l\u2019AFP avaient entendu une dizaine de fortes explosions cons\u00e9cutives et vu des \u00e9clairs dans le ciel de la capitale ukrainienne, apr\u00e8s une alerte aux missiles balistiques \u00e9mise par l\u2019arm\u00e9e. <\/p>\n<p class=\"node__paragraphe antonia-750r text-grey-800 pb-24 pb-md-32\"> L\u2019administration militaire de la capitale a fait \u00e9tat d\u2019un total de huit morts et sept bless\u00e9s, dont trois enfants, au cours de la nuit. L\u2019arm\u00e9e russe a men\u00e9 \u00ab\u00a0une attaque massive de missiles et drones de combat\u00a0\u00bb et cibl\u00e9 \u00ab\u00a0d\u00e9lib\u00e9r\u00e9ment des installations civiles et des b\u00e2timents r\u00e9sidentiels\u00a0\u00bb, a indiqu\u00e9 Tymour Tkatchenko, qui dirige l\u2019administration militaire de la r\u00e9gion de Kiev qui entoure la capitale. <\/p>\n<p>                             \u2022 La Russie dit avoir vis\u00e9 des sites militaires                              <\/p>\n<p class=\"node__paragraphe antonia-750r text-grey-800 pb-24 pb-md-32\"> De son c\u00f4t\u00e9, le minist\u00e8re russe de la D\u00e9fense a annonc\u00e9 avoir men\u00e9 dans la nuit \u00ab\u00a0une frappe massive avec des armes de haute pr\u00e9cision \u00e0 longue port\u00e9e et des v\u00e9hicules a\u00e9riens de combat sans pilote\u00a0\u00bb. <\/p>\n<p class=\"node__paragraphe antonia-750r text-grey-800 pb-24 pb-md-32\"> Selon le minist\u00e8re, les forces russes ont bombard\u00e9 \u00ab\u00a0des entreprises du complexe militaro-industriel ainsi que du secteur du combustible et de l\u2019\u00e9nergie dans la ville de Kiev et la r\u00e9gion de Kiev, impliqu\u00e9es dans la production de syst\u00e8mes de missiles, de syst\u00e8mes sans pilote et de leurs composants, ainsi que dans l\u2019approvisionnement en carburant des Forces arm\u00e9es de l\u2019Ukraine\u00a0\u00bb. <\/p>\n<p class=\"node__paragraphe antonia-750r text-grey-800 pb-24 pb-md-32\"> Le minist\u00e8re a \u00e9galement annonc\u00e9 avoir attaqu\u00e9 des infrastructures dans les ports ukrainiens d\u2019Odessa et Tchornomorsk (sud). <\/p>\n<p>                             \u2022 Attaque ukrainienne contre un port strat\u00e9gique russe                              <\/p>\n<p class=\"node__paragraphe antonia-750r text-grey-800 pb-24 pb-md-32\"> En Russie, un incendie s\u2019est d\u00e9clar\u00e9 dans l\u2019important port d\u2019Oust-Louga, sur le golfe de Finlande, vis\u00e9 par une attaque de drones, a annonc\u00e9 mardi le gouverneur de la r\u00e9gion de L\u00e9ningrad, Alexandre Drozdenko. <\/p>\n<p class=\"node__paragraphe antonia-750r text-grey-800 pb-24 pb-md-32\"> \u00ab\u00a0Des d\u00e9g\u00e2ts ont \u00e9t\u00e9 constat\u00e9s dans la zone du port d\u2019Oust-Louga \u00e0 la suite de l\u2019attaque de drones, et un incendie est en cours\u00a0\u00bb, a \u00e9crit Alexandre Drozdenko sur Telegram. Il a ensuite indiqu\u00e9 que 52 drones ukrainiens avaient \u00e9t\u00e9 abattus dans la r\u00e9gion, et qu\u2019aucune victime n\u2019\u00e9tait signal\u00e9e. <\/p>\n<p class=\"node__paragraphe antonia-750r text-grey-800 pb-24 pb-md-32\"> Ce port, une infrastructure majeure pour les exportations russes d\u2019engrais, de p\u00e9trole et de charbon, a \u00e9t\u00e9 la cible d\u2019attaques r\u00e9p\u00e9t\u00e9es de drones ukrainiens ces derniers mois. <\/p>\n<p class=\"authors latino-600m text-grey-800\">        Par\u00a0 Le Nouvel Obs avec AFP<\/p>\n","protected":false},"excerpt":{"rendered":"Un v\u00e9hicule de d\u00e9minage t\u00e9l\u00e9command\u00e9 sur les lieux d\u2019une attaque russe contre un d\u00e9p\u00f4t de munitions \u00e0 Myla,&hellip;\n","protected":false},"author":2,"featured_media":1160731,"comment_status":"","ping_status":"","sticky":false,"template":"","format":"standard","meta":{"footnotes":"","_share_on_mastodon":"0"},"categories":[1591],"tags":[5734,5658,11,834,1887,1146,131,17350,74,5184,12,8013,1885,1886,132,220],"class_list":["post-1160730","post","type-post","status-publish","format-standard","has-post-thumbnail","category-russie","tag-5734","tag-5658","tag-actualites","tag-attaque","tag-federation-de-russie","tag-guerre","tag-guerre-en-ukraine","tag-massive","tag-monde","tag-morts","tag-news","tag-russe","tag-russia","tag-russian-federation","tag-russie","tag-ukraine"],"share_on_mastodon":{"url":"https:\/\/pubeurope.com\/@fr\/117194832396658953","error":""},"_links":{"self":[{"href":"https:\/\/www.europesays.com\/fr\/wp-json\/wp\/v2\/posts\/1160730","targetHints":{"allow":["GET"]}}],"collection":[{"href":"https:\/\/www.europesays.com\/fr\/wp-json\/wp\/v2\/posts"}],"about":[{"href":"https:\/\/www.europesays.com\/fr\/wp-json\/wp\/v2\/types\/post"}],"author":[{"embeddable":true,"href":"https:\/\/www.europesays.com\/fr\/wp-json\/wp\/v2\/users\/2"}],"replies":[{"embeddable":true,"href":"https:\/\/www.europesays.com\/fr\/wp-json\/wp\/v2\/comments?post=1160730"}],"version-history":[{"count":0,"href":"https:\/\/www.europesays.com\/fr\/wp-json\/wp\/v2\/posts\/1160730\/revisions"}],"wp:featuredmedia":[{"embeddable":true,"href":"https:\/\/www.europesays.com\/fr\/wp-json\/wp\/v2\/media\/1160731"}],"wp:attachment":[{"href":"https:\/\/www.europesays.com\/fr\/wp-json\/wp\/v2\/media?parent=1160730"}],"wp:term":[{"taxonomy":"category","embeddable":true,"href":"https:\/\/www.europesays.com\/fr\/wp-json\/wp\/v2\/categories?post=1160730"},{"taxonomy":"post_tag","embeddable":true,"href":"https:\/\/www.europesays.com\/fr\/wp-json\/wp\/v2\/tags?post=1160730"}],"curies":[{"name":"wp","href":"https:\/\/api.w.org\/{rel}","templated":true}]}}