{"id":1160733,"date":"2026-09-01T08:27:18","date_gmt":"2026-09-01T08:27:18","guid":{"rendered":"https:\/\/www.europesays.com\/fr\/1160733\/"},"modified":"2026-09-01T08:27:18","modified_gmt":"2026-09-01T08:27:18","slug":"etats-unis-amazon-accuse-davoir-secretement-gonfle-les-prix-de-ses-publicites","status":"publish","type":"post","link":"https:\/\/www.europesays.com\/fr\/1160733\/","title":{"rendered":"\u00c9tats-Unis : Amazon accus\u00e9 d\u2019avoir secr\u00e8tement gonfl\u00e9 les prix de ses publicit\u00e9s"},"content":{"rendered":"<p class=\"text-sm sm:text-base dark:text-brand-ink-foreground text-brand-ink mb-6 leading-snug text-justify\">La Federal Trade Commission (FTC) am\u00e9ricaine et les procureurs g\u00e9n\u00e9raux de 22 \u00c9tats ont d\u00e9pos\u00e9 une plainte contre Amazon, accusant le g\u00e9ant du commerce en ligne d\u2019avoir secr\u00e8tement gonfl\u00e9 les prix de ses publicit\u00e9s.<\/p>\n<p class=\"text-sm sm:text-base dark:text-brand-ink-foreground text-brand-ink mb-6 leading-snug text-justify\">Selon la plainte, le m\u00e9canisme aurait permis \u00e0 Amazon d\u2019extraire plus de 20 milliards de dollars aupr\u00e8s de ses clients publicitaires depuis 2019.<\/p>\n<p>Les chiffres \u00e0 retenir<\/p>\n<p class=\"text-sm sm:text-base dark:text-brand-ink-foreground text-brand-ink mb-6 leading-snug text-justify\">\u2022 22 \u00c9tats : nombre d\u2019\u00c9tats associ\u00e9s \u00e0 la plainte.<br \/>\u2022 +20 Md$ : montant que la FTC estime avoir \u00e9t\u00e9 pr\u00e9lev\u00e9 en trop aupr\u00e8s des annonceurs.<br \/>\u2022 1,2 million : nombre approximatif de clients publicitaires concern\u00e9s.<br \/>\u2022 68,6 Md$ : chiffre d\u2019affaires publicitaire d\u2019Amazon en 2025.<\/p>\n<p class=\"text-sm sm:text-base dark:text-brand-ink-foreground text-brand-ink mb-6 leading-snug text-justify\">Au c\u0153ur de l\u2019affaire figurent les ench\u00e8res utilis\u00e9es pour les Sponsored Products, Sponsored Brands et Sponsored Display. La FTC affirme qu\u2019Amazon a modifi\u00e9 son syst\u00e8me afin d\u2019imposer des prix minimums plus \u00e9lev\u00e9s sans en informer suffisamment les annonceurs. Plus de 500.000 petites et moyennes entreprises auraient \u00e9t\u00e9 concern\u00e9es.<\/p>\n<p class=\"text-sm sm:text-base dark:text-brand-ink-foreground text-brand-ink mb-6 leading-snug text-justify\">Le r\u00e9gulateur estime que ces pratiques ont non seulement augment\u00e9 les co\u00fbts support\u00e9s par les annonceurs, mais qu\u2019une partie de ces d\u00e9penses suppl\u00e9mentaires aurait ensuite \u00e9t\u00e9 r\u00e9percut\u00e9e sur les consommateurs \u00e0 travers les prix des produits. La FTC r\u00e9clame notamment une intervention judiciaire pour mettre fin aux pratiques d\u00e9nonc\u00e9es ainsi qu\u2019une compensation financi\u00e8re pour les annonceurs concern\u00e9s.<\/p>\n<p>Amazon conteste<\/p>\n<p class=\"text-sm sm:text-base dark:text-brand-ink-foreground text-brand-ink mb-6 leading-snug text-justify\">Amazon conteste fermement les accusations. Le groupe affirme que la plainte repose sur une interpr\u00e9tation erron\u00e9e de son fonctionnement publicitaire. Il souligne notamment que le co\u00fbt moyen par clic pour les annonceurs est rest\u00e9 stable entre 2019 et 2024 et affirme que le montant moyen des ench\u00e8res gagnantes pour les publicit\u00e9s de produits sponsoris\u00e9s a diminu\u00e9 de moiti\u00e9 sur cette p\u00e9riode.<\/p>\n<p class=\"text-sm sm:text-base dark:text-brand-ink-foreground text-brand-ink mb-6 leading-snug text-justify\">Cette nouvelle proc\u00e9dure constitue un nouveau front r\u00e9glementaire majeur pour Amazon aux \u00c9tats-Unis. Elle intervient apr\u00e8s plusieurs ann\u00e9es de pression accrue des autorit\u00e9s am\u00e9ricaines sur les pratiques commerciales et concurrentielles des grandes plateformes technologiques.<\/p>\n","protected":false},"excerpt":{"rendered":"La Federal Trade Commission (FTC) am\u00e9ricaine et les procureurs g\u00e9n\u00e9raux de 22 \u00c9tats ont d\u00e9pos\u00e9 une plainte contre&hellip;\n","protected":false},"author":2,"featured_media":1160734,"comment_status":"","ping_status":"","sticky":false,"template":"","format":"standard","meta":{"footnotes":"","_share_on_mastodon":"0"},"categories":[1589],"tags":[15033,11,98560,11660,340,343,98561,33,589,73,1866,526,1116,342,2554,98559,2112,12,2551,7879,2553,57611,137,1864,1865,1863,308],"class_list":["post-1160733","post","type-post","status-publish","format-standard","has-post-thumbnail","category-etats-unis","tag-actions","tag-actualites","tag-actualites-financieres","tag-assurance-vie","tag-bourse","tag-cac-40","tag-conseils-boursiers","tag-economie","tag-epargne","tag-etats-unis","tag-etats-unis-damerique","tag-fiscalite","tag-immobilier","tag-impots","tag-investissements","tag-le-revenu","tag-marches-financiers","tag-news","tag-patrimoine","tag-pea","tag-placements","tag-portefeuille","tag-retraite","tag-united-states","tag-united-states-of-america","tag-us","tag-usa"],"share_on_mastodon":{"url":"https:\/\/pubeurope.com\/@fr\/117194840416786247","error":""},"_links":{"self":[{"href":"https:\/\/www.europesays.com\/fr\/wp-json\/wp\/v2\/posts\/1160733","targetHints":{"allow":["GET"]}}],"collection":[{"href":"https:\/\/www.europesays.com\/fr\/wp-json\/wp\/v2\/posts"}],"about":[{"href":"https:\/\/www.europesays.com\/fr\/wp-json\/wp\/v2\/types\/post"}],"author":[{"embeddable":true,"href":"https:\/\/www.europesays.com\/fr\/wp-json\/wp\/v2\/users\/2"}],"replies":[{"embeddable":true,"href":"https:\/\/www.europesays.com\/fr\/wp-json\/wp\/v2\/comments?post=1160733"}],"version-history":[{"count":0,"href":"https:\/\/www.europesays.com\/fr\/wp-json\/wp\/v2\/posts\/1160733\/revisions"}],"wp:featuredmedia":[{"embeddable":true,"href":"https:\/\/www.europesays.com\/fr\/wp-json\/wp\/v2\/media\/1160734"}],"wp:attachment":[{"href":"https:\/\/www.europesays.com\/fr\/wp-json\/wp\/v2\/media?parent=1160733"}],"wp:term":[{"taxonomy":"category","embeddable":true,"href":"https:\/\/www.europesays.com\/fr\/wp-json\/wp\/v2\/categories?post=1160733"},{"taxonomy":"post_tag","embeddable":true,"href":"https:\/\/www.europesays.com\/fr\/wp-json\/wp\/v2\/tags?post=1160733"}],"curies":[{"name":"wp","href":"https:\/\/api.w.org\/{rel}","templated":true}]}}