{"id":116075,"date":"2025-05-21T05:28:11","date_gmt":"2025-05-21T05:28:11","guid":{"rendered":"https:\/\/www.europesays.com\/fr\/116075\/"},"modified":"2025-05-21T05:28:11","modified_gmt":"2025-05-21T05:28:11","slug":"du-vbp-niort-a-lequipe-de-france-lun-des-reves-danatole-chaboissant","status":"publish","type":"post","link":"https:\/\/www.europesays.com\/fr\/116075\/","title":{"rendered":"du VBP Niort \u00e0 l\u2019\u00e9quipe de France, l'\u00a0\u00bbun des r\u00eaves\u00a0\u00bb d\u2019Anatole Chaboissant"},"content":{"rendered":"<p>Il avait connu un stage de pr\u00e9paration en 2023 \u00e0 Montpellier. Cette fois, <a target=\"_self\" href=\"https:\/\/www.lanouvellerepublique.fr\/niort\/msl-anatole-chaboissant-retrouve-niort-pour-se-preparer-avec-le-paris-volley\" rel=\"noopener\">le Niortais Anatole Chaboissant<\/a> va conna\u00eetre la joie de porter le maillot bleu. Une jolie premi\u00e8re pour le volleyeur \u00e2g\u00e9 de 22\u00a0ans.<\/p>\n<p class=\"interview\">Que repr\u00e9sente cette convocation avec l\u2019\u00c9quipe de France\u00a0?<\/p>\n<p>\u00ab\u00a0Beaucoup de choses. C\u2019est ma premi\u00e8re vraie s\u00e9lection avec les A. Je suis tr\u00e8s content. C\u2019\u00e9tait l\u2019un de mes objectifs. Il y a beaucoup de fiert\u00e9 de repr\u00e9senter le pays \u00e0 l\u2019\u00e9tranger.\u00a0\u00bb<\/p>\n<p class=\"interview\">Comment avez-vous appris la nouvelle\u00a0?<\/p>\n<p>\u00ab\u00a0Le manager g\u00e9n\u00e9ral de l\u2019\u00e9quipe de France Pascal Foussard m\u2019a appel\u00e9.\u00a0\u00bb<\/p>\n<p><img alt=\"Anatole Chaboissant et son ami Franco Massimino, c\u00f4toy\u00e9 \u00e0 Nantes.\" loading=\"lazy\" width=\"980\" height=\"573\" decoding=\"async\" data-nimg=\"1\" class=\"img-responsive spinner-show\" style=\"color:transparent;background-size:cover;background-position:50% 50%;background-repeat:no-repeat;background-image:url(&quot;data:image\/svg+xml;charset=utf-8,%3Csvg xmlns=\" http:=\"\" viewbox=\"0 0 980 573\" id=\"b\" color-interpolation-filters=\"sRGB\" stddeviation=\"20\" values=\"1 0 0 0 0 0 1 0 0 0 0 0 1 0 0 0 0 0 100 -1\" result=\"s\" x=\"0\" y=\"0\" operator=\"out\" in=\"s\" in2=\"SourceGraphic\" preserveaspectratio=\"none\" href=\"https:\/\/images.lanouvellerepublique.fr\/image\/upload\/t_88w\/f_auto\/682b5f50eac2e2e3068b45aa.jpg\"   src=\"https:\/\/www.europesays.com\/fr\/wp-content\/uploads\/2025\/05\/682b5f50eac2e2e3068b45aa.jpg\"\/><\/p>\n<p style=\"background-color:#F2F2F2;padding:5px;margin-top:0px;margin-bottom:10px\">Anatole Chaboissant et son ami Franco Massimino, c\u00f4toy\u00e9 \u00e0 Nantes.<br \/> \u00a9 (Photo archives cor. NR-CP, Micka\u00ebl Pichon)<\/p>\n<p class=\"interview\">Vous r\u00e9alisez un r\u00eave d\u2019enfant, non\u00a0?<\/p>\n<p>\u00ab\u00a0C\u2019\u00e9tait un de mes r\u00eaves. Je voulais y aller. Je suis un peu dedans maintenant. L\u2019objectif, \u00e7a va \u00eatre de rester dans ce groupe et de gravir les \u00e9chelons.\u00a0\u00bb<\/p>\n<p class=\"interview\">Devant vous, vous avez deux immenses passeurs dont le Poitevin Antoine Brizard. Ont-ils \u00e9t\u00e9 inspirants dans votre progression\u00a0?<\/p>\n<p>\u00ab\u00a0Bien s\u00fbr, il y a Antoine, Benjamin (Toniutti) et Amir (Tizi-Oualou) aussi (1). Il va falloir que j\u2019apprenne \u00e0 leurs c\u00f4t\u00e9s et que je sois tr\u00e8s observateur. Antoine est tr\u00e8s diff\u00e9rent de moi. Il est tr\u00e8s physique. Cette ann\u00e9e, il \u00e9tait capitaine \u00e0 Piacenza et il m\u2019a donn\u00e9 quelques conseils pour bien mener son \u00e9quipe vers la victoire. Je vais pouvoir \u00e9changer l\u00e0-dessus avec lui et \u00e7a sera forc\u00e9ment inspirant pour la suite.\u00a0\u00bb<\/p>\n<p class=\"interview\">Votre s\u00e9lection met aussi en lumi\u00e8re la qualit\u00e9 de la formation au VBP Niort\u2026<\/p>\n<p>\u00ab\u00a0Jusqu\u2019\u00e0 mes 18\u00a0ans, j\u2019\u00e9tais licenci\u00e9 au club de Niort. C\u2019est gr\u00e2ce aussi \u00e0 tout cet apprentissage que j\u2019en suis l\u00e0 aujourd\u2019hui. Ma s\u0153ur joue au club, mes parents sont toujours pr\u00e9sents. J\u2019ai toujours une tr\u00e8s bonne relation avec le club et j\u2019y passe un peu de temps en temps.\u00a0\u00bb<\/p>\n<p class=\"interview\">Comment vous entretenez-vous avant le stage de pr\u00e9paration \u00e0 Tours qui d\u00e9bute pour vous mercredi 21\u00a0mai\u00a0?<\/p>\n<p>\u00ab\u00a0Je m\u2019entra\u00eene tous les jours avec Paris et j\u2019ai eu des s\u00e9ances avec Villejuif aussi avant.\u00a0\u00bb<\/p>\n<p class=\"interview\">Depuis votre fin de saison avec Paris, vous avez assist\u00e9 \u00e0 beaucoup de rencontres de Poitiers lors des play-offs\u2026<\/p>\n<p>\u00ab\u00a0C\u2019est \u00e0 c\u00f4t\u00e9, je suis en vacances. Je n\u2019ai pas pu jouer les play-offs. C\u2019\u00e9tait l\u2019occasion de revoir ma famille et d\u2019assister \u00e0 des matchs aussi.\u00a0\u00bb \ufeff<\/p>\n<p class=\"interview\">Quel regard portez-vous sur votre saison avec Paris\u00a0?<\/p>\n<p>\u00ab\u00a0Collectivement, la neuvi\u00e8me place est d\u00e9cevante mais nous avons montr\u00e9 de belles choses pendant la saison. Nous avons battu beaucoup d\u2019\u00e9quipes de haut de tableau mais, malheureusement, il nous a manqu\u00e9 de la r\u00e9gularit\u00e9 face \u00e0 nos adversaires directs. C\u2019est un peu dommage. Individuellement, mon d\u00e9but de saison a \u00e9t\u00e9 compliqu\u00e9 mais j\u2019ai mieux jou\u00e9 sur la deuxi\u00e8me phase \u00e0 partir de janvier o\u00f9 nous avons gagn\u00e9 le plus de matchs. Il m\u2019a fallu un peu de temps pour me mettre dedans.\u00a0\u00bb<\/p>\n<p>(1) Quatre passeurs ont \u00e9t\u00e9 retenus pour la Ligue des Nations. La premi\u00e8re \u00e9tape\u00a0&#8211; qui se d\u00e9roule au Canada du 11 au 15\u00a0juin\u00a0&#8211; concernera les deux plus jeunes passeurs avec Tizi-Oualou et Chaboissant. Quatre matchs sont au programme. 11\u00a0juin\u00a0: Argentine\u00a0; 14\u00a0juin\u00a0: Italie et Canada\u00a0; 15\u00a0juin\u00a0: Allemagne.<\/p>\n","protected":false},"excerpt":{"rendered":"Il avait connu un stage de pr\u00e9paration en 2023 \u00e0 Montpellier. Cette fois, le Niortais Anatole Chaboissant va&hellip;\n","protected":false},"author":2,"featured_media":116076,"comment_status":"","ping_status":"","sticky":false,"template":"","format":"standard","meta":{"footnotes":""},"categories":[1417],"tags":[1392,2545,1011,27,1655,9915,6752,60,1470,1469],"class_list":{"0":"post-116075","1":"post","2":"type-post","3":"status-publish","4":"format-standard","5":"has-post-thumbnail","7":"category-volley","8":"tag-a-la-une-local","9":"tag-deux-sevres","10":"tag-fr","11":"tag-france","12":"tag-ligue-a","13":"tag-nationaux-volley","14":"tag-niort","15":"tag-sports","16":"tag-volley","17":"tag-volleyball"},"share_on_mastodon":{"url":"https:\/\/pubeurope.com\/@fr\/114544175834537329","error":""},"_links":{"self":[{"href":"https:\/\/www.europesays.com\/fr\/wp-json\/wp\/v2\/posts\/116075","targetHints":{"allow":["GET"]}}],"collection":[{"href":"https:\/\/www.europesays.com\/fr\/wp-json\/wp\/v2\/posts"}],"about":[{"href":"https:\/\/www.europesays.com\/fr\/wp-json\/wp\/v2\/types\/post"}],"author":[{"embeddable":true,"href":"https:\/\/www.europesays.com\/fr\/wp-json\/wp\/v2\/users\/2"}],"replies":[{"embeddable":true,"href":"https:\/\/www.europesays.com\/fr\/wp-json\/wp\/v2\/comments?post=116075"}],"version-history":[{"count":0,"href":"https:\/\/www.europesays.com\/fr\/wp-json\/wp\/v2\/posts\/116075\/revisions"}],"wp:featuredmedia":[{"embeddable":true,"href":"https:\/\/www.europesays.com\/fr\/wp-json\/wp\/v2\/media\/116076"}],"wp:attachment":[{"href":"https:\/\/www.europesays.com\/fr\/wp-json\/wp\/v2\/media?parent=116075"}],"wp:term":[{"taxonomy":"category","embeddable":true,"href":"https:\/\/www.europesays.com\/fr\/wp-json\/wp\/v2\/categories?post=116075"},{"taxonomy":"post_tag","embeddable":true,"href":"https:\/\/www.europesays.com\/fr\/wp-json\/wp\/v2\/tags?post=116075"}],"curies":[{"name":"wp","href":"https:\/\/api.w.org\/{rel}","templated":true}]}}